{"id":804,"date":"2018-06-16T07:09:24","date_gmt":"2018-06-16T05:09:24","guid":{"rendered":"https:\/\/infomesaj.ro\/?p=804"},"modified":"2019-09-14T22:01:48","modified_gmt":"2019-09-14T22:01:48","slug":"ziua-a-opta","status":"publish","type":"post","link":"https:\/\/infomesaj.ro\/index.php\/chad-lamb\/ziua-a-opta\/","title":{"rendered":"ZIUA A OPTA"},"content":{"rendered":"<p><strong><em>\u00a0<\/em><\/strong>Deschide\u0163i cu to\u0163ii la Cartea \u00cenceputului, la Geneza, la \u00cenceputul \u00cenceputului:<\/p>\n<p><strong><em>\u201eBerashit, bara Elohim etha shimaiem etha are\u0163.<\/em><\/strong><\/p>\n<p><strong><em>La \u00eenceput, Dumnezeu a f\u0103cut cerurile \u015fi p\u0103m\u00e2ntul.<\/em><\/strong><\/p>\n<p><strong><em>P\u0103m\u00e2ntul era pustiu \u015fi gol; peste fa\u0163a ad\u00e2ncului de ape era \u00eentuneric, \u015fi Duhul lui Dumnezeu Se mi\u015fca pe deasupra apelor.<\/em><\/strong><\/p>\n<p><strong><em>Dumnezeu a zis: \u201eS\u0103 fie lumin\u0103!\u201d (Ie hi or!). \u015ei a fost lumin\u0103.\u201d<\/em><\/strong><\/p>\n<p><em>\u00a0<\/em>Pe m\u0103sur\u0103 ce am studiat \u00eenv\u0103\u0163\u0103tura despre al \u015faptelea Mileniu sau a \u015faptea Epoc\u0103, am fost c\u0103l\u0103uzit s\u0103 merg dincolo de ziua a \u015faptea, la \u00eenc\u0103 o zi, la <u>ziua a opta<\/u>, pentru c\u0103 este o zi care se reg\u0103se\u015fte \u00een Biblie. Ziua a opta este o zi tainic\u0103.<\/p>\n<p>Noi am avut mai demult o tem\u0103 intitulat\u0103 \u201eTaina zilei a opta\u201d, iar aceasta este a doua lec\u0163ie, \u015fi s-ar putea ca \u00een viitor s\u0103 aducem \u015fi Concluzia cu privire la aceast\u0103 a opta zi.<\/p>\n<p>Ziua a opta cuprinde mult, iar ceea ce avem \u00een ea este frumos \u015fi neobi\u015fnuit.<\/p>\n<p>Nu pot s\u0103 \u00eencep ca la primul mesaj, c\u00e2nd am a\u015fezat o temelie, pentru c\u0103 ne-ar lua prea mult timp, \u00eens\u0103 voi aduce c\u00e2teva aspecte legate de temelie, care ne vor deschide u\u015fa Tainei.<\/p>\n<p>Ziua a opta este cea mai cercetat\u0103 zi din Biblie, este o zi \u00eenvelit\u0103 \u00eentotdeauna \u00een mister, iar Taina ei este legat\u0103 de natura tainic\u0103 a num\u0103rului \u201e<u>opt<\/u>\u201d \u00een Biblie. Ce avem \u00een leg\u0103tur\u0103 cu ziua a opta? Ce avem \u00een leg\u0103tur\u0103 cu cifra opt?<\/p>\n<p>Cifra opt din Biblie este o cifr\u0103 care trece dincolo de ceva. Probabil \u015fti\u0163i c\u0103 \u201e\u015fapte\u201d este num\u0103rul des\u0103v\u00e2r\u015firii, al \u00eencheierii, ceea ce este adev\u0103rat, f\u0103r\u0103 nici un fel de interpretare. \u201e\u015eapte\u201d este num\u0103rul des\u0103v\u00e2r\u015firii, \u015fapte zile \u00een care a fost realizat\u0103 toat\u0103 crea\u0163ia, \u015fapte zile ale s\u0103pt\u0103m\u00e2nii, ziua a \u015faptea este ziua sf\u00e2nt\u0103 a Sabatului.<\/p>\n<p>Ce este a\u015fadar, \u201eopt\u201d? Opt, ziua a opta este ziua care urmeaz\u0103 dup\u0103 ultima zi. \u201e\u015eapte\u201d este sf\u00e2r\u015fitul, dar \u201eopt\u201d este ziua care vine dup\u0103 sf\u00e2r\u015fit, ceea ce nu are nici un sens, ceea ce este o contradic\u0163ie. Este o contradic\u0163ie, un paradox, aceasta f\u0103c\u00e2nd parte din taina zilei a opta.<\/p>\n<p>\u201eOpt\u201d este ziua care vine dup\u0103 sf\u00e2r\u015fit, este cifra a ceea ce este dincolo, este \u00een afara ordinii numerelor.<\/p>\n<p>\u201eOpt\u201d exist\u0103 pe dou\u0103 t\u0103r\u00e2muri:<\/p>\n<p>Noi putem avea numai \u015fapte zile \u00eentr-o s\u0103pt\u0103m\u00e2n\u0103, nu putem avea o a apta zi, de aceea <u>ziua a opta este numit\u0103 ziua \u00eent\u00e2i<\/u>. A\u015fadar, a opta zi este \u015fi ziua \u00eent\u00e2i.<\/p>\n<p>Deci:<\/p>\n<p>&#8211; <u>pe un t\u0103r\u00e2m este ziua a opta<\/u>, iar<\/p>\n<p>&#8211; <u>pe cel\u0103lalt t\u0103r\u00e2m este ziua \u00eent\u00e2i<\/u>.<\/p>\n<p>\u201eOpt\u201d este ziua care \u00eentrerupe ordinea normal\u0103 \u015fi merge dincolo, trece dincolo; nu ar trebui s\u0103 fie acolo \u015fi totu\u015fi este, \u015fi acolo avem \u00eenceputul Tainei.<\/p>\n<p>\u201eOpt\u201d este cifra care conduce la tot ceea ce vine \u015fi este dincolo de ordinea numerelor Bibliei.<\/p>\n<p>Dac\u0103 deschidem Scripturile la Psalmul 90.4, acolo scrie:<\/p>\n<p>\u201e<em>C\u0103ci \u00eenaintea Ta, o mie de ani sunt ca ziua de ieri, care a trecut, \u015fi ca o straj\u0103 din noapte.\u201d<\/em><\/p>\n<p>Aceste cuvinte au fost spuse de Moise \u015fi se potrivesc cu ceea ce a spus Petru:<\/p>\n<p><em>\u201eDar, preaiubi\u0163ilor, s\u0103 nu uita\u0163i un lucru: c\u0103, pentru Domnul, o zi este ca o mie de ani, \u015fi o mie de ani sunt ca o zi.\u201d <\/em>(2Petru 3.8).<\/p>\n<p>Aceasta deschide o tain\u0103 \u00een Planul lui Dumnezeu:<\/p>\n<p>Exist\u0103 \u015fapte zile de crea\u0163ie \u015fi exist\u0103 o Tain\u0103 conform c\u0103reia, o zi este ca o mie de ani, iar atunci c\u00e2nd am vorbit despre Taina celor \u015fapte mii de ani, am v\u0103zut c\u0103 <u>\u00een Planul lui Dumnezeu, fiecare zi a crea\u0163iei corespunde cu o perioad\u0103 de o mie de ani<\/u>. Astfel, p\u00e2n\u0103 acum avem \u015fase mii de ani, fiecare perioad\u0103 av\u00e2nd c\u00e2te o mie de ani \u015fi, nu sunt dogmatic dar, este uimitor c\u0103 se potrivesc perfect. \u00cen ultima zi a crea\u0163iei, chiar \u00eenainte de a \u00eencheia toate lucrurile, Dumnezeu l-a creat pe om. Aceasta s-a \u00eent\u00e2mplat \u00een ziua a \u015fasea, ceea ce \u00eenseamn\u0103 c\u0103 ziua a \u015fasea, epoca sau perioada a \u015fasea este epoca omului. Noi ne uit\u0103m la ea, la aceast\u0103 a \u015fasea epoc\u0103 sau mie de ani, \u00een care tr\u0103im ast\u0103zi, \u015fi probabil suntem chiar la sf\u00e2r\u015fitul ei. \u015ei ce urmeaz\u0103 dup\u0103 ziua a \u015fasea? Este Sabatul, ziua a \u015faptea, ziua sf\u00e2nt\u0103 a Sabatului.<\/p>\n<p>Dar \u00een continuare ce este? Dac\u0103 privim \u00een cartea Apocalipsei, vedem sf\u00e2r\u015fitul epocii omului. Vedem omul care se face asemenea lui Dumnezeu, pe antihrist, iar concluzia este c\u0103 sf\u00e2r\u015fitul tuturor lucrurilor este aici, c\u0103 totul ajunge la \u00eencheiere. \u015ei ce urmeaz\u0103 dup\u0103 aceea?<\/p>\n<p>A\u015fa cum citim \u00een Apocalipsa 20.1-2, <u>urmeaz\u0103 ziua a \u015faptea, Mileniul sau \u00cemp\u0103r\u0103\u0163ia de o mie de ani<\/u>:<\/p>\n<p><em>\u201eApoi am v\u0103zut cobor\u00e2ndu-se din cer un \u00eenger care \u0163inea \u00een m\u00e2n\u0103 cheia Ad\u00e2ncului \u015fi un lan\u0163 mare.<\/em><\/p>\n<p><em>El a pus m\u00e2na pe balaur, pe \u015farpele cel vechi, care este Diavolul \u015fi Satana, \u015fi <u>l-a legat pentru o mie de ani<\/u>.\u201d<\/em><\/p>\n<p>Pentru c\u00e2t timp l-a legat? Pentru o mie de ani. \u201e\u2026<em>o zi este ca o mie de ani, \u015fi o mie de ani sunt ca o zi.\u201d<\/em><\/p>\n<p>A\u015fadar, avem \u015fase zile, \u015fase perioade, \u015fase mii de ani. \u015ei ce se \u00eent\u00e2mpl\u0103 imediat dup\u0103 aceea?<\/p>\n<p>Avem aceast\u0103 mie de ani, aceast\u0103 perioad\u0103 sau aceast\u0103 zi, Sabatul, pe care noi o numim Mileniul. Acesta este timpul \u00een care pe p\u0103m\u00e2nt locuie\u015fte pacea lui Dumnezeu, este epoca Sabatic\u0103. Aceasta ar trebui s\u0103 fie totul, dar dac\u0103 Mileniul este ziua a \u015faptea, ce este cu ziua a opta? Ziua a opta arat\u0103 c\u0103 trebuie s\u0103 fie ceva care se afl\u0103 dincolo de Mileniu. Deci, ce se \u00eent\u00e2mpl\u0103 acolo? Ziua a opta este o nou\u0103 \u201eziua \u00eent\u00e2i\u201d, a\u015fadar, este un nou \u00cenceput care vine dup\u0103 Mileniu, este o nou\u0103 epoc\u0103 ce \u00eencalc\u0103 legile epocilor, este Ve\u015fnicia, este trecerea \u00een Epoca ce se afl\u0103 dincolo de epoci.<\/p>\n<p>Dac\u0103 citi\u0163i Apocalipsa, avem toate aceste lucruri despre om, apoi toate lucrurile referitoare la cifra \u201e\u015fapte\u201d: \u015fapte Tr\u00e2mbi\u0163e, \u015fapte potire, toate aceste lucruri tot c\u00e2te \u015fapte, apoi avem epoca a \u015faptea, a \u015faptea mie de ani, care este Sabatul &#8211; Mileniul, \u015fi apoi ar trebui s\u0103 avem sf\u00e2r\u015fitul, dar \u00een loc de sf\u00e2r\u015fit avem ceva nou; chiar la sf\u00e2r\u015fitul Bibliei avem altceva, iar aceasta este ziua a opta, epoca a opta, care este o Zi tainic\u0103, o Epoc\u0103 tainic\u0103.<\/p>\n<p><u>Apocalipsa 20.11<\/u>:<\/p>\n<p>\u201e<em>Apoi am v\u0103zut un scaun de domnie mare \u015fi alb \u015fi pe Cel ce \u015fedea pe el. P\u0103m\u00e2ntul \u015fi cerul au fugit dinaintea Lui \u015fi nu s-a mai g\u0103sit loc pentru ele.\u201d <\/em><\/p>\n<p>\u00cen Geneza 1.1 scrie: \u201e<em>La \u00eenceput, Dumnezeu a creat cerul \u015fi p\u0103m\u00e2ntul.\u201d<\/em> \u00censeamn\u0103 c\u0103 tot ce a fost creat \u00een Geneza 1.1, ajunge la sf\u00e2r\u015fit \u00een Apocalipsa 20.11; \u00eenseamn\u0103 c\u0103 ceea ce a creat El \u00een prima zi, nu va mai fi pentru c\u0103 este sf\u00e2r\u015fitul.<\/p>\n<p>Aceasta se leag\u0103 de intrarea \u00een taina zilei a opta, cea care vine dup\u0103 sf\u00e2r\u015fit, dup\u0103 \u00eencheierea tuturor epocilor, ar\u0103t\u00e2nd c\u0103 exist\u0103 \u00eenc\u0103 una.<\/p>\n<p>Aminti\u0163i-v\u0103 c\u0103 <u>ziua a opta este \u015fi ziua dint\u00e2i a s\u0103pt\u0103m\u00e2nii<\/u>. Cu alte cuvinte, Epoca a opta este epoca \u00een care \u00eencepe totul din nou, este epoca \u00een care tot ce era r\u0103u va fi trecut.<\/p>\n<p>\u00cen versetul 12 din Apocalipsa 20 citim:<\/p>\n<p>\u201e<em>\u015ei am v\u0103zut pe mor\u0163i, mari \u015fi mici, st\u00e2nd \u00een picioare \u00eenaintea scaunului de domnie. Ni\u015fte c\u0103r\u0163i au fost deschise. \u015ei a fost deschis\u0103 o alt\u0103 carte, care este cartea vie\u0163ii. \u015ei mor\u0163ii au fost judeca\u0163i dup\u0103 faptele lor, dup\u0103 cele ce erau scrise \u00een c\u0103r\u0163ile acelea.\u201d<\/em><\/p>\n<p><u>Ziua a opta este ziua care merge dincolo de sf\u00e2r\u015fit, dincolo de moarte<\/u>.<\/p>\n<p>\u00cen continuare citim: \u201e<em>\u015ei Moartea \u015fi Locuin\u0163a mor\u0163ilor au fost aruncate \u00een iazul de foc. Iazul de foc este moartea a doua.\u201d <\/em>(v. 14).<\/p>\n<p><u>Apocalipsa 21.1<\/u>: \u201e<em>Apoi am v\u0103zut un cer nou \u015fi un p\u0103m\u00e2nt nou; pentru c\u0103 cerul dint\u00e2i \u015fi p\u0103m\u00e2ntul dint\u00e2i pieriser\u0103, \u015fi marea nu mai era.\u201d<\/em><\/p>\n<p><u>Aceasta este ziua a opta<\/u>.<\/p>\n<p>\u00cen ebraic\u0103, cuv\u00e2ntul \u201e<u>\u015fapte<\/u>\u201d este \u201e<u>\u015feiva<\/u>\u201d, iar cuv\u00e2ntul \u201eopt\u201d este \u201e\u015femona\u201d. Este interesant, pentru c\u0103 \u00een ebraic\u0103 \u201e<u>\u015feiva<\/u>\u201d provine din r\u0103d\u0103cina unui cuv\u00e2nt care <u>\u00eenseamn\u0103 \u201e\u00eencheiat, terminat, complet.<\/u>\u201d<\/p>\n<p>\u00cen ebraic\u0103, \u201e<u>opt<\/u>\u201d este \u201e<u>\u015femona<\/u>\u201d \u015fi <u>\u00eenseamn\u0103 \u201edincolo de \u00eencheiere, peste \u015fi dincolo de<\/u>\u201d; chiar \u015fi numele merge \u00eempreun\u0103 cu aceast\u0103 tain\u0103.<\/p>\n<p>Acum a\u015f vrea s\u0103 privesc \u00een Biblie dup\u0103 indicii despre ziua a opta.<\/p>\n<ol>\n<li>&#8211; <u>Unul dintre indicii este<\/u> <u>Jubileul<\/u>. Poate v\u0103 g\u00e2ndi\u0163i c\u0103 Jubileul este \u00een leg\u0103tur\u0103 cu cifra \u015fapte, dar de fapt este legat de opt, deoarece taina zilei a opta este \u00een Jubileu. De ce? Ce este Jubileul? Avem \u015fapte cicluri de \u015fapte ani, iar dup\u0103 aceea ce avem? C\u00e2nd vine Jubileul? Jubileul nu era \u00een al patruzeci \u015fi nou\u0103lea an, care este un multiplu al cifrei \u015fapte, ci este \u00een anul care urmeaz\u0103 dup\u0103 al patruzeci \u015fi nou\u0103lea an. A\u015fadar, aveam de \u015fapte ori \u015fapte s\u0103pt\u0103m\u00e2ni, iar anul urm\u0103tor este de fapt al optulea an. Deci, <u>Jubileul este legat de Taina zilei a opta<\/u>.<\/li>\n<\/ol>\n<p>Ce ne spunea aceasta despre ziua a opta? <u>Ziua a opta este ziua libert\u0103\u0163ii, a Jubileului,<\/u> <u>este ziua \u00een care se \u00eencheie robia vechiului, este ziua c\u00e2nd tot ce a fost pierdut este restituit, c\u00e2nd to\u0163i suntem liberi, c\u00e2nd lacrimile, suferin\u0163a \u015fi durerea sunt \u00eendep\u0103rtate pentru totdeauna<\/u>.<\/p>\n<p>Ziua a opta. Atunci, va fi tot ce trebuie s\u0103 fie.<\/p>\n<ol start=\"2\">\n<li>&#8211; Deschide\u0163i la <u>Ezechiel 40<\/u>, pentru c\u0103 <u>aici avem un alt indiciu despre Taina zilei a opta<\/u>. \u00cen cartea lui Ezechiel avem schi\u0163a Templului din Ierusalim, a Templului care va veni. Nu este vorba de Templul din perioada necazului, ci despre <u>Templul care este r\u00e2nduit de Dumnezeu \u00een Mileniu<\/u>, sau \u00een a \u015faptea Perioad\u0103, \u00een a \u015faptea mie de ani, \u00een Sabat.<\/li>\n<\/ol>\n<p>\u00cen <u>Ezechiel 40.22<\/u>, este ceva tainic \u00een leg\u0103tur\u0103 cu aceasta:<\/p>\n<p>\u201e<em>Ferestrele ei, tinda ei, finicii ei aveau aceea\u015fi m\u0103sur\u0103 ca poarta de r\u0103s\u0103rit; te suiai la ea pe <u>\u015fapte trepte<\/u>, iar tinda ei era \u00een partea din\u0103untru.\u201d<\/em><\/p>\n<p>Dac\u0103 mergem la <u>versetul 26<\/u>, acolo scrie la fel: \u201e<em>La ea te suiai pe o scar\u0103 de <u>\u015fapte trepte<\/u>, iar tinda ei era \u00een partea din\u0103untru; pe st\u00e2lpi era c\u00e2te un finic de fiecare parte.\u201d<\/em><\/p>\n<p>C\u00e2\u0163i pa\u015fi trebuia s\u0103 faci pentru a ajunge \u00een curtea Templului? \u015eapte. Pentru a ajunge \u00een Templul celei de-a \u015faptea perioade, pentru a ajunge \u00een epoca Sabatic\u0103, este nevoie de \u015fapte pa\u015fi<\/p>\n<p>Cum \u015ftim, lumea este \u00eemp\u0103r\u0163it\u0103 tot \u00een \u015fapte perioade: crea\u0163ia a avut loc \u00een \u015fapte zile \u015fi sunt \u015fapte epoci sau perioade de timp, de c\u00e2te o mie de ani. Dar nu este sf\u00e2r\u015fitul, pentru c\u0103 mai este ceva; \u00een acel Templu mai este o Tain\u0103: taina care arat\u0103 cum po\u0163i ajunge din curtea dinafar\u0103 \u00een Curtea din\u0103untru unde este Sf\u00e2nta Sfintelor.<\/p>\n<p>Privi\u0163i <u>versetul 31<\/u>:<\/p>\n<p><em>\u201eM-a dus \u00een curtea din\u0103untru, pe poarta de miaz\u0103zi. A m\u0103surat poarta de miaz\u0103zi \u015fi a g\u0103sit c\u0103 avea aceea\u015fi m\u0103sur\u0103.<\/em><\/p>\n<p><em>Tinda por\u0163ii d\u0103dea \u00een curtea de afar\u0103; pe st\u00e2lpii ei erau finici \u015fi <u>opt trepte<\/u> <u>pentru suit la poart\u0103<\/u>.\u201d<\/em><\/p>\n<p><em>\u201eM-am dus apoi \u00een curtea din\u0103untru, pe intrarea de r\u0103s\u0103rit. A m\u0103surat poarta \u015fi a g\u0103sit c\u0103 avea aceea\u015fi m\u0103sur\u0103.<\/em><\/p>\n<p><em>Tinda ei d\u0103dea \u00een curtea de afar\u0103; de fiecare parte erau finici pe st\u00e2lpi \u015fi <u>opt trepte pentru suit la poart\u0103<\/u>.\u201d <\/em>(v.34).<\/p>\n<p>\u00cen versetul 37 scrie acela\u015fi lucru:<\/p>\n<p><em>\u201eM-a dus la poarta de miaz\u0103noapte. A m\u0103surat-o \u015fi a g\u0103sit aceea\u015fi m\u0103sur\u0103.<\/em><\/p>\n<p><em>Tinda ei d\u0103dea \u00een curtea de afar\u0103; de fiecare parte erau cinci finici pe st\u00e2lpii ei \u015fi <u>opt trepte pentru suit la poart\u0103<\/u>.\u201d<\/em><\/p>\n<p><em>\u00a0<\/em>A\u015fadar, avem acest Templu al Mileniului, al epocii a \u015faptea \u015fi prima dat\u0103 avem <u>\u015fapte trepte<\/u> pentru a ajunge la primul nivel. Apoi, avem <u>opt trepte<\/u> care duc mai ad\u00e2nc, acolo unde va fi Locul Sf\u00e2nt, ceea ce ne spune c\u0103 \u00een Templul zilei a \u015faptea, exist\u0103 ceva care merge Dincolo, mai departe, \u00eentr-o alt\u0103 Epoc\u0103 ce vine dup\u0103 Mileniu.<\/p>\n<p>Deci, primele \u015fapte trepte ne duc la ziua a \u015faptea, dar cele opt ne conduc mai ad\u00e2nc, spre sf\u00e2r\u015fitul Tainei. Cu alte cuvinte, epoca a \u015faptea, Mileniul, este premerg\u0103torul Epocii care va veni dup\u0103 aceea. Chiar \u015fi Templul preumbre\u015fte venirea ei.<\/p>\n<ol start=\"3\">\n<li>&#8211; <u>Taina zilei a opta apare chiar \u015fi \u00een anul ebraic<\/u>, \u00een anul ebraic biblic, sf\u00e2nt. Astfel, anul ebraic \u00eencepe \u00een perioada aceasta \u015fi continu\u0103 timp de \u015fapte luni, p\u00e2n\u0103 \u00een septembrie-octombrie c\u00e2nd ajunge la \u00eencheiere. <u>Anul sf\u00e2nt al lui Dumnezeu<\/u> nu este un an \u00eentreg, ca anul obi\u015fnuit, ci <u>are \u015fapte luni<\/u>, iar luna a \u015faptea este luna sf\u00e2nt\u0103 care cuprinde: S\u0103rb\u0103toarea Tr\u00e2mbi\u0163elor, Yom Kippur sau Ziua Isp\u0103\u015firii, care este cea mai sf\u00e2nt\u0103 zi, \u015fi S\u0103rb\u0103toarea Corturilor, finalul, marea \u00eencheiere a anului. Ce se \u00eent\u00e2mpl\u0103 dup\u0103 aceea? Totul se \u00eencheie \u00een luna a \u015faptea, dar apoi vine luna a opta, care merge mai departe. Aceste luni sunt tainice, nimeni nu \u015ftie nimic despre ele pentru c\u0103 nu exist\u0103 nimic scris despre ele; dar aceasta ne spune un lucru: c\u0103 dup\u0103 sf\u00e2r\u015fit exist\u0103 ceva tainic, ceva ce este dincolo de puterea noastr\u0103 de \u00een\u0163elegere.<\/li>\n<li>&#8211; <u>Taina zilei a opta poate fi reg\u0103sit\u0103 \u015fi \u00een<\/u> <u>nunta ebraic\u0103<\/u>, \u00een timpurile str\u0103vechi, iar Mesia a vorbit despre aceasta. Timp de c\u00e2te zile se s\u0103rb\u0103tore\u015fte nunta mirelui \u015fi a miresei, \u00een casa mirelui? <u>\u015eapte zile<\/u>. \u015eapte zile de s\u0103rb\u0103toare pentru mire \u015fi mireas\u0103. Dar ce se \u00eent\u00e2mpl\u0103 dup\u0103 \u00eencheierea celor \u015fapte zile? <u>Dup\u0103 cele \u015fapte zile, c\u00e2t \u0163ine nunta, vine a opta zi care este \u00eenceputul c\u0103s\u0103toriei<\/u>. <u>A\u015fadar, ziua a opta este \u00eenceputul c\u0103s\u0103toriei<\/u>. Ziua a \u015faptea s\u0103rb\u0103tore\u015fte ceea ce va veni, dar ziua a opta este ziua realit\u0103\u0163ii, este ziua \u00een care mirele \u015fi mireasa intr\u0103 \u00een realitatea, \u00een tr\u0103irea a ceea ce a fost f\u0103g\u0103duit \u00eenainte de nunt\u0103.<\/li>\n<li>&#8211; <u>Taina zilei a opta se reg\u0103se\u015fte \u015fi \u00een s\u0103rb\u0103toarea Hanukka<\/u>. C\u00e2te zile \u0163ine s\u0103rb\u0103toarea Hanukka? <u>Opt zile<\/u>. Ce s-a \u00eent\u00e2mplat? Templul a fost p\u00e2ng\u0103rit timp de \u015fapte zile, dar \u00een ziua a opta Dumnezeu a f\u0103cut s\u0103-I fie \u00eenchinat din nou Lui. Aceasta este Hanukka: re\u00eentoarcerea, \u00eenchinarea din nou.<\/li>\n<\/ol>\n<p>A\u015fadar, ce va fi ziua a opta? Re\u00eentoarcerea Universului la Creatorul s\u0103u, sfin\u0163irea din nou a tuturor lucrurilor, astfel \u00eenc\u00e2t Dumnezeu s\u0103 locuiasc\u0103 \u015fi s\u0103 fie totul \u00een to\u0163i.<\/p>\n<ol start=\"6\">\n<li>&#8211; <u>Mai exist\u0103 ceva ce arat\u0103 spre ziua a opta.<\/u> Cu pu\u0163in timp \u00een urm\u0103, a fost adus aici un bebelu\u015f \u015fi a trebuit s\u0103 fac ceva ce a fost greu \u015fi pentru mam\u0103 \u015fi pentru bebelu\u015f. <u>Este vorba de t\u0103ierea \u00eemprejur<\/u>. B\u0103ie\u0163ii evrei sunt t\u0103ia\u0163i \u00eemprejur la opt zile. Ce ne spune aceasta? Cum se leag\u0103 t\u0103ierea \u00eemprejur cu subiectul nostru? G\u00e2ndi\u0163i-v\u0103 la aceasta. Ce se va \u00eent\u00e2mpla \u00een ziua a opta, \u00een Epoca a opta? <u>Ce este t\u0103ierea \u00eemprejur? \u00cendep\u0103rtarea c\u0103rnii; carnea veche este t\u0103iat\u0103 jos \u015fi \u00eendep\u0103rtat\u0103<\/u>.<\/li>\n<\/ol>\n<p>\u00cen ziua aceea, tot ce este vechi va trece, a\u015fa cum este scris: \u201e<em>Apoi am v\u0103zut un scaun de domnie mare \u015fi alb \u015fi pe Cel ce \u015fedea pe el. P\u0103m\u00e2ntul \u015fi cerul au fugit dinaintea Lui\u2026\u201d <\/em>(Apocalipsa 20.11). Aceasta arat\u0103 c\u0103 vechea crea\u0163ie va fi \u00eendep\u0103rtat\u0103, ca s\u0103 \u00eenceap\u0103 noua crea\u0163ie.<\/p>\n<p>C\u00e2nd ne uit\u0103m la Scripturi, vedem c\u0103 la sf\u00e2r\u015fit se \u00eent\u00e2mpl\u0103 ceva. \u201ePatru\u201d \u00eenseamn\u0103 \u201e\u00eemp\u0103r\u0103\u0163ie, cas\u0103, locuin\u0163\u0103, temelie. Astfel, vedem c\u0103 num\u0103rul patru este \u00eentotdeauna \u00een leg\u0103tur\u0103 cu aceste lucruri: patru col\u0163uri ale Templului; patru col\u0163uri ale casei; patru col\u0163uri ale p\u0103m\u00e2ntului; patru \u00eemp\u0103r\u0103\u0163ii ale omului.<\/p>\n<p>Dac\u0103 \u00eenmul\u0163im num\u0103rul \u201epatru\u201d cu \u201etrei\u201d, care este un num\u0103r al lui Dumnezeu, fiindc\u0103 \u201etrei\u201d ne arat\u0103 natura Sa triunic\u0103, fiind num\u0103rul descoperirii lui Dumnezeu, ob\u0163inem num\u0103rul \u201edoisprezece\u201d care este legat \u00eentotdeauna de \u00cemp\u0103r\u0103\u0163ia lui Dumnezeu. Astfel, avem: doisprezece apostoli, doisprezece semin\u0163ii, iar Noul Ierusalim va avea: dou\u0103sprezece por\u0163i, dou\u0103sprezece temelii, doisprezece semin\u0163ii, doisprezece apostoli ai Mielului, dar mai vedem un num\u0103r: \u201edou\u0103zeci \u015fi patru\u201d. Dou\u0103zeci \u015fi patru de b\u0103tr\u00e2ni. Dou\u0103zeci \u015fi patru este un multiplu de doisprezece \u015fi arat\u0103 spre noua \u00cemp\u0103r\u0103\u0163ie a lui Dumnezeu. \u015ei nu numai at\u00e2t! Dou\u0103zeci \u015fi patru este de trei ori opt, iar dac\u0103 punem aceasta \u00eempreun\u0103, ob\u0163inem:<\/p>\n<p>&#8211; trei, care este num\u0103rul lui Dumnezeu, \u015fi<\/p>\n<p>&#8211; opt care este un nou \u00eenceput, un nou \u00eenceput al lui Dumnezeu, o nou\u0103 zi a lui Dumnezeu, a Dumnezeului celui ve\u015fnic, iar noi putem vedea aceasta numai la sf\u00e2r\u015fitul Bibliei; chiar la sf\u00e2r\u015fit, \u00een Noul Ierusalim vedem num\u0103rul \u201edou\u0103zeci \u015fi patru\u201d.<\/p>\n<p><u>Dac\u0103 lu\u0103m num\u0103rul opt \u015fi \u00eel punem pe orizontal\u0103 ob\u0163inem infinitul, simbolul ve\u015fniciei lui Dumnezeu<\/u>.<\/p>\n<ol start=\"7\">\n<li>&#8211; Acum vom merge la o tain\u0103 despre care majoritatea credincio\u015filor nu \u015ftiu nimic. Evreii \u015ftiu de ea, dar nu \u00eei cunosc \u00een\u0163elesul. Este vorba de una dintre cele mai tainice zile din toate zilele sfinte ale Israelului.<\/li>\n<\/ol>\n<p>Pentru a-i p\u0103trunde \u00een\u0163elesul, haide\u0163i s\u0103 mergem la Ioan 7.37, unde ni se spune c\u0103 Mesia a venit la s\u0103rb\u0103toarea Corturilor:<\/p>\n<p><em>\u201e\u00cen ziua de pe urm\u0103, care era ziua cea mare a praznicului, Isus a stat \u00een picioare \u015fi a strigat: <\/em><em>\u201eDac\u0103<\/em> <em>\u00eenseteaz\u0103 cineva, s\u0103 vin\u0103 la Mine \u015fi s\u0103 bea.\u201d<\/em><\/p>\n<p>\u00cen ce zi a strigat El aceasta? Ni se spune c\u0103 era ultima zi a s\u0103rb\u0103torii Corturilor, iar aceast\u0103 zi era numit\u0103 \u00een ebraic\u0103 \u201e<u>Hoshana Rabbah<\/u>\u201d. \u201eHoshana\u201d sun\u0103 ca \u201eOzana\u201d de unde-i vine \u015fi numele, iar \u201eRabbah\u201d \u00eenseamn\u0103 \u201emare\u201d. Deci era ziua Marelui Ozana, adic\u0103 ultima zi a s\u0103rb\u0103torii Corturilor.<\/p>\n<p>C\u00e2te zile are s\u0103rb\u0103toarea Corturilor? <u>\u015eapte<\/u>, iar ultima zi, care era ziua cea mai mare, era ziua Marelui Ozana. Este interesant faptul c\u0103 s\u0103rb\u0103toarea Corturilor este \u00een leg\u0103tur\u0103 numai cu cifra \u201e\u015fapte\u201d. Astfel<u>, are loc \u00een luna a \u015faptea a anului, \u0163ine \u015fapte zile, iar \u00een ultima zi, \u00een ziua a \u015faptea este ziua cea mare a corturilor<\/u>.<\/p>\n<p>Cu ce are leg\u0103tur\u0103 aceasta? S\u0103rb\u0103toarea Corturilor este s\u0103rb\u0103toarea lui \u201e\u015fapte\u201d \u015fi are loc la sf\u00e2r\u015fit; \u015fi exact a\u015fa cum Mileniul este legat de Sabat, tot a\u015fa s\u0103rb\u0103toarea Corturilor este legat\u0103 de Mileniu: \u00cemp\u0103r\u0103\u0163ia lui Dumnezeu vine pe p\u0103m\u00e2nt, iar atunci Dumnezeu locuie\u015fte cu noi \u015fi noi cu El.<\/p>\n<p>De fapt, Biblia spune c\u0103 \u00een timpul Mileniului, na\u0163iunile p\u0103m\u00e2ntului vor merge la Ierusalim s\u0103 s\u0103rb\u0103toreasc\u0103 s\u0103rb\u0103toarea Corturilor. Biblia spune c\u0103 toate na\u0163iunile o vor s\u0103rb\u0103tori, dar ea este \u00een leg\u0103tur\u0103 doar cu num\u0103rul \u015fapte, cu Mileniul. Atunci, \u00een a \u015faptea epoca sau mie de ani, Dumnezeu va locui cu noi. Astfel, Isaia spune c\u0103 \u00een timpul Mileniului, Dumnezeu \u00ce\u015fi va \u00eentinde cortul asupra Ierusalimului. De aici, putem \u00een\u0163elege c\u0103 Mileniul, a \u015faptea Epoca sau perioad\u0103, este timpul corturilor.<\/p>\n<p>Dup\u0103 cum am spus, s\u0103rb\u0103toarea Corturilor \u0163inea \u015fapte zile, iar ultima zi era ziua Marelui Ozana.<\/p>\n<p>Dumnezeu s\u0103 ne binecuv\u00e2nteze \u015fi s\u0103 ne ajute s\u0103 \u00een\u0163elegem, fiindc\u0103 aici se \u00eent\u00e2mpla ceva interesant.<\/p>\n<p>Rabinii considerau c\u0103 ultima zi din cadrul s\u0103rb\u0103torii Corturilor, adic\u0103 marele Ozana, era legat\u0103 de judecat\u0103. Ciudat! Ei spuneau c\u0103 <u>ultima zi a s\u0103rb\u0103torii Corturilor este ziua \u00een care Dumnezeu va \u0163ine ultima judecat\u0103<\/u>. Dar este \u015fi mai interesant faptul c\u0103 ei spuneau c\u0103 \u015fi <u>Ziua Isp\u0103\u015firii, Yom Kippur, este tot o zi de judecat\u0103<\/u>.<\/p>\n<p>Aceasta \u00eenseamn\u0103 c\u0103 avem dou\u0103 judec\u0103\u0163i:<\/p>\n<p>&#8211; una \u00eenainte de \u00eenceperea s\u0103rb\u0103torii Corturilor;<\/p>\n<p>&#8211; \u015fi a doua la sf\u00e2r\u015fitul s\u0103rb\u0103torii Corturilor.<\/p>\n<p>Acest lucru este interesant pentru c\u0103 dac\u0103 citim \u00een Apocalipsa, putem vedea c\u0103 \u00eenainte de \u00eenceperea Mileniului va fi o judecat\u0103, iar la sf\u00e2r\u015fitul Mileniului ni se vorbe\u015fte de o a doua judecat\u0103. Dou\u0103 judec\u0103\u0163i. Acest lucru se vede foarte clar \u00een Apocalipsa 20:<\/p>\n<p><em>\u201e\u015ei am v\u0103zut ni\u015fte scaune de domnie; <u>\u015fi celor ce au \u015fezut pe ele li s-a dat judecata<\/u>. \u015ei am v\u0103zut sufletele celor ce li se t\u0103iase capul din pricina m\u0103rturiei lui Isus \u015fi din pricina Cuv\u00e2ntului lui Dumnezeu \u015fi ale celor ce nu se \u00eenchinaser\u0103 fiarei \u015fi icoanei ei \u015fi nu primiser\u0103 semnul ei pe frunte \u015fi pe m\u00e2n\u0103. Ei au \u00eenviat \u015fi au \u00eemp\u0103r\u0103\u0163it cu Hristos o mie de ani.<\/em><\/p>\n<p><em>Ceilal\u0163i mor\u0163i n-au \u00eenviat p\u00e2n\u0103 nu s-au sf\u00e2r\u015fit cei o mie de ani.\u201d<\/em> (v. 4-5). Aceasta este prima judecat\u0103; \u015fi vedem c\u0103 ceilal\u0163i mor\u0163i nu au \u00eenviat dec\u00e2t la judecata final\u0103:<\/p>\n<p>\u201e<em>\u015ei am v\u0103zut pe mor\u0163i, mari \u015fi mici, st\u00e2nd \u00een picioare \u00eenaintea scaunului de domnie. Ni\u015fte c\u0103r\u0163i au fost deschise. \u015ei a fost deschis\u0103 o alt\u0103 carte, care este cartea vie\u0163ii. \u015ei mor\u0163ii au fost judeca\u0163i dup\u0103 faptele lor, dup\u0103 cele ce erau scrise \u00een c\u0103r\u0163ile acelea.\u201d <\/em>(v. 12).<\/p>\n<p>Deci, sunt dou\u0103 judec\u0103\u0163i, ca \u00een cazul s\u0103rb\u0103torii Corturilor: una la \u00eenceput \u015fi una la sf\u00e2r\u015fit. Prima se va \u0163ine \u00eenainte de \u00eenceperea Mileniului, iar cea de-a doua, cea final\u0103, va fi la sf\u00e2r\u015fitul Mileniului.<\/p>\n<p>Ultima zi a s\u0103rb\u0103torii Corturilor este legat\u0103 de judecat\u0103, iar la sf\u00e2r\u015fitul Mileniului avem o judecat\u0103. Dar dup\u0103 aceea, dincolo de acea judecat\u0103, mai este ceva.<\/p>\n<p>Pentru aceasta, haide\u0163i s\u0103 mergem \u00een Levitic 23 \u015fi vom ajunge la Taina celei mai sfinte zi a Israelului.<\/p>\n<p><u>Levitic 23.24<\/u>:<\/p>\n<p><em>\u201eVorbe\u015fte copiilor lui Israel \u015fi spune-le: \u201e\u00cen luna a \u015faptea, \u00een cea dint\u00e2i zi a lunii, s\u0103 ave\u0163i o zi de odihn\u0103, vestit\u0103 cu sunet de tr\u00e2mbi\u0163e, \u015fi o adunare sf\u00e2nt\u0103.\u201d<\/em><\/p>\n<p><em>Timp de \u015fapte zile, s\u0103 aduce\u0163i Domnului jertfe mistuite de foc. <u>A opta zi, s\u0103 ave\u0163i o adunare sf\u00e2nt\u0103<\/u>\u2026\u201d <\/em>(v. 36).<\/p>\n<p>Ce se \u00eent\u00e2mpla acolo? Scrie c\u0103 s\u0103rb\u0103toarea Corturilor dura \u015fapte zile, ceea ce este \u00een ordine. Dar \u00een continuare scrie: \u201e\u2026<em><u>A opta zi, s\u0103 ave\u0163i o adunare sf\u00e2nt\u0103<\/u>\u2026\u201d<\/em> Cum de avem ziua a opta? Ziua a opta nu exist\u0103. Cum de se vorbe\u015fte de ziua a opta c\u00e2nd exist\u0103 numai \u015fapte zile? Despre ce ne vorbe\u015fte aceasta?<\/p>\n<p>Dup\u0103 cum am v\u0103zut, s\u0103rb\u0103toarea Corturilor \u0163inea numai \u015fapte zile, ceea ce \u00eenseamn\u0103 c\u0103 <u>a opta zi<\/u> de care scrie aici, nu poate face parte din aceast\u0103 s\u0103rb\u0103toare.<\/p>\n<p>Privi\u0163i ce spune textul biblic aici: \u201e\u2026<em><u>A opta zi, s\u0103 ave\u0163i o adunare sf\u00e2nt\u0103<\/u>\u2026\u201d<\/em><\/p>\n<p>\u00cen ebraic\u0103, cuv\u00e2ntul pentru \u201eadunare\u201d este \u201eatzeret\u201d.<\/p>\n<p>Aceasta este ultima zi din Calendarul sf\u00e2nt al lui Dumnezeu, dar ultima zi sf\u00e2nt\u0103 nu este ziua a \u015faptea, ci este ziua a opta, ziua care vine dup\u0103 sf\u00e2r\u015fit, dup\u0103 sf\u00e2r\u015fitul corturilor, de unde \u00eei vine \u015fi numele.<\/p>\n<p>Ziua a opta era numit\u0103 \u201e\u015femeni atzeret\u201d; \u201e\u015femeni\u201d \u00eenseamn\u0103 \u201eopt\u201d, iar \u201eatzeret\u201d \u00eenseamn\u0103 \u201eadunare\u201d, adic\u0103: \u201eadunarea din ziua a opta\u201d. Ceea ce putem vedea este c\u0103 aceast\u0103 zi este tainic\u0103 \u015fi nu exist\u0103 nici o explica\u0163ie pentru ea.<\/p>\n<p>Un scriitor evreu a scris urm\u0103toarele despre aceast\u0103 zi tainic\u0103:<\/p>\n<p>\u201eSezonul s\u0103rb\u0103torilor este umbrit de o zi tainic\u0103 ce nu are nici o \u00eensemn\u0103tate clar\u0103.\u201d<\/p>\n<p>Ce \u00eenseamn\u0103 ziua a opta? De ce exist\u0103 at\u00e2t de pu\u0163ine informa\u0163ii despre aceast\u0103 zi \u00een Scriptur\u0103?<\/p>\n<p>Un alt scriitor a spus c\u0103 este cel mai enigmatic \u201efestival\u201d din \u00eentregul an. El a numit-o \u201efestival\u201d.<\/p>\n<p>Majoritatea \u00eenv\u0103\u0163\u0103torilor evrei au spus c\u0103 ei nu \u015ftiu de ce a poruncit Dumnezeu s\u0103 se s\u0103rb\u0103toreasc\u0103 ziua a opta, dup\u0103 s\u0103rb\u0103toarea Corturilor. Ei o considerau cea mai tainic\u0103 zi.<\/p>\n<p>Ce este aceast\u0103 a opta zi? Ziua a opta este chiar \u00eencheierea anului biblic evreiesc. G\u00e2ndi\u0163i-v\u0103 la aceasta! Ce ne spune aceasta despre Tain\u0103? Ce se \u00eent\u00e2mpl\u0103 \u00een ziua a opta, care urmeaz\u0103 dup\u0103 \u00eencheierea s\u0103rb\u0103torii Corturilor?<\/p>\n<p>Evreilor li s-a poruncit s\u0103 locuiasc\u0103 timp de \u015fapte zile \u00een corturi. Ce se \u00eent\u00e2mpla \u00een a opta zi? \u00cen a opta zi, ei l\u0103sau corturile \u00een urm\u0103; ziua a opta era ziua \u00een care ei p\u0103r\u0103seau corturile. G\u00e2ndi\u0163i-v\u0103 la aceasta!<\/p>\n<p>Ziua a opta era ziua \u00een care ei p\u0103r\u0103seau corturile \u00een care locuiser\u0103 pentru o vreme. \u00cen\u0163elege\u0163i? Ve\u0163i \u00een\u0163elege imediat, fiindc\u0103 v\u0103 voi duce mai ad\u00e2nc.<\/p>\n<p>Pa\u015ftele, Rusaliile, Tr\u00e2mbi\u0163ele, aveau simboluri care aduceau lumin\u0103 cu privire la importan\u0163a lor, dar ziua a opta este singura despre care nu se spune nimic. Nu avea nici un simbol, nici un sunet, nimic. Este o tain\u0103, <u>nu face parte din lumea aceasta<\/u>. <u>Ziua a opta nu este \u00een leg\u0103tur\u0103 cu lucrurile fire\u015fti, trec\u0103toare, ci este \u00een leg\u0103tur\u0103 cu lucrurile duhovnice\u015fti, ve\u015fnice.<\/u><\/p>\n<p>La sf\u00e2r\u015fitul zilei a \u015faptea a s\u0103rb\u0103torii Corturilor, evreii \u00eencepeau s\u0103-\u015fi desfac\u0103 corturile, locuin\u0163ele vremelnice \u00een care locuiser\u0103 pe perioada s\u0103rb\u0103torii.<\/p>\n<p>Iat\u0103 ce scria un rabin, f\u0103r\u0103 s\u0103 \u00een\u0163eleag\u0103 ce spunea:<\/p>\n<p>\u201e<u>\u00cen ziua a opta, \u00ee\u0163i vei p\u0103r\u0103si cortul \u015fi te vei \u00eentoarce Acas\u0103!<\/u>\u201d<\/p>\n<p>Evreii spuneau c\u0103 ziua a opta era ziua \u00een care \u00ee\u015fi p\u0103r\u0103seau locuin\u0163ele vremelnice pentru a merge acas\u0103, la destina\u0163ia final\u0103, unde vom locui pentru ve\u015fnicie \u00een prezen\u0163a slavei lui Dumnezeu. Ei spuneau acele cuvinte f\u0103r\u0103 s\u0103 realizeze ce spuneau de fapt:<\/p>\n<p>\u201e<u>C\u00e2nd va veni ziua a opta, noi vom p\u0103r\u0103si locuin\u0163ele acestea temporare \u015fi vom merge la destina\u0163ia final\u0103. Aceasta este ziua \u00een care vom ajunge \u00een sf\u00e2r\u015fit Acas\u0103, este ziua plec\u0103rii.<\/u>\u201d<\/p>\n<p>\u00cen unele locuri, evreii nu obi\u015fnuiau doar s\u0103 strice corturile temporare, ci le \u015fi ardeau. Asculta\u0163i ce a mai spus un rabin, pe care voi \u00eel cunoa\u015fte\u0163i ca apostolul Pavel. El a spus \u00een 2Corinteni 5.1:<\/p>\n<p>\u201e<em>\u015etim, \u00een adev\u0103r, c\u0103, dac\u0103 se desface casa p\u0103m\u00e2nteasc\u0103 a cortului nostru trupesc, avem o cl\u0103dire \u00een cer de la Dumnezeu, o cas\u0103 care nu este f\u0103cut\u0103 de m\u00e2n\u0103, ci este ve\u015fnic\u0103.\u201d<\/em><\/p>\n<p>Pavel folose\u015fte tabloul corturilor, tabloul ultimei zile a s\u0103rb\u0103torii, c\u00e2nd corturile erau desf\u0103cute pentru a simboliza sf\u00e2r\u015fitul tuturor lucrurilor,, c\u00e2nd toate tainele lui Dumnezeu sunt \u00eencheiate, c\u00e2nd ceea ce este vremelnic trece \u015fi vine ceea ce este ve\u015fnic.<\/p>\n<p>Dac\u0103 vom merge \u00een Apocalipsa 20.11, vom vedea c\u0103 se potrive\u015fte perfect:<\/p>\n<p>\u201e<em>Apoi am v\u0103zut un scaun de domnie mare \u015fi alb \u015fi pe Cel ce \u015fedea pe el. P\u0103m\u00e2ntul \u015fi cerul au fugit dinaintea Lui \u015fi nu s-a mai g\u0103sit loc pentru ele.\u201d<\/em><\/p>\n<p>Primul cort a fost \u00eendep\u0103rtat; ceea ce este trec\u0103tor a fost \u00eendep\u0103rtat, toat\u0103 durerea \u015fi suferin\u0163a este \u00eendep\u0103rtat\u0103:<\/p>\n<p>\u201e<em>Apoi am v\u0103zut un cer nou \u015fi un p\u0103m\u00e2nt nou; pentru c\u0103 cerul dint\u00e2i \u015fi p\u0103m\u00e2ntul dint\u00e2i pieriser\u0103, \u015fi marea nu mai era.\u201d <\/em>(Apocalipsa 21.1). Astfel, intr\u0103 \u00een scen\u0103 \u201e\u015femeni atzeret.\u201d<\/p>\n<p>C\u00e2nd este \u00eendep\u0103rtat ceea ce este trec\u0103tor, Biblia se \u00eencheie la fel ca anul ebraic; cartea Apocalipsei se \u00eencheie cu acest lucru, dar noi avem doar o lic\u0103rire cu privire la timpul care va veni, cu privire la \u201esemeni \u201eatzeret\u201d, adic\u0103 la ziua a opta. Cuv\u00e2ntul \u201eatzeret\u201d provine de la r\u0103d\u0103cina unui cuv\u00e2nt care \u00eenseamn\u0103 \u201ea \u00eenchide, a recupera, a finaliza, a men\u0163ine\u201d.<\/p>\n<p>C\u00e2nd vom intra \u00een acea zi, \u00een ve\u015fnicie, Dumnezeu va \u00eencheia vechiul capitol \u015fi va re\u0163ine, pentru totdeauna, tot ceea ce a fost bun din aceast\u0103 lume, pentru veci de veci.<\/p>\n<p>&#8211; Ziua a opta este dincolo de spa\u0163iu \u015fi timp, este \u00eenceputul unui T\u0103r\u00e2m nou, a unei Lumi noi.<\/p>\n<p>&#8211; \u00cen ziua a opta, evreii se roag\u0103, spun o rug\u0103ciune \u00een care cer ploaie pentru anul urm\u0103tor, dar \u00een acea rug\u0103ciune, ei spun un lucru ciudat:<\/p>\n<p>\u201eDoamne, Tu e\u015fti Dumnezeul care \u00eenvie mor\u0163ii de la moarte la via\u0163\u0103.\u201d Este uimitor, pentru c\u0103 ziua a opta este ziua \u00een care are loc \u00eenvierea final\u0103, a\u015fa cum scrie \u00een Apocalipsa 20.12:<\/p>\n<p>\u201e<em>\u015ei am v\u0103zut pe mor\u0163i, mari \u015fi mici, st\u00e2nd \u00een picioare \u00eenaintea scaunului de domnie. Ni\u015fte c\u0103r\u0163i au fost deschise. \u015ei a fost deschis\u0103 o alt\u0103 carte, care este cartea vie\u0163ii. \u015ei mor\u0163ii au fost judeca\u0163i dup\u0103 faptele lor, dup\u0103 cele ce erau scrise \u00een c\u0103r\u0163ile acelea.\u201d<\/em><\/p>\n<p>Este interesant, pentru c\u0103 Mesia a spus: \u201e\u2026<em>Eu \u00eel voi \u00eenvia \u00een ziua de apoi.\u201d<\/em> (Ioan 6.40).<\/p>\n<p>&#8211; Ce mai \u015ftim despre ziua a opta? Ce este ea? <u>Ziua a opta este \u015fi ziua \u00eent\u00e2i<\/u>, este prima zi.<\/p>\n<p>Ioan a v\u0103zut <em>\u201eun cer nou \u015fi un p\u0103m\u00e2nt nou<\/em>\u201d; totul \u00een Univers devine nou, este n\u0103scut din nou, a\u015fa cum trebuie s\u0103 ne na\u015ftem \u015fi noi din nou, ca s\u0103 putem intra \u00eentr-o \u00cemp\u0103r\u0103\u0163ie n\u0103scut\u0103 din nou, \u00eentr-un Univers n\u0103scut din nou. La aceasta se rezum\u0103 totul.<\/p>\n<p>Mesia a spus: \u201e\u2026<em>dac\u0103 un om nu se na\u015fte din nou, nu poate vedea \u00cemp\u0103r\u0103\u0163ia lui Dumnezeu.\u201d <\/em>(Ioan 3.3). De ce? Pentru c\u0103 \u00cemp\u0103r\u0103\u0163ia cerului este \u00een leg\u0103tur\u0103 cu ziua a opta. \u00cemp\u0103r\u0103\u0163ia cerului este un nou \u00eenceput.<\/p>\n<p>&#8211; Dar mai este un lucru interesant. Timpul salv\u0103rii noastre a \u00eenceput \u00een ziua a opta. De aceea \u015fi \u00eenvierea a avut loc \u00een ziua \u00eent\u00e2i a s\u0103pt\u0103m\u00e2nii. Care este ziua \u00eent\u00e2i? Ziua a opta. Astfel, El a \u00eenviat din mor\u0163i \u00een ziua a opta, ceea ce \u00eenseamn\u0103 c\u0103 salvarea noastr\u0103 este legat\u0103 de ziua a opta.<\/p>\n<p>&#8211; Faptul c\u0103 ne adun\u0103m duminica, pare a fi un obicei dr\u0103gu\u0163, dar nu este a\u015fa. <u>Duminica este ziua \u00eent\u00e2i \u015fi \u00een acela\u015fi timp, ziua a opta<\/u>. Astfel, de c\u00e2te ori ne adun\u0103m, o facem de fapt \u00een ziua a opta.<\/p>\n<p>&#8211; Ziua \u00eent\u00e2i, ziua a opta, este ziua c\u00e2nd tot ce a fost b\u0103tr\u00e2n, \u00eenvechit, devine din nou t\u00e2n\u0103r. Noi suntem copiii zilei a opta.<\/p>\n<p>Lumea merge de la tinere\u0163e la b\u0103tr\u00e2ne\u0163e, dar noi mergem de la b\u0103tr\u00e2ne\u0163e la tinere\u0163e. Astfel, \u00een 2Corinteni 5.17 scrie: \u201e<em>C\u0103ci, dac\u0103 este cineva \u00een Hristos, este o f\u0103ptur\u0103 nou\u0103. Cele vechi s-au dus, iat\u0103 c\u0103 toate lucrurile s-au f\u0103cut noi.\u201d<\/em><\/p>\n<p>Desigur, noul va veni \u00een ziua aceea, dar el trebuie s\u0103 aib\u0103 loc \u015fi acum \u00een via\u0163a voastr\u0103.<\/p>\n<p>&#8211; Ziua care este dincolo de aceast\u0103 crea\u0163ie, de aceast\u0103 lume, care este nou\u0103 pentru ve\u015fnicie, este al doilea \u00eenceput, iar noi suntem copiii noului \u00eenceput, a celei de-a opta zi, a noii Vie\u0163i care vine c\u00e2nd se termin\u0103 vechea via\u0163\u0103. Un nou \u00eenceput.<\/p>\n<p>&#8211; La primul \u00eenceput, Dumnezeu a spus: \u201e<em>S\u0103 fie lumin\u0103!\u201d<\/em> Atunci, El a creat cerurile \u015fi p\u0103m\u00e2ntul din nimic, pentru c\u0103 nu exista nimic. Dar a doua oar\u0103, nu va fi din nimic, ci El va r\u0103scump\u0103ra vechiul \u015fi \u00eel va face nou.<\/p>\n<p>A\u015fadar, aceasta este ceea ce face El, <u>aceasta este Taina \u201e\u015femeni atzeret\u201d: crea\u0163ia nou\u0103 este n\u0103scut\u0103 din crea\u0163ia veche<\/u>.<\/p>\n<p>&#8211; \u00cen leg\u0103tur\u0103 cu ziua aceasta tainic\u0103 a fost o mare controvers\u0103. Astfel, unii rabini au spus c\u0103 ziua a opta face parte din s\u0103rb\u0103toarea Corturilor, \u00een timp ce al\u0163ii au spus c\u0103 este o alt\u0103 s\u0103rb\u0103toare. Noi nu \u015ftim ce este, dar este o S\u0103rb\u0103toare separat\u0103.<\/p>\n<p>A\u015fadar, \u00eentr-un fel, noua crea\u0163ie este legat\u0103 de cea veche pentru c\u0103 este r\u0103scump\u0103rat\u0103 din ea, iar ceea ce faci pe p\u0103m\u00e2nt va fi luat \u00een considerare sus, dar \u00een acela\u015fi timp este \u00een \u00eentregime nou\u0103.<\/p>\n<p>&#8211; Este interesant c\u0103 la sf\u00e2r\u015fitul anului ebraic, c\u00e2nd rabinii vorbeau despre ziua a opta \u015fi taina ei, o asem\u0103nau cu mirele \u015fi mireasa care merg \u00eempreun\u0103 la nunta lor, l\u0103s\u00e2nd totul \u00eenapoi \u015fi fiind numai ei doi. Despre aceasta este vorba!<\/p>\n<p>Perioada a opta, Epoca a opta, este \u00een leg\u0103tur\u0103 cu p\u0103r\u0103sirea de c\u0103tre Mireas\u0103 a vechii ei case \u015fi intrarea \u00een casa nou\u0103 a Mirelui, \u00een casa pe care El a preg\u0103tit-o pentru ea: \u201e\u2026<em>Eu M\u0103 duc s\u0103 v\u0103 preg\u0103tesc un loc.\u201d <\/em>(Ioan 14.2).<\/p>\n<p>El a venit mai \u00eent\u00e2i la ea, i-a vizitat casa, a vizitat-o pe ea, a intrat \u00een lumea ei, iar \u00een ziua a opta vine \u015fi o ia Acas\u0103, \u00een noua crea\u0163ie, iar c\u00e2nd se va \u00eent\u00e2mpla aceasta, tot ce este vechi va trece.<\/p>\n<p>&#8211; Ce se mai \u00eent\u00e2mpl\u0103? Ce putem vedea dac\u0103 citim despre schimbarea care va avea loc la sf\u00e2r\u015fitul Bibliei? Acolo scrie c\u0103 au fost deschise c\u0103r\u0163ile. Este un lucru uimitor pentru c\u0103 \u00een aceea\u015fi zi numit\u0103 \u201e\u015femeni atzeret\u201d, ziua a opta, \u00een Israel, vechile pergamente, Tora, erau \u00eenf\u0103\u015furate ar\u0103t\u00e2nd c\u0103 totul era \u00eencheiat. Vechiul era \u00eenf\u0103\u015furat \u015fi pus deoparte. Este interesant pentru c\u0103 dup\u0103 aceea, evreii deschideau un pergament nou, un sul nou.<\/p>\n<p>&#8211; Un alt lucru interesant este c\u0103 \u00een a opta zi, ei deschideau c\u0103r\u0163ile \u015fi citeau din Iosua 1, unde scrie c\u0103 \u00een ziua a opta, evreii st\u0103teau la r\u00e2ul Iordan, preg\u0103ti\u0163i s\u0103 intre \u00een \u0163ara f\u0103g\u0103duit\u0103. Ei priveau spre \u0163ara f\u0103g\u0103duit\u0103 \u015fi erau preg\u0103ti\u0163i s\u0103 traverseze Iordanul \u015fi s\u0103 intre \u00een ea. Moise a p\u0103r\u0103sit acest t\u0103r\u00e2m, dar a p\u0103\u015fit \u00een fa\u0163\u0103 Iosua, care este o umbr\u0103 a lui Isus.<\/p>\n<p>A\u015fadar, \u00een ziua a opta, noi vom sta la r\u00e2ul Iordan \u015fi vom privi la \u0162ara f\u0103g\u0103duit\u0103 \u00een care vom intra \u00een acea zi.<\/p>\n<p>&#8211; Apoi, evreii mai f\u0103ceau ceva: \u00eenchideau cele vechi, ceea ce arat\u0103 c\u0103 Dumnezeu va \u00eencheia cu vechea crea\u0163ie, \u015fi pe l\u00e2ng\u0103 cartea lui Iosua, deschideau \u00eenc\u0103 un sul. \u015eti\u0163i ce sul mai deschideau? Ei deschideau la Geneza 1.1: \u201e<em>La \u00eenceput, Dumnezeu a f\u0103cut cerurile \u015fi p\u0103m\u00e2ntul,\u201d<\/em> ceea ce arat\u0103 spre faptul c\u0103 Dumnezeu va crea un cer nou \u015fi un p\u0103m\u00e2nt nou. Totul este acolo, \u00een acea zi tainic\u0103. Sulul era desf\u0103\u015furat la \u00eenceput, ar\u0103t\u00e2nd c\u0103 va \u00eencepe ceva nou. Este at\u00e2t de minunat!<\/p>\n<p>S\u0103pt\u0103m\u00e2na trecut\u0103, noi am s\u0103rb\u0103torit \u00eenvierea \u015fi am v\u0103zut c\u0103 toate lucrurile sunt legate \u00eempreun\u0103.<\/p>\n<p>&#8211; Ziua de dup\u0103 Sabat. Ce ne spune aceasta? Ca s\u0103 aduc taina \u00een vie\u0163ile voastre, v-am adus aceste lucruri ad\u00e2nci. Dar acum se ridic\u0103 o \u00eentrebare: Cum se \u00eempline\u015fte aceasta \u00een via\u0163a voastr\u0103? Ce ne spune faptul c\u0103 r\u0103scump\u0103rarea noastr\u0103 are loc cu ocazia \u00eenvierii, \u00een ziua a opta, \u00een prima zi de dup\u0103 Sabat? Dac\u0103 ne \u00eent\u00e2lnim \u00een fiecare s\u0103pt\u0103m\u00e2n\u0103, o facem vinerea, \u00een alt\u0103 zi sau duminica, adic\u0103 \u00een a opta zi.<\/p>\n<p>Ce ne spune aceasta? C\u0103 noi trebuie s\u0103 \u00eencepem s\u0103 tr\u0103im chiar de acum \u00een ziua a opta. Este un semn care ne arat\u0103 c\u0103 noi trebuie s\u0103 \u00eenv\u0103\u0163\u0103m \u00eenc\u0103 de acum, prin Duhul, taina de a tr\u0103i \u00een ziua a opta, iar Cuv\u00e2ntul lui Dumnezeu ne ajut\u0103 \u00een leg\u0103tur\u0103 cu aceasta.<\/p>\n<p>Astfel, \u00een 2 Petru 1.11 scrie:<\/p>\n<p>\u201e<em>\u00cen adev\u0103r, \u00een chipul acesta vi se va da din bel\u015fug intrare \u00een \u00cemp\u0103r\u0103\u0163ia ve\u015fnic\u0103 a Domnului \u015fi M\u00e2ntuitorului nostru Isus Hristos.\u201d, <\/em>iar \u00een 2Corinteni 4.18 scrie:<\/p>\n<p>\u201e<em>Pentru c\u0103 noi nu ne uit\u0103m la lucrurile care se v\u0103d, ci la cele ce nu se v\u0103d&#8230;\u201d<\/em> Voi sunte\u0163i n\u0103scu\u0163i din nou la o n\u0103dejde vie, prin \u00eenviere, la o mo\u015ftenire care \u00eencepe acum.<\/p>\n<p>Pavel a spus: \u201e<em>Ce spun eu, fra\u0163ilor, este c\u0103 nu pot carnea \u015fi s\u00e2ngele s\u0103 mo\u015fteneasc\u0103 \u00cemp\u0103r\u0103\u0163ia lui Dumnezeu, \u015fi c\u0103 putrezirea nu poate mo\u015fteni neputrezirea.\u201d<\/em> Noi to\u0163i vom fi schimba\u0163i, pentru c\u0103 Duhul \u00eenvierii este chiar acum \u00een noi.<\/p>\n<p>Unde spune Biblia c\u0103 st\u0103m noi? Biblia spune c\u0103 noi st\u0103m chiar acum \u00een locurile cere\u015fti; chiar acum, via\u0163a voastr\u0103 este acolo sus, nu aici, pentru c\u0103 a\u0163i terminat cu vechea voastr\u0103 via\u0163\u0103.<\/p>\n<p>&#8211; Taina de a tr\u0103i deja \u00een ziua a opta. Ce \u00eenseamn\u0103 aceasta? Cum putem face aceasta? Care este taina? Taina este \u00een cifr\u0103. Opt vine dup\u0103 \u015fapte, iar \u015fapte este sf\u00e2r\u015fitul. A\u015fadar, taina de a \u00eencepe s\u0103 tr\u0103im \u00een ziua a opta este taina de a \u00eencepe s\u0103 tr\u0103im dup\u0103 sf\u00e2r\u015fit. Ce \u00eenseamn\u0103 aceasta? S\u0103 tr\u0103im dup\u0103 sf\u00e2r\u015fitul celor vechi. Voi numai atunci pute\u0163i intra: c\u00e2nd termina\u0163i cu cele vechi. S\u0103 termin\u0103m deci cu firea!<\/p>\n<p>La sf\u00e2r\u015fitul acestei crea\u0163ii, c\u00e2nd ve\u0163i ajunge la cap\u0103tul drumului vostru, pute\u0163i intra \u00een ziua a opta; c\u00e2nd ajunge\u0163i la sf\u00e2r\u015fitul vie\u0163ii voastre, pute\u0163i intra \u00een ziua a opta; c\u00e2nd ajunge\u0163i la sf\u00e2r\u015fitul tr\u0103irii voastre \u00een lume, pute\u0163i intra \u00een ziua a opta, dar pute\u0163i tr\u0103i dincolo de aceasta chiar \u015fi acum deci, nu a\u015ftepta\u0163i s\u0103 muri\u0163i pentru a \u00eencepe s\u0103 tr\u0103i\u0163i o via\u0163\u0103 cereasc\u0103! Acum este clipa c\u00e2nd pute\u0163i spune: \u201eAm murit fa\u0163\u0103 de cele vechi, ca s\u0103 pot \u00eencepe s\u0103 tr\u0103iesc acum o via\u0163\u0103 cereasc\u0103!\u201d<\/p>\n<p>&#8211; Ziua a opta este Raiul. Eu am murit fa\u0163\u0103 de cele vechi, am terminat cu ce este trec\u0103tor \u015fi tr\u0103iesc deja \u00een ve\u015fnicie; nu mai sunt legat de fire, \u00eei spun chiar acum, \u201ebun r\u0103mas\u201d, d\u0103r\u00e2m cortul chiar acum \u015fi nu mai tr\u0103iesc dup\u0103 \u00eendemnurile firii, ci \u00een Duhul. Aceasta \u00eenseamn\u0103 c\u0103 nu voi mai fi limitat de carne, de fire. C\u00e2nd tr\u0103im \u00een Duhul, dup\u0103 \u00eendemnurile Duhului, este ve\u015fnicia, este opt, suntem Dincolo.<\/p>\n<p>Dumnezeu vrea s\u0103 \u00eenv\u0103\u0163\u0103m s\u0103 tr\u0103im \u00eenc\u0103 de acum \u015fi s\u0103 umbl\u0103m, \u00een Duhul, pe aleile de aur ale slavei, s\u0103 intr\u0103m pe por\u0163ile de m\u0103rg\u0103ritar \u00een Duhul, s\u0103 tr\u0103im chiar acum \u00een prezen\u0163a Lui. C\u00e2nd tr\u0103im \u00een Duhul, nu mai exist\u0103 \u00eentuneric, ci numai slava \u015fi Lumina lui Dumnezeu, pentru c\u0103 nu mai privim cu ochii ace\u015ftia fire\u015fti, ci tr\u0103im \u00een Duhul.<\/p>\n<p>Aceasta este taina de a tr\u0103i \u00een fiecare zi \u00een noul \u00eenceput; aceasta va fi tr\u0103irea voastr\u0103 pe m\u0103sur\u0103 ce r\u0103stigni\u0163i firea veche: pute\u0163i intra deja \u00een acea Zi, a\u015fa cum spune Isaia:<\/p>\n<p><em>\u201eC\u0103ci iat\u0103, Eu fac ceruri noi \u015fi un p\u0103m\u00e2nt nou; a\u015fa c\u0103 nimeni nu-\u015fi va mai aduce aminte de lucrurile trecute \u015fi nim\u0103nui nu-i vor mai veni \u00een minte. <\/em><\/p>\n<p><em>Ci v\u0103 ve\u0163i bucura \u015fi v\u0103 ve\u0163i veseli pe vecie pentru cele ce voi face. C\u0103ci voi preface Ierusalimul \u00een veselie \u015fi pe poporul lui \u00een bucurie.<\/em><\/p>\n<p><em>Eu \u00censumi M\u0103 voi veseli asupra Ierusalimului \u015fi m\u0103 voi bucura de poporul Meu; nu se va mai auzi \u00een el de acum nici glasul pl\u00e2nsetelor, nici glasul \u0163ipetelor.\u201d <\/em>(<u>Isaia 65.17-19<\/u>).<\/p>\n<p>Apoi, \u00een <u>1Corinteni 2.9<\/u>, scrie:<\/p>\n<p>\u201e\u2026<em>Lucruri pe care ochiul nu le-a v\u0103zut, urechea nu le-a auzit \u015fi la inima omului nu s-au suit, a\u015fa sunt lucrurile pe care le-a preg\u0103tit Dumnezeu pentru cei ce-L iubesc.\u201d<\/em><\/p>\n<p>Apocalipsa 21.2-5 spune:<\/p>\n<p>\u201e<em>\u015ei eu am v\u0103zut cobor\u00e2ndu-se din cer, de la Dumnezeu, cetatea sf\u00e2nt\u0103, Noul Ierusalim, g\u0103tit\u0103 ca o mireas\u0103 \u00eempodobit\u0103 pentru b\u0103rbatul ei.<\/em><\/p>\n<p><em>\u015ei am auzit un glas tare, care ie\u015fea din scaunul de domnie \u015fi zicea: \u201eIat\u0103 cortul lui Dumnezeu cu oamenii! El va locui cu ei \u015fi ei vor fi poporul Lui \u015fi Dumnezeu \u00censu\u015fi va fi cu ei. El va fi Dumnezeul lor. <\/em><\/p>\n<p><em>El va \u015fterge orice lacrim\u0103 din ochii lor. \u015ei moartea nu va mai fi. Nu va mai fi nici t\u00e2nguire, nici \u0163ip\u0103t, nici durere, pentru c\u0103 lucrurile dint\u00e2i au trecut.\u201d<\/em><\/p>\n<p><em>Cel ce \u015fedea pe scaunul de domnie a zis: \u201eIat\u0103, Eu fac toate lucrurile noi.\u201d<\/em><\/p>\n<p>Erau dou\u0103sprezece por\u0163i, dou\u0103sprezece m\u0103rg\u0103ritare<\/p>\n<p><em>\u201e\u00cen cetate n-am v\u0103zut niciun Templu, pentru c\u0103 Domnul Dumnezeu, Cel Atotputernic, ca \u015fi Mielul sunt Templul ei.\u201d <\/em>(<u>v. 22<\/u>).<\/p>\n<p><u>Apocalipsa 22.1,4-5<\/u>:<\/p>\n<p><em>\u201e\u015ei mi-a ar\u0103tat un r\u00e2u cu apa vie\u0163ii, limpede ca cristalul, care ie\u015fea din scaunul de domnie al lui Dumnezeu \u015fi al Mielului.<\/em><\/p>\n<p><em>\u2026 Ei vor vedea fa\u0163a Lui \u015fi Numele Lui va fi pe frun\u0163ile lor.<\/em><\/p>\n<p><em>Acolo nu va mai fi noapte. \u015ei nu vor mai avea trebuin\u0163\u0103 nici de lamp\u0103, nici de lumina soarelui, pentru c\u0103 Domnul Dumnezeu \u00eei va lumina. \u015ei vor \u00eemp\u0103r\u0103\u0163i \u00een vecii vecilor.\u201d<\/em><\/p>\n<p>\u00cen ziua aceea se va spune:<\/p>\n<p>\u201e<em>Scoal\u0103-te, lumineaz\u0103-te, c\u0103ci lumina ta vine \u015fi slava Domnului r\u0103sare peste tine!\u201d <\/em>(Isaia 60.1).<\/p>\n<p>\u00cen ziua aceea, <em>\u201evei numi zidurile tale M\u00e2ntuire \u015fi por\u0163ile tale Laud\u0103.<\/em><\/p>\n<p><em>\u2026 Soarele t\u0103u nu va mai asfin\u0163i \u015fi luna ta nu se va mai \u00eentuneca, c\u0103ci Domnul va fi Lumina ta pe vecie \u015fi zilele suferin\u0163ei tale se vor sf\u00e2r\u015fi.\u201d <\/em>(<u>Isaia 60.18,20<\/u>).<\/p>\n<p>Fra\u0163i \u015fi surori, cre\u015fte\u0163i chiar acum \u00een cuno\u015ftin\u0163a Sa, a Celui care este Autorul credin\u0163ei noastre \u015fi Intrarea \u00een acea zi. Dumnezeu ne-a chemat s\u0103 intr\u0103m \u00een Ziua ve\u015fniciei, \u00een Taina celei de-a opta zi. Amin.<\/p>\n<p>Haide\u0163i s\u0103 \u00eenchidem ochii \u015fi s\u0103 pecetluim aceasta.<\/p>\n<p>Doamne, cerem Lumina Ta, cerem ca Duhul T\u0103u s\u0103 ne ating\u0103 pe fiecare dintre noi, Tat\u0103, ca s\u0103 avem puterea s\u0103 p\u0103r\u0103sim cele vechi, s\u0103 intr\u0103m \u00een Noul \u00cenceput, \u00een cele noi. Ajut\u0103-ne s\u0103 p\u0103r\u0103sim trecutul, p\u0103catul, cele vechi, s\u0103 p\u0103r\u0103sim vechea ordine a lucrurilor \u015fi vechea ordine a vie\u0163ii noastre, ca s\u0103 trecem \u00een Ziua eliber\u0103rii, \u00een Ziua noului \u00cenceput, a libert\u0103\u0163ii, \u00een Ziua \u00een care nu vom mai fi lega\u0163i, c\u00e2nd cele vechi vor trece, c\u00e2nd lacrimile vor fi \u015fterse, c\u00e2nd nu va mai fi sf\u00e2r\u015fit, moarte, diminea\u0163\u0103, pl\u00e2nset, \u00een Ziua c\u00e2nd Mirele \u015fi Mireasa Sa vor fi una.<\/p>\n<p>Tat\u0103, Te sl\u0103vim \u015fi \u00ce\u0163i mul\u0163umim pentru Tainele Tale, care sunt dincolo de orice \u00eenchipuire; le primim cu bucurie \u015fi recuno\u015ftin\u0163\u0103, \u015fi \u00ce\u0163i mul\u0163umim, Tat\u0103, pentru tot ce E\u015fti, c\u0103ci Tu e\u015fti Alfa \u015fi Omega, \u00cenceputul \u015fi Sf\u00e2r\u015fitul \u015fi din nou \u00cenceputul, E\u015fti Noul nostru \u00cenceput, E\u015fti Noua noastr\u0103 na\u015ftere, Doamne, \u015fi dorim s\u0103 p\u0103\u015fim \u00een \u00eennoirea vie\u0163ii noastre, \u00een \u00eennoirea acelei Zile.<\/p>\n<p>Doamne, dorin\u0163a noastr\u0103 este s\u0103 tr\u0103im o Via\u0163\u0103 cereasc\u0103, de aceea vom face tot ce ne ceri s\u0103 facem \u015fi vom pune deoparte tot ce este vechi.<\/p>\n<p>Doamne, Te l\u0103ud\u0103m, pentru c\u0103 \u00een Tine suntem o f\u0103ptur\u0103 nou\u0103; cele vechi s-au dus \u015fi iat\u0103 c\u0103 au venit cele noi. Te l\u0103ud\u0103m, \u015fi Te rug\u0103m s\u0103 ne aju\u0163i s\u0103 intr\u0103m \u00een Ziua care este dincolo de zile. Ajut\u0103-ne s\u0103 fim ca marii preo\u0163i \u00een Sf\u00e2nta Sfintelor, s\u0103 fim ca mireasa \u00een camera ei tainic\u0103, s\u0103 \u00eenv\u0103\u0163\u0103m tainele, bucuriile prezen\u0163ei Tale, care merg dincolo de timp. Te l\u0103ud\u0103m \u015fi Te binecuv\u00e2nt\u0103m, Doamne.<\/p>\n<p>Domnul v\u0103 cheam\u0103: \u201eVeni\u0163i!\u201d El v\u0103 cheam\u0103 la o Via\u0163\u0103 nou\u0103, la na\u015fterea din nou pentru c\u0103 f\u0103r\u0103 ea nu ve\u0163i putea vedea cerurile, nu ve\u0163i vedea \u00cemp\u0103r\u0103\u0163ia lui Dumnezeu. Isus a \u00eenviat pentru ca voi s\u0103 v\u0103 na\u015fte\u0163i din nou, pentru ca voi s\u0103 ave\u0163i o Via\u0163\u0103 nou\u0103. Nu rata\u0163i aceast\u0103 \u015fans\u0103! Spune\u0163i chiar acum \u201eDa!\u201d, Domnului, fiindc\u0103 acesta este timpul, acesta este ceasul, acesta este momentul c\u00e2nd pute\u0163i intra \u00een cele cere\u015fti.<\/p>\n<p>El v\u0103 cheam\u0103 a\u015fa cum i-a chemat pe apostoli, \u015fi v\u0103 spune: \u201eVeni\u0163i \u015fi urma\u0163i-M\u0103!\u201d Nu rata\u0163i aceast\u0103 \u015fans\u0103!<\/p>\n<p>Cum v\u0103 pute\u0163i na\u015fte din nou? Biblia spune: \u201e<em>Cine \u00cel prime\u015fte pe El.\u201d<\/em> Spune\u0163i-I deci: \u201eDa!\u201d Spune\u0163i-I c\u0103 \u00cel ve\u0163i urma. \u00cencepe\u0163i chiar acum, cu o rug\u0103ciune. Biblia spune c\u0103 dac\u0103 \u00cel m\u0103rturisi\u0163i pe Isus ca Domn, ve\u0163i fi m\u00e2ntui\u0163i.<\/p>\n<p>Haide\u0163i s\u0103 ne rug\u0103m \u00eempreun\u0103.<\/p>\n<p>Dac\u0103 Domnul nu este Domnul fiec\u0103rei p\u0103r\u0163i a vie\u0163ii voastre, trebuie s\u0103-L face\u0163i. Repeta\u0163i dup\u0103 mine:<\/p>\n<p>\u201eDoamne Dumnezeule, vin la Tine \u015fi \u00eemi deschid inima fiindc\u0103 vreau biruin\u0163a Ta \u00een via\u0163a mea, vreau voia Ta \u00een via\u0163a mea. \u00ce\u0163i mul\u0163umesc c\u0103 ai murit \u015fi ai zdrobit p\u0103catul pentru mine, ca s\u0103 pot fi n\u0103scut din nou. Pun deoparte totul, Te urmez cu toat\u0103 inima mea \u015fi cu tot sufletul meu, \u015fi doresc s\u0103 devin apostolul T\u0103u.<\/p>\n<p>Primesc cur\u0103\u0163irea \u015fi \u00eennoirea Ta, \u015fi \u00ce\u0163i mul\u0163umesc c\u0103 m\u0103 pot numi apostolul T\u0103u \u015fi c\u0103 prin aceast\u0103 rug\u0103ciune pot spune: \u201eSunt salvat, sunt nou \u015fi voi fi cu Tine \u00een veci de veci.\u201d<\/p>\n<p>Te rog s\u0103 fii cu mine \u00een fiecare zi a vie\u0163ii mele. Te laud, Doamne, \u00een Numele care este mai presus de orice nume, \u00een Numele lui Mesia Isus.<\/p>\n","protected":false},"excerpt":{"rendered":"<p>\u00a0Deschide\u0163i cu to\u0163ii la Cartea \u00cenceputului, la Geneza, la \u00cenceputul \u00cenceputului: \u201eBerashit, bara Elohim etha shimaiem etha are\u0163. La \u00eenceput, Dumnezeu a f\u0103cut cerurile \u015fi&hellip;<\/p>\n","protected":false},"author":4,"featured_media":0,"comment_status":"open","ping_status":"open","sticky":false,"template":"","format":"standard","meta":{"footnotes":""},"categories":[7],"tags":[35,15],"class_list":["post-804","post","type-post","status-publish","format-standard","hentry","category-chad-lamb","tag-35","tag-predici-crestine"],"yoast_head":"<!-- This site is optimized with the Yoast SEO Premium plugin v19.4 (Yoast SEO v26.8) - https:\/\/yoast.com\/product\/yoast-seo-premium-wordpress\/ -->\n<title>ZIUA A OPTA - THE FIVEFOLD MINISTRY - SLUJBA INCINCITA<\/title>\n<meta name=\"robots\" content=\"index, follow, max-snippet:-1, max-image-preview:large, max-video-preview:-1\" \/>\n<link rel=\"canonical\" href=\"https:\/\/infomesaj.ro\/index.php\/chad-lamb\/ziua-a-opta\/\" \/>\n<meta property=\"og:locale\" content=\"ro_RO\" \/>\n<meta property=\"og:type\" content=\"article\" \/>\n<meta property=\"og:title\" content=\"ZIUA A OPTA - THE FIVEFOLD MINISTRY - SLUJBA INCINCITA\" \/>\n<meta property=\"og:description\" content=\"\u00a0Deschide\u0163i cu to\u0163ii la Cartea \u00cenceputului, la Geneza, la \u00cenceputul \u00cenceputului: \u201eBerashit, bara Elohim etha shimaiem etha are\u0163. La \u00eenceput, Dumnezeu a f\u0103cut cerurile \u015fi&hellip;\" \/>\n<meta property=\"og:url\" content=\"https:\/\/infomesaj.ro\/index.php\/chad-lamb\/ziua-a-opta\/\" \/>\n<meta property=\"og:site_name\" content=\"THE FIVEFOLD MINISTRY - SLUJBA INCINCITA\" \/>\n<meta property=\"article:published_time\" content=\"2018-06-16T05:09:24+00:00\" \/>\n<meta property=\"article:modified_time\" content=\"2019-09-14T22:01:48+00:00\" \/>\n<meta name=\"author\" content=\"CHAD LAMB\" \/>\n<meta name=\"twitter:card\" content=\"summary_large_image\" \/>\n<meta name=\"twitter:label1\" content=\"Scris de\" \/>\n\t<meta name=\"twitter:data1\" content=\"CHAD LAMB\" \/>\n\t<meta name=\"twitter:label2\" content=\"Timp estimat pentru citire\" \/>\n\t<meta name=\"twitter:data2\" content=\"40 de minute\" \/>\n<script type=\"application\/ld+json\" class=\"yoast-schema-graph\">{\"@context\":\"https:\/\/schema.org\",\"@graph\":[{\"@type\":\"Article\",\"@id\":\"https:\/\/infomesaj.ro\/index.php\/chad-lamb\/ziua-a-opta\/#article\",\"isPartOf\":{\"@id\":\"https:\/\/infomesaj.ro\/index.php\/chad-lamb\/ziua-a-opta\/\"},\"author\":{\"name\":\"CHAD LAMB\",\"@id\":\"https:\/\/infomesaj.ro\/#\/schema\/person\/4e144df0ecd0fce6b8f394a14f205fec\"},\"headline\":\"ZIUA A OPTA\",\"datePublished\":\"2018-06-16T05:09:24+00:00\",\"dateModified\":\"2019-09-14T22:01:48+00:00\",\"mainEntityOfPage\":{\"@id\":\"https:\/\/infomesaj.ro\/index.php\/chad-lamb\/ziua-a-opta\/\"},\"wordCount\":7922,\"commentCount\":0,\"publisher\":{\"@id\":\"https:\/\/infomesaj.ro\/#organization\"},\"keywords\":[\"2018\",\"predici cre\u0219tine\"],\"articleSection\":[\"CHAD LAMB\"],\"inLanguage\":\"ro-RO\",\"potentialAction\":[{\"@type\":\"CommentAction\",\"name\":\"Comment\",\"target\":[\"https:\/\/infomesaj.ro\/index.php\/chad-lamb\/ziua-a-opta\/#respond\"]}]},{\"@type\":\"WebPage\",\"@id\":\"https:\/\/infomesaj.ro\/index.php\/chad-lamb\/ziua-a-opta\/\",\"url\":\"https:\/\/infomesaj.ro\/index.php\/chad-lamb\/ziua-a-opta\/\",\"name\":\"ZIUA A OPTA - THE FIVEFOLD MINISTRY - SLUJBA INCINCITA\",\"isPartOf\":{\"@id\":\"https:\/\/infomesaj.ro\/#website\"},\"datePublished\":\"2018-06-16T05:09:24+00:00\",\"dateModified\":\"2019-09-14T22:01:48+00:00\",\"breadcrumb\":{\"@id\":\"https:\/\/infomesaj.ro\/index.php\/chad-lamb\/ziua-a-opta\/#breadcrumb\"},\"inLanguage\":\"ro-RO\",\"potentialAction\":[{\"@type\":\"ReadAction\",\"target\":[\"https:\/\/infomesaj.ro\/index.php\/chad-lamb\/ziua-a-opta\/\"]}]},{\"@type\":\"BreadcrumbList\",\"@id\":\"https:\/\/infomesaj.ro\/index.php\/chad-lamb\/ziua-a-opta\/#breadcrumb\",\"itemListElement\":[{\"@type\":\"ListItem\",\"position\":1,\"name\":\"Prima pagin\u0103\",\"item\":\"https:\/\/infomesaj.ro\/\"},{\"@type\":\"ListItem\",\"position\":2,\"name\":\"ZIUA A OPTA\"}]},{\"@type\":\"WebSite\",\"@id\":\"https:\/\/infomesaj.ro\/#website\",\"url\":\"https:\/\/infomesaj.ro\/\",\"name\":\"THE FIVEFOLD MINISTRY - SLUJBA INCINCITA\",\"description\":\"Si El a dat pe unii Apostoli; pe altii, Proroci; pe altii, Evanghelisti; pe altii, Pastori si Invatatori, pentru Desavarsirea Sfintilor, in vederea lucrarii de Slujire, pentru zidirea Trupului Lui Hristos, pana vom ajunge toti la unirea Credintei si a Cunostintei Fiului Lui Dumnezeu; la starea de Om Mare, la inaltimea Staturii Plinatatii Lui Hristos\",\"publisher\":{\"@id\":\"https:\/\/infomesaj.ro\/#organization\"},\"potentialAction\":[{\"@type\":\"SearchAction\",\"target\":{\"@type\":\"EntryPoint\",\"urlTemplate\":\"https:\/\/infomesaj.ro\/?s={search_term_string}\"},\"query-input\":{\"@type\":\"PropertyValueSpecification\",\"valueRequired\":true,\"valueName\":\"search_term_string\"}}],\"inLanguage\":\"ro-RO\"},{\"@type\":\"Organization\",\"@id\":\"https:\/\/infomesaj.ro\/#organization\",\"name\":\"SLUJBA INCINCITA - THE FIVEFOLD MINISTRY\",\"url\":\"https:\/\/infomesaj.ro\/\",\"logo\":{\"@type\":\"ImageObject\",\"inLanguage\":\"ro-RO\",\"@id\":\"https:\/\/infomesaj.ro\/#\/schema\/logo\/image\/\",\"url\":\"https:\/\/infomesaj.ro\/wp-content\/uploads\/2022\/11\/grau-camp.jpg\",\"contentUrl\":\"https:\/\/infomesaj.ro\/wp-content\/uploads\/2022\/11\/grau-camp.jpg\",\"width\":740,\"height\":444,\"caption\":\"SLUJBA INCINCITA - THE FIVEFOLD MINISTRY\"},\"image\":{\"@id\":\"https:\/\/infomesaj.ro\/#\/schema\/logo\/image\/\"}},{\"@type\":\"Person\",\"@id\":\"https:\/\/infomesaj.ro\/#\/schema\/person\/4e144df0ecd0fce6b8f394a14f205fec\",\"name\":\"CHAD LAMB\",\"image\":{\"@type\":\"ImageObject\",\"inLanguage\":\"ro-RO\",\"@id\":\"https:\/\/infomesaj.ro\/#\/schema\/person\/image\/\",\"url\":\"https:\/\/secure.gravatar.com\/avatar\/754511dcf2e00fe4f807189a38e2576c?s=96&d=mm&r=g\",\"contentUrl\":\"https:\/\/secure.gravatar.com\/avatar\/754511dcf2e00fe4f807189a38e2576c?s=96&d=mm&r=g\",\"caption\":\"CHAD LAMB\"},\"url\":\"https:\/\/infomesaj.ro\/index.php\/author\/chad-lamb\/\"}]}<\/script>\n<!-- \/ Yoast SEO Premium plugin. -->","yoast_head_json":{"title":"ZIUA A OPTA - THE FIVEFOLD MINISTRY - SLUJBA INCINCITA","robots":{"index":"index","follow":"follow","max-snippet":"max-snippet:-1","max-image-preview":"max-image-preview:large","max-video-preview":"max-video-preview:-1"},"canonical":"https:\/\/infomesaj.ro\/index.php\/chad-lamb\/ziua-a-opta\/","og_locale":"ro_RO","og_type":"article","og_title":"ZIUA A OPTA - THE FIVEFOLD MINISTRY - SLUJBA INCINCITA","og_description":"\u00a0Deschide\u0163i cu to\u0163ii la Cartea \u00cenceputului, la Geneza, la \u00cenceputul \u00cenceputului: \u201eBerashit, bara Elohim etha shimaiem etha are\u0163. La \u00eenceput, Dumnezeu a f\u0103cut cerurile \u015fi&hellip;","og_url":"https:\/\/infomesaj.ro\/index.php\/chad-lamb\/ziua-a-opta\/","og_site_name":"THE FIVEFOLD MINISTRY - SLUJBA INCINCITA","article_published_time":"2018-06-16T05:09:24+00:00","article_modified_time":"2019-09-14T22:01:48+00:00","author":"CHAD LAMB","twitter_card":"summary_large_image","twitter_misc":{"Scris de":"CHAD LAMB","Timp estimat pentru citire":"40 de minute"},"schema":{"@context":"https:\/\/schema.org","@graph":[{"@type":"Article","@id":"https:\/\/infomesaj.ro\/index.php\/chad-lamb\/ziua-a-opta\/#article","isPartOf":{"@id":"https:\/\/infomesaj.ro\/index.php\/chad-lamb\/ziua-a-opta\/"},"author":{"name":"CHAD LAMB","@id":"https:\/\/infomesaj.ro\/#\/schema\/person\/4e144df0ecd0fce6b8f394a14f205fec"},"headline":"ZIUA A OPTA","datePublished":"2018-06-16T05:09:24+00:00","dateModified":"2019-09-14T22:01:48+00:00","mainEntityOfPage":{"@id":"https:\/\/infomesaj.ro\/index.php\/chad-lamb\/ziua-a-opta\/"},"wordCount":7922,"commentCount":0,"publisher":{"@id":"https:\/\/infomesaj.ro\/#organization"},"keywords":["2018","predici cre\u0219tine"],"articleSection":["CHAD LAMB"],"inLanguage":"ro-RO","potentialAction":[{"@type":"CommentAction","name":"Comment","target":["https:\/\/infomesaj.ro\/index.php\/chad-lamb\/ziua-a-opta\/#respond"]}]},{"@type":"WebPage","@id":"https:\/\/infomesaj.ro\/index.php\/chad-lamb\/ziua-a-opta\/","url":"https:\/\/infomesaj.ro\/index.php\/chad-lamb\/ziua-a-opta\/","name":"ZIUA A OPTA - THE FIVEFOLD MINISTRY - SLUJBA INCINCITA","isPartOf":{"@id":"https:\/\/infomesaj.ro\/#website"},"datePublished":"2018-06-16T05:09:24+00:00","dateModified":"2019-09-14T22:01:48+00:00","breadcrumb":{"@id":"https:\/\/infomesaj.ro\/index.php\/chad-lamb\/ziua-a-opta\/#breadcrumb"},"inLanguage":"ro-RO","potentialAction":[{"@type":"ReadAction","target":["https:\/\/infomesaj.ro\/index.php\/chad-lamb\/ziua-a-opta\/"]}]},{"@type":"BreadcrumbList","@id":"https:\/\/infomesaj.ro\/index.php\/chad-lamb\/ziua-a-opta\/#breadcrumb","itemListElement":[{"@type":"ListItem","position":1,"name":"Prima pagin\u0103","item":"https:\/\/infomesaj.ro\/"},{"@type":"ListItem","position":2,"name":"ZIUA A OPTA"}]},{"@type":"WebSite","@id":"https:\/\/infomesaj.ro\/#website","url":"https:\/\/infomesaj.ro\/","name":"THE FIVEFOLD MINISTRY - SLUJBA INCINCITA","description":"Si El a dat pe unii Apostoli; pe altii, Proroci; pe altii, Evanghelisti; pe altii, Pastori si Invatatori, pentru Desavarsirea Sfintilor, in vederea lucrarii de Slujire, pentru zidirea Trupului Lui Hristos, pana vom ajunge toti la unirea Credintei si a Cunostintei Fiului Lui Dumnezeu; la starea de Om Mare, la inaltimea Staturii Plinatatii Lui Hristos","publisher":{"@id":"https:\/\/infomesaj.ro\/#organization"},"potentialAction":[{"@type":"SearchAction","target":{"@type":"EntryPoint","urlTemplate":"https:\/\/infomesaj.ro\/?s={search_term_string}"},"query-input":{"@type":"PropertyValueSpecification","valueRequired":true,"valueName":"search_term_string"}}],"inLanguage":"ro-RO"},{"@type":"Organization","@id":"https:\/\/infomesaj.ro\/#organization","name":"SLUJBA INCINCITA - THE FIVEFOLD MINISTRY","url":"https:\/\/infomesaj.ro\/","logo":{"@type":"ImageObject","inLanguage":"ro-RO","@id":"https:\/\/infomesaj.ro\/#\/schema\/logo\/image\/","url":"https:\/\/infomesaj.ro\/wp-content\/uploads\/2022\/11\/grau-camp.jpg","contentUrl":"https:\/\/infomesaj.ro\/wp-content\/uploads\/2022\/11\/grau-camp.jpg","width":740,"height":444,"caption":"SLUJBA INCINCITA - THE FIVEFOLD MINISTRY"},"image":{"@id":"https:\/\/infomesaj.ro\/#\/schema\/logo\/image\/"}},{"@type":"Person","@id":"https:\/\/infomesaj.ro\/#\/schema\/person\/4e144df0ecd0fce6b8f394a14f205fec","name":"CHAD LAMB","image":{"@type":"ImageObject","inLanguage":"ro-RO","@id":"https:\/\/infomesaj.ro\/#\/schema\/person\/image\/","url":"https:\/\/secure.gravatar.com\/avatar\/754511dcf2e00fe4f807189a38e2576c?s=96&d=mm&r=g","contentUrl":"https:\/\/secure.gravatar.com\/avatar\/754511dcf2e00fe4f807189a38e2576c?s=96&d=mm&r=g","caption":"CHAD LAMB"},"url":"https:\/\/infomesaj.ro\/index.php\/author\/chad-lamb\/"}]}},"_links":{"self":[{"href":"https:\/\/infomesaj.ro\/index.php\/wp-json\/wp\/v2\/posts\/804","targetHints":{"allow":["GET"]}}],"collection":[{"href":"https:\/\/infomesaj.ro\/index.php\/wp-json\/wp\/v2\/posts"}],"about":[{"href":"https:\/\/infomesaj.ro\/index.php\/wp-json\/wp\/v2\/types\/post"}],"author":[{"embeddable":true,"href":"https:\/\/infomesaj.ro\/index.php\/wp-json\/wp\/v2\/users\/4"}],"replies":[{"embeddable":true,"href":"https:\/\/infomesaj.ro\/index.php\/wp-json\/wp\/v2\/comments?post=804"}],"version-history":[{"count":4,"href":"https:\/\/infomesaj.ro\/index.php\/wp-json\/wp\/v2\/posts\/804\/revisions"}],"predecessor-version":[{"id":3137,"href":"https:\/\/infomesaj.ro\/index.php\/wp-json\/wp\/v2\/posts\/804\/revisions\/3137"}],"wp:attachment":[{"href":"https:\/\/infomesaj.ro\/index.php\/wp-json\/wp\/v2\/media?parent=804"}],"wp:term":[{"taxonomy":"category","embeddable":true,"href":"https:\/\/infomesaj.ro\/index.php\/wp-json\/wp\/v2\/categories?post=804"},{"taxonomy":"post_tag","embeddable":true,"href":"https:\/\/infomesaj.ro\/index.php\/wp-json\/wp\/v2\/tags?post=804"}],"curies":[{"name":"wp","href":"https:\/\/api.w.org\/{rel}","templated":true}]}}