{"id":7751,"date":"2022-03-03T07:41:29","date_gmt":"2022-03-03T07:41:29","guid":{"rendered":"https:\/\/infomesaj.ro\/?p=7751"},"modified":"2022-03-03T07:41:30","modified_gmt":"2022-03-03T07:41:30","slug":"cartea-celor-sapte-epoci-ale-bisericii-epoca-bisericii-sardes","status":"publish","type":"post","link":"https:\/\/infomesaj.ro\/index.php\/william-branham\/cartea-celor-sapte-epoci-ale-bisericii-epoca-bisericii-sardes\/","title":{"rendered":"CARTEA CELOR \u0218APTE EPOCI ALE BISERICII &#8211; EPOCA BISERICII SARDES"},"content":{"rendered":"\n<p>&nbsp;&nbsp;&nbsp;&nbsp;&nbsp;&nbsp;&nbsp;&nbsp;&nbsp;&nbsp; Apocalipsa 3.1-6:<\/p>\n\n\n\n<p>&nbsp;\u201e<strong><em>\u00cengerului Bisericii din Sardes scrie-i:<\/em><\/strong><\/p>\n\n\n\n<p><strong><em>Iat\u0103 ce zice Cel ce are cele \u0219apte Duhuri ale lui Dumnezeu \u015fi cele \u0219apte stele:<\/em><\/strong><\/p>\n\n\n\n<p><strong><em>\u201e\u015etiu faptele tale: c\u0103 \u00ee\u0163i merge numele c\u0103 tr\u0103ie\u0219ti, dar e\u0219ti mort.<\/em><\/strong><\/p>\n\n\n\n<p><strong><em>&nbsp;Vegheaz\u0103 \u015fi \u00eent\u0103re\u0219te ce r\u0103m\u00e2ne, care e pe moarte, c\u0103ci n-am g\u0103sit faptele tale des\u0103v\u00e2r\u0219ite \u00eenaintea Dumnezeului Meu.<\/em><\/strong><\/p>\n\n\n\n<p><strong><em>Adu-\u0163i aminte cum ai primit \u015fi auzit! \u021aine \u015fi poc\u0103ie\u0219te-te! Dac\u0103 nu veghezi, voi veni ca un ho\u021b \u015fi nu vei \u0219ti \u00een care ceas voi veni la tine.<\/em><\/strong><\/p>\n\n\n\n<p><strong><em>Totu\u0219i, ai \u00een Sardes c\u00e2teva nume care nu \u015fi-au m\u00e2njit hainele. Ei vor umbla \u00eempreun\u0103 cu Mine, \u00eembr\u0103ca\u021bi \u00een alb, fiindc\u0103 sunt vrednici.<\/em><\/strong><\/p>\n\n\n\n<p><strong><em>Cel ce va birui va fi \u00eembr\u0103cat astfel \u00een haine albe. Nu-i voi \u0219terge nicidecum numele din cartea vie\u021bii \u015fi voi m\u0103rturisi numele lui \u00eenaintea Tat\u0103lui Meu \u015fi \u00eenaintea \u00eengerilor Lui\u201d.<\/em><\/strong><\/p>\n\n\n\n<p><strong><em>Cine are urechi, s\u0103 asculte ce zice Bisericilor Duhul<\/em><\/strong>.\u201d<\/p>\n\n\n\n<p><strong>Ora\u0219ul Sardes<\/strong><\/p>\n\n\n\n<p>Sardes era capitala Lydiei antice. Mai t\u00e2rziu a trecut \u00een m\u00e2inile persanilor, apoi a fost ocupat de Alexandru cel Mare. \u00cen continuare a fost guvernat de Antiochus cel Mare, apoi de regii din Pergam p\u00e2n\u0103 c\u00e2nd a fost ocupat de romani.<\/p>\n\n\n\n<p>\u00cen timpul lui Tiberius, ora\u0219ul a fost pustiit de un puternic cutremur \u0219i pl\u0103gi, iar ast\u0103zi este doar un morman de ruine \u0219i nelocuit. \u00cen timpul acela, ora\u0219ul era un important centru comercial. Plinius spunea c\u0103 arta vopsirii l\u00e2nii a \u00eenceput de aici \u015fi c\u0103 era un centru specializat \u00een vopsirea l\u00e2nii \u015fi \u00een \u021besutul covoarelor. Era de asemenea o regiune bogat\u0103 \u00een aur \u015fi argint \u015fi se spune c\u0103 primele monede de aur \u015fi de argint ar fi fost b\u0103tute tot \u00een Sardes. Tot \u00een Sardes era \u015fi un mare t\u00e2rg de sclavi.<\/p>\n\n\n\n<p>Religia acestui ora\u0219 era \u00eenchinarea necurat\u0103 la zei\u021ba Cybele, masivele ruine ale templului ei put\u00e2nd fi v\u0103zute \u015fi ast\u0103zi. Cred c\u0103 v\u0103 mai aminti\u021bi c\u0103 \u00een epoca bisericii Pergam, am vorbit despre concep\u021bia babilonean\u0103 despre \u201emam\u0103 \u015fi fiu\u201d, cunoscut\u0103 ca Semiramis \u015fi Ninus. \u00cen Sardes, Semiramis a devenit Cybele, iar Ninus era Deoius. \u00censu\u0219irile atribuite acestor dou\u0103 personaje vor aduce o lumin\u0103 puternic\u0103 asupra temei pe care o vom \u00eenv\u0103\u021ba. Astfel:<\/p>\n\n\n\n<p>-el era zeul Soare, iar ea era zei\u021ba Lun\u0103;<\/p>\n\n\n\n<p>-el era domnul cerului, iar ea era regina cerurilor;<\/p>\n\n\n\n<p>-el era descoperitorul bun\u0103t\u0103\u021bii \u015fi al adev\u0103rului, iar ea are o cheie identic\u0103, f\u0103c\u00e2nd acela\u0219i lucru;<\/p>\n\n\n\n<p>-el era mijlocitorul, ea era mijlocitoarea;<\/p>\n\n\n\n<p>-el avea cheile care deschid \u0219i \u00eenchid por\u021bile lumii invizibile, iar avea o cheie \u0219i face acela\u0219i lucru;<\/p>\n\n\n\n<p>-el era judec\u0103torul celor mor\u021bi, iar ea st\u0103tea l\u00e2ng\u0103 el;<\/p>\n\n\n\n<p>-el a fost omor\u00e2t, dar a \u00eenviat \u015fi s-a \u00een\u0103l\u021bat la cer, iar ea a fost luat\u0103 la cer cu trupul, de c\u0103tre fiul ei.<\/p>\n\n\n\n<p>La Roma, acestui zeu i s-a dat titlul de \u201eDomnul nostru\u201d, fiind numit Fiul lui Dumnezeu, \u00een timp ce ea este numit\u0103 \u201emama lui Dumnezeu\u201d. Conceptul acesta despre \u201emam\u0103 \u015fi fiu\u201d l-am g\u0103sit \u015fi \u00een celelalte epoci, el lu\u00e2nd propor\u021bii tot mai mari.<\/p>\n\n\n\n<p>Dac\u0103 v\u0103 aminti\u021bi, \u00een Babilon \u00eenchinarea la fiu a sc\u0103zut tot mai mult \u00een favoarea \u00eenchin\u0103rii la mam\u0103, care cu timpul a luat locul fiului. Acela\u0219i lucru \u00eel putem vedea \u015fi \u00een Sardes unde \u00eenchinarea p\u0103g\u00e2n\u0103 apar\u021binea unei femei, Cybele. Nu, Cybele \u015fi lui Deoius, ci numai Cybele, c\u0103ci mama l-a \u00eenlocuit complet pe fiu, fiindu-i atribuite meritele dumnezeirii.<\/p>\n\n\n\n<p>Astfel, tot ce ar trebui s\u0103 facem noi este s\u0103 trecem peste titlurile ei \u015fi s\u0103 ne amintim cum au ad\u0103ugat biserica roman\u0103 aceste \u00eensu\u0219iri dr\u0103g\u0103la\u0219e Mariei. Atunci vom \u00een\u021belege imediat de unde vine religia epocii Sardes.<\/p>\n\n\n\n<p>C\u00e2nd am studiat \u00eenchinarea la Cybele am fost izbit de dou\u0103 lucruri:<\/p>\n\n\n\n<p>-primul este c\u0103 ea purta cheia la fel ca Ianus, ceea ce-i d\u0103dea autoritate deplin\u0103 asupra cerului, p\u0103m\u00e2ntului \u015fi tainelor;<\/p>\n\n\n\n<p>-al doilea lucru ciudat este faptul c\u0103 \u00eenchin\u0103torii se loveau pe ei \u00een\u0219i\u0219i p\u00e2n\u0103 c\u00e2nd \u00eencepea s\u0103 curg\u0103 s\u00e2nge, lucru care ast\u0103zi poate fi v\u0103zut la catolici. Ei cred c\u0103 \u00een felul acesta ei simt c\u0103 sufer\u0103 ca Domnul.<\/p>\n\n\n\n<p>Principalul eveniment din aceast\u0103 epoc\u0103 este ruptura oficial\u0103 de Roma papal\u0103. Cauza acestei rupturi este proroci\u021ba Izabela care a \u00eencercat s\u0103-\u0219i impun\u0103 \u00eenv\u0103\u021b\u0103tura despre Maria, ceea ce era \u00een contradic\u021bie cu \u00eenv\u0103\u021b\u0103tura protestan\u021bilor, care t\u0103g\u0103duiau cu vehemen\u021b\u0103 orice participare a ei la lucrarea de m\u00e2ntuire. Ei au acceptat doar at\u00e2t c\u00e2t este scris \u00een Cuv\u00e2nt \u015fi anume, c\u0103 Dumnezeu a ales-o pe fecioar\u0103 pentru na\u0219terea Pruncului.<\/p>\n\n\n\n<p>C\u00e2nd s-a ridicat Luther \u015fi a \u00eenv\u0103\u021bat despre \u201eneprih\u0103nirea care se prime\u0219te prin credin\u021ba \u00een Isus Hristos\u201d, biserica catolic\u0103 a continuat s\u0103 \u021bin\u0103 de fapte, peniten\u021be, rug\u0103ciuni \u015fi alte lucruri nebiblice. Mai mult, atunci c\u00e2nd cre\u0219tinii elibera\u021bi din robia Romei, au \u00eenceput s\u0103-L prosl\u0103veasc\u0103 pe Fiul, catolicii au zeificat-o \u015fi mai sus pe Maria, lucru care a culminat cu teza lansat\u0103 de papa Pius al XII-lea care a spus c\u0103 Maria a fost \u00een\u0103l\u021bat\u0103 la cer, \u00eentr-un trup \u00eenviat. Aceasta este \u00eens\u0103 f\u0103r\u0103 nici o \u00eendoial\u0103 \u00eenv\u0103\u021b\u0103tura babilonean\u0103&nbsp; despre fiul care-\u015fi duce mama \u00een trup, \u00een ceruri.<\/p>\n\n\n\n<p>Nu-i de mirare c\u0103 aceast\u0103 a cincea epoc\u0103 merge pe urmele celorlalte, p\u00e2n\u0103 c\u00e2nd curva cea mare \u015fi fiicele ei vor fi nimicite \u00een iazul de foc, \u00een moartea a doua.<\/p>\n\n\n\n<p>Da, ce s-a \u00eent\u00e2mplat \u00een ora\u0219ul Sardes, cu Cybele s-a \u00eent\u00e2mplat \u00een epoca Sardes cu Maria. Dar \u0219tia\u021bi c\u0103 Cybele este de fapt Astarteea la care se \u00eenchina Izabela \u015fi a c\u0103rei proroci\u021b\u0103 era? \u015etia\u021bi c\u0103 ea este aceea care a dus poporul Israel la pr\u0103bu\u0219ire din cauz\u0103 c\u0103 a preluat ritualurile ei destr\u0103b\u0103late? Da, aceasta este ea, a\u0219a este numit\u0103 \u00een Biblie.<\/p>\n\n\n\n<p><strong>Epoca Sardes<\/strong><\/p>\n\n\n\n<p>Aceast\u0103 epoc\u0103 a durat din anul 1520 p\u00e2n\u0103 \u00een anul 1750 \u015fi este cunoscut\u0103 \u015fi sub numele de Epoca Reform\u0103rii.<\/p>\n\n\n\n<p><strong>Trimisul Domnului<\/strong><\/p>\n\n\n\n<p>Trimisul epocii Sardes este cel mai bine cunoscut mesager printre credincio\u0219i. El este <strong><u>Martin Luther<\/u>.<\/strong> Luther era un \u00eenv\u0103\u021bat \u00eenzestrat cu mult\u0103 \u00een\u021belepciune \u015fi cu o fire bl\u00e2nd\u0103. A studiat dreptul, dar o boal\u0103 \u00eendelungat\u0103 \u015fi moartea celui mai bun prieten al s\u0103u, l-au determinat s\u0103 se concentreze mai mult asupra lucrurilor spirituale.<\/p>\n\n\n\n<p>\u00cen anul 1505 a intrat \u00een m\u0103n\u0103stirea Augustinilor, unde a studiat filozofia \u015fi Cuv\u00e2ntul lui Dumnezeu, \u015fi unde a dus o via\u021b\u0103 foarte sever\u0103. Cu toate aceste fapte, el nu a putut \u00eendep\u0103rta dorin\u021ba de p\u0103cat. Aceasta l-a determinat s\u0103 spun\u0103 odat\u0103: \u201eM-am chinuit \u015fi pedepsit singur, p\u00e2n\u0103 aproape de moarte, ca s\u0103 g\u0103sesc pacea cu Dumnezeu, dar cu toate acestea am fost \u00een \u00eentuneric \u015fi nu L-am putut g\u0103si.\u201d Loc\u021biitorul general din ordinul lui Staupitz l-a ajutat s\u0103 \u00een\u021beleag\u0103 c\u0103 m\u00e2ntuirea const\u0103 \u00eentr-o experien\u021b\u0103 personal\u0103 cu Dumnezeu \u015fi c\u0103 nu este rezultatul ritualurilor \u015fi al faptelor noastre.<\/p>\n\n\n\n<p>Cu aceast\u0103 \u00eencurajare, el L-a c\u0103utat mai departe pe Dumnezeu, iar mai t\u00e2rziu a devenit preot. Cu toate acestea, nu era m\u00e2ntuit.<\/p>\n\n\n\n<p>\u00cen continuare, a studiat cu aviditate \u015fi s-a ad\u00e2ncit tot mai mult \u00een cercetarea Cuv\u00e2ntului lui Dumnezeu \u015fi a marilor lucr\u0103ri teologice existente \u00een timpul acela. Datorit\u0103 cuno\u0219tin\u021bei \u015fi sincerit\u0103\u021bii sale era dorit de to\u021bi ca predicator \u015fi profesor.<\/p>\n\n\n\n<p>Pentru \u00eemplinirea unei juruin\u021be pe care \u015fi-o f\u0103cuse singur, s-a dus la Roma, unde a putut s\u0103 vad\u0103 z\u0103d\u0103rnicia lucrurilor impuse de biseric\u0103 pentru primirea m\u00e2ntuirii, deoarece Cuv\u00e2ntul lui Dumnezeu atinsese inima lui cu o fraz\u0103 simpl\u0103: \u201e<em>Cel neprih\u0103nit va tr\u0103i prin credin\u021b\u0103<\/em>.\u201d<\/p>\n\n\n\n<p>La \u00eentoarcerea acas\u0103, adev\u0103rul simplu al Evangheliei i-a umplut inima, eliber\u00e2ndu-l de p\u0103cat, \u0219i a fost n\u0103scut \u00een \u00cemp\u0103r\u0103\u021bia lui Dumnezeu. La pu\u021bin timp dup\u0103 aceasta, a fost numit doctor \u00een divinitate \u0219i \u00eens\u0103rcinat s\u0103-\u0219i dedice via\u021ba pentru studiul, t\u0103lm\u0103cirea \u015fi ap\u0103rarea Sfintelor Scripturi. El a f\u0103cut lucrul acesta cu at\u00e2ta devotament \u015fi succes, \u00eenc\u00e2t inima lui \u015fi a celor din jurul lui au fost ad\u00e2nc \u00eenr\u0103d\u0103cinate pe adev\u0103rul Cuv\u00e2ntului biblic. Aceasta a f\u0103cut ca Cuv\u00e2ntul s\u0103 ajung\u0103 \u00een cur\u00e2nd \u015fi la urechile oficialit\u0103\u021bilor, intr\u00e2nd \u00eentr-un conflict deschis cu abuzurile dogmelor nebiblice ale bisericii catolice.<\/p>\n\n\n\n<p>Astfel, c\u00e2nd a devenit pap\u0103 Leo al X-lea, iar Ioan Te\u0163el a \u00eenceput s\u0103 v\u00e2nd\u0103 indulgen\u021be pentru iertarea p\u0103catelor, Luther nu a avut de ales, a\u015fa c\u0103 s-a ridicat \u015fi a protestat \u00eempotriva acestei \u00eenv\u0103\u021b\u0103turi nebiblice. Mai \u00eent\u00e2i, el a vorbit \u00eempotriva ei de la amvon, apoi a scris faimoasele nou\u0103zeci de teze ale sale, pe care la data de 31 octombrie 1517 le-a prins pe u\u0219a bisericii Castle din Wittenberg.<\/p>\n\n\n\n<p>\u00cen scurt\u0103 vreme, \u00eentreaga Germania era \u00een fl\u0103c\u0103ri, pentru c\u0103 \u00eencepuse reforma. Aici trebuie s\u0103 spunem c\u0103 Luther nu era singurul care s-a ridicat s\u0103 protesteze \u00eempotriva bisericii catolice, ci erau \u00eenc\u0103 mul\u021bi al\u021bii care f\u0103ceau aceasta. Da, \u015fi al\u021bi b\u0103rba\u021bi s-au lep\u0103dat de Papa de la Roma care \u00ee\u015fi asumase puterea peste lucrurile materiale \u015fi spirituale. Trebuie spus c\u0103 au fost \u015fi unii Papi care au \u00eencercat s\u0103 reformeze unele probleme. Mul\u021bi au \u00eencercat s\u0103 fac\u0103 ceva, dar \u00een zilele lui Luther timpul lui Dumnezeu era prielnic pentru o mi\u0219care hot\u0103r\u00e2t\u0103 care urma s\u0103 constituie \u00eenceputul red\u0103rii Adev\u0103rului pentru biseric\u0103 \u015fi preg\u0103tirea pentru rev\u0103rsarea Duhului Sf\u00e2nt care urma s\u0103 aib\u0103 loc pu\u021bin mai t\u00e2rziu.<\/p>\n\n\n\n<p>Desigur, \u015fi Martin Luther era un cre\u0219tin sincer, umplut cu Duhul Sf\u00e2nt. El era cu siguran\u021b\u0103 un om al Cuv\u00e2ntului deoarece nu avea numai dorin\u021ba de a-L studia personal, ci dorea s\u0103 \u00cel fac\u0103 disponibil pentru to\u021bi, ca s\u0103 primeasc\u0103 \u015fi ei Lumin\u0103, astfel \u00eenc\u00e2t s\u0103 poat\u0103 tr\u0103i conform voii lui Dumnezeu. Pentru aceasta a tradus Noul Testament \u015fi l-a dat la oameni. Aceast\u0103 munc\u0103 obositoare, f\u0103cut\u0103 de Luther, este temelia pentru lucrarea din epocile urm\u0103toare deoarece oamenii au putut s\u0103 ia cuno\u0219tin\u021b\u0103 de Cuv\u00e2ntul lui Dumnezeu. El a tradus Noul Testament singur, unele pasaje corect\u00e2ndu-le chiar \u015fi de dou\u0103zeci de ori. El a adunat \u00een jurul s\u0103u un grup de \u00eenv\u0103\u021ba\u021bi evrei, unii dintre ei fiind iudei, \u015fi astfel a tradus \u015fi Vechiul Testament.<\/p>\n\n\n\n<p>Luther era un predicator \u015fi un \u00eenv\u0103\u021b\u0103tor puternic al Cuv\u00e2ntului \u015fi a insistat, mai ales \u00een primii ani, ca Cuv\u00e2ntul Sfintei Scripturi s\u0103 fie singurul etalon. El era \u00eempotriva faptelor ca mijloc de ob\u021binere a m\u00e2ntuirii \u015fi a botezului, ca mijloc de \u00eennoire. Luther \u00eenv\u0103\u021ba cu toat\u0103 convingerea c\u0103 singurul Mijlocitor este Isus Hristos, a\u0219a cum s-a \u00eenv\u0103\u021bat la Rusalii, \u015fi c\u0103 oamenii nu pot face niciodat\u0103 aceasta, oricine ar fi ei. El era omul rug\u0103ciunii. A \u00eenv\u0103\u021bat s\u0103 fac\u0103 aceasta cu c\u00e2t avea mai mult de lucru, ca s\u0103 poat\u0103 ob\u021bine rezultate c\u00e2t mai bune.<\/p>\n\n\n\n<p>El \u0219tia ce \u00eenseamn\u0103 lupta cu diavolul. Astfel, se poveste\u0219te c\u0103 \u00eentr-o zi, Satan i s-a ar\u0103tat vizibil, iar Luther a aruncat cu c\u0103limara cu cerneal\u0103 dup\u0103 el, poruncindu-i s\u0103 plece. Alt\u0103 dat\u0103, au venit la el doi fanatici care i-au cerut s\u0103 li se al\u0103ture pentru a-i \u00eendep\u0103rta pe preo\u021bi \u015fi Biblia, dar Luther i-a alungat deoarece a cunoscut duhul care vorbea prin ei.<\/p>\n\n\n\n<p>\u00cen cartea lui Erich Sauer, vol.3, pag.406, se spune c\u0103 \u201eLuther era un profet, evanghelist, vorbea \u00een limbi \u015fi t\u0103lm\u0103cea, cu un cuv\u00e2nt, c\u0103 era \u00eenzestrat cu toate cele nou\u0103 daruri ale Duhului Sf\u00e2nt.\u201d Adev\u0103rul este c\u0103 inima lui a fost \u00eenviorat\u0103 de Duhul Sf\u00e2nt, deoarece el era frunzuli\u021ba mic\u0103 \u015fi verde care ar\u0103ta c\u0103 Adev\u0103rul a \u00eenceput s\u0103 se \u00eentoarc\u0103 \u00een biseric\u0103, deoarece el predica o parte din Adev\u0103rul de la Rusalii \u015fi anume, c\u0103 neprih\u0103nirea se prime\u0219te prin credin\u021b\u0103, prin har, \u015fi nu prin fapte. P\u0103rerea mea este c\u0103 Luther nu a predicat numai despre neprih\u0103nirea primit\u0103 prin credin\u021b\u0103, ci ea constituia tema major\u0103 a vestirii sale, deoarece aceasta este \u00eenv\u0103\u021b\u0103tura de baz\u0103 a adev\u0103rului Cuv\u00e2ntului.<\/p>\n\n\n\n<p>El va fi cunoscut \u00eentotdeauna ca instrumentul din m\u00e2na lui Dumnezeu prin care a trezit acest Adev\u0103r. Da, el este cel de-al cincilea mesager al lui Dumnezeu, iar mesajul s\u0103u a fost: \u201eCel neprih\u0103nit va tr\u0103i prin credin\u021b\u0103.\u201d Eu sunt de acord c\u0103 el a \u00eenv\u0103\u021bat \u015fi a \u0219tiut c\u0103 to\u021bi trebuie s\u0103 p\u0103\u0219im din credin\u021b\u0103 \u00een credin\u021b\u0103. \u00cen\u021belegerea lui clar\u0103 cu privire la suveranitatea lui Dumnezeu, alegerea mai dinainte \u015fi alte adev\u0103ruri biblice, ne arat\u0103 c\u0103 Luther a fost un mare b\u0103rbat al Cuv\u00e2ntului. Eu repet deci ceea ce au spus istoricii: \u201eDumnezeu l-a folosit pe Luther ca s\u0103-i aduc\u0103 pe oameni la etalonul S\u0103u: Cel neprih\u0103nit va tr\u0103i prin credin\u021b\u0103 \u015fi nu prin faptele personale.\u201d<\/p>\n\n\n\n<p>A\u0219a cum am spus deja, aceast\u0103 epoc\u0103 este numit\u0103 de istorici \u201eEpoca reformei\u201d, ceea ce a \u015fi fost \u00een realitate. Da, acesta este adev\u0103rul, pentru c\u0103 Martin Luther a fost reformator \u015fi nu profet. De\u0219i \u0219tiu ce spune cartea de istorie, c\u0103 Luther era un profet, aceasta nu \u00eenseamn\u0103 c\u0103 acesta este adev\u0103rul, deoarece noi nu posed\u0103m nicio dovad\u0103 care s\u0103 arate c\u0103 el ar fi fost \u00eentr-adev\u0103r un profet \u00een adev\u0103ratul \u00een\u021beles al cuv\u00e2ntului. El a fost un \u00eenv\u0103\u021b\u0103tor minunat, av\u00e2nd \u00een via\u021ba lui unele descoperiri ale Duhului, lucru pentru care \u00cel l\u0103ud\u0103m pe Dumnezeu, dar nu a putut s\u0103 conduc\u0103 biserica \u00eenapoi la Adev\u0103rul complet al Cuv\u00e2ntului, a\u0219a cum a f\u0103cut-o Pavel care a fost profet \u015fi apostol.<\/p>\n\n\n\n<p>Cu timpul, \u00een felul de rezolvare a problemelor \u00een care Luther era implicat, s-a produs o mare schimbare. Astfel, dac\u0103 la \u00eenceput fusese f\u0103r\u0103 fric\u0103, r\u0103bd\u0103tor, a\u0219tept\u00e2nd ajutorul lui Dumnezeu pentru rezolvarea problemelor sale, mai t\u00e2rziu au ap\u0103rut l\u00e2ng\u0103 el tot felul de oameni care aveau alte scopuri \u015fi nu cele duhovnice\u0219ti. Mai degrab\u0103 aveau motiva\u021bii politice. Dorin\u021ba lor era s\u0103 rup\u0103 jugul papal \u015fi nu erau de acord s\u0103 se mai trimit\u0103 bani la Roma. Cur\u00e2nd s-au ridicat tot felul de fanatici, a\u0219a c\u0103 Luther s-a trezit antrenat \u00een probleme politice \u015fi decizii care nu erau de competen\u021ba bisericii, ci ar fi trebuit rezolvate prin rug\u0103ciune, deoarece standardul urmat de un cre\u0219tin trebuie s\u0103 fie purtarea sf\u00e2nt\u0103 \u015fi curat\u0103 \u015fi vestirea Cuv\u00e2ntului.<\/p>\n\n\n\n<p>Problemele politice, r\u0103scoala \u021b\u0103ranilor din 1525, au devenit tot mai mari, astfel \u00eenc\u00e2t Luther a ajuns \u00een dificila postur\u0103 de mijlocitor \u00eentre popor \u015fi domnitor. Deciziile lui au fost adesea gre\u0219ite, una dintre ele duc\u00e2nd la r\u0103scoala \u021b\u0103ranilor, \u00een care au fost omor\u00e2\u021bi mii de oameni. El a vrut binele, dar odat\u0103 ce s-a l\u0103sat \u00eencurcat din nou \u00eentr-o Evanghelie de Stat-Biseric\u0103, a trebuit s\u0103 culeag\u0103 furtun\u0103.<\/p>\n\n\n\n<p>\u00cen ciuda acestor gre\u0219eli, Dumnezeu l-a folosit pe Luther \u00een lucrarea Sa. Putem spune chiar c\u0103 ideile lui nu erau gre\u0219ite, gre\u0219eala ap\u0103r\u00e2nd \u00een felul de aplicare a lor. Dac\u0103 luteranii s-ar \u00eentoarce cu adev\u0103rat la ceea ce a \u00eenv\u0103\u021bat Luther \u015fi L-ar sluji pe Dumnezeu cum a f\u0103cut-o el, oamenii ace\u0219tia ar deveni cu siguran\u021b\u0103 o laud\u0103 pentru marele nostru Dumnezeu \u015fi M\u00e2ntuitor Isus Hristos.<\/p>\n\n\n\n<p><strong>Salutul<\/strong><\/p>\n\n\n\n<p>Apocalipsa 3.1: <em>\u201e<strong>\u00cengerului Bisericii din Sardes scrie-i:<\/strong><\/em><\/p>\n\n\n\n<p><strong><em>Iat\u0103 ce zice Cel ce are cele \u0219apte Duhuri ale lui Dumnezeu \u015fi cele \u0219apte stele<\/em><\/strong>.\u201d<\/p>\n\n\n\n<p>\u015ei de data aceasta, Duhul \u00cel descoper\u0103 pe Domnul nostru iubit \u00een atributele Sale minunate, la fel ca \u00een epocile precedente. Aici, \u00cel vedem \u00een mijlocul bisericii ca fiind Cel ce are cele \u0219apte Duhuri ale lui Dumnezeu \u015fi cele \u0219apte stele. Noi \u0219tim deja cine sunt cele \u0219apte stele \u015fi ce \u00eenseamn\u0103 cele \u0219apte Duhuri, deoarece felul acesta de vorbire \u00eel \u00eent\u00e2lnim de patru ori \u00een cartea Apocalipsei:<\/p>\n\n\n\n<p>Apocalipsa 1.4: <em>\u201eHar \u015fi pace vou\u0103&#8230; din partea celor <u>\u0219apte duhuri<\/u> care stau \u00eenaintea scaunului S\u0103u de domnie.\u201d<\/em><\/p>\n\n\n\n<p>Apocalipsa 3.1: <em>\u201eIat\u0103 ce zice Cel ce are cele <u>\u0219apte Duhuri<\/u> ale lui Dumnezeu \u2026\u201d<\/em><\/p>\n\n\n\n<p>Apocalipsa 4.5: <em>\u201e\u2026\u00cenaintea scaunului de domnie ardeau \u0219apte l\u0103mpi de foc, care sunt cele <u>\u0219apte Duhuri<\/u> ale lui Dumnezeu.\u201d<\/em><\/p>\n\n\n\n<p>Apocalipsa 5.6: <em>\u201eAvea \u0219apte coarne \u015fi \u0219apte ochi, care sunt cele <u>\u0219apte Duhuri<\/u> ale lui Dumnezeu, trimise \u00een tot p\u0103m\u00e2ntul.\u201d<\/em><\/p>\n\n\n\n<p>De la \u00eenceput, noi \u0219tim c\u0103 aceste versete nu \u00eenva\u021b\u0103 o \u00eenv\u0103\u021b\u0103tur\u0103 nou\u0103 \u015fi contrar textului din Ioan 4.24b unde scrie c\u0103 \u201e<em>Dumnezeu este Duh<\/em>\u201d. Aici este exact ceea ce g\u0103sim \u00een 1 Corinteni 12.8-11, unde ni se vorbe\u0219te despre un singur Duh care se descoper\u0103 pe Sine \u00een nou\u0103 feluri:<\/p>\n\n\n\n<p><em>\u201eDe pild\u0103, unuia \u00eei este dat prin Duhul s\u0103 vorbeasc\u0103 despre \u00een\u021belepciune; altuia s\u0103 vorbeasc\u0103 despre cuno\u0219tin\u021b\u0103, datorit\u0103 aceluia\u0219i Duh;<\/em><\/p>\n\n\n\n<p><em>altuia credin\u021ba, prin acela\u0219i Duh; altuia, darul t\u0103m\u0103duirilor prin acela\u0219i Duh;<\/em><\/p>\n\n\n\n<p><em>altuia, puterea s\u0103 fac\u0103 minuni; altuia, prorocia; altuia, deosebirea duhurilor; altuia, felurite limbi; \u015fi altuia, t\u0103lm\u0103cirea limbilor.<\/em><\/p>\n\n\n\n<p><em>Dar toate aceste lucruri le face unul \u015fi acela\u0219i Duh care d\u0103 fiec\u0103ruia \u00een parte cum voie\u0219te.\u201d<\/em><\/p>\n\n\n\n<p>Prin urmare, \u0219tim c\u0103 cele \u0219apte Duhuri ale lui Dumnezeu sunt de fapt acel singur Duh care se descoper\u0103 \u00een \u0219apte feluri.<\/p>\n\n\n\n<p>\u00cen Apocalipsa 4.5 aceste \u0219apte Duhuri sunt numite \u201e<em>l\u0103mpi de foc<\/em>\u201d care ard \u00eenaintea Domnului \u015fi deoarece Ioan a folosit \u00een Apocalipsa numai simboluri din Vechiul Testament, trebuie s\u0103 mergem \u015fi noi \u00een Vechiul Testament ca s\u0103 ajungem la \u00een\u021belegerea acestor simboluri.<\/p>\n\n\n\n<p>\u00cen Proverbe 20.27 vedem c\u0103 <em>\u201esuflarea omului este o lumin\u0103 a Duhului.\u201d<\/em> Aceste \u0219apte Duhuri sunt deci asociate cu oamenii. Astfel, \u00een Ioan 5.35 vedem c\u0103 Ioan Botez\u0103torul este numit <em>\u201elumina care este aprins\u0103 \u015fi lumineaz\u0103\u2026\u201d,<\/em> iar \u00een Apocalipsa 5.6 vedem c\u0103 cele \u0219apte Duhuri sunt identificate cu \u201e\u0219apte ochi\u201d.<\/p>\n\n\n\n<p>\u00cen Zaharia 4.10 citim: <em>\u201eC\u0103ci cine dispre\u021buie\u0219te ziua \u00eenceputurilor slabe? Ace\u0219ti \u0219apte vor privi cu bucurie cump\u0103na din m\u00e2na lui Zorobabel. Ace\u0219ti \u0219apte sunt ochii Domnului care cutreier\u0103 tot p\u0103m\u00e2ntul.\u201d<\/em><\/p>\n\n\n\n<p>Astfel, avem dovada c\u0103 <em>ace\u0219ti \u0219apte ochi<\/em> se refer\u0103 la oameni. Desigur, ace\u0219ti b\u0103rba\u021bi vor fi un\u0219i, plini de Duhul Sf\u00e2nt, deoarece slujbele lui Dumnezeu nu sunt \u00een puterea oamenilor, ci a Duhului Sf\u00e2nt.<\/p>\n\n\n\n<p>Pun\u00e2nd aceste descoperiri din Biblie laolalt\u0103, este evident c\u0103 aceste \u0219apte Duhuri ale lui Dumnezeu, se refer\u0103 la slujba continu\u0103 a acela\u0219i Duh Sf\u00e2nt din via\u021ba a \u0219apte oameni cu care Dumnezeu se identific\u0103 foarte \u00eendeaproape. Ei sunt ochii Lui \u015fi ei sunt l\u0103mpile Lui.<\/p>\n\n\n\n<p>Cine sunt ace\u0219ti oameni putem vedea cu u\u0219urin\u021b\u0103 din Apocalipsa1.20, unde sunt numi\u021bi \u201ecele \u0219apte stele\u201d, care ne sunt deja cunoscute ca cei \u0219apte mesageri pentru cele \u0219apte epoci. Ce minunat! Vede\u021bi, steaua a fost pus\u0103 s\u0103 lumineze noaptea, deoarece soarele s-a dus. Tot astfel, mesagerul (simbolizat prin stea) pentru fiecare epoc\u0103 a bisericii trebuie s\u0103 reflecte Lumina Fiului. Ei to\u021bi au f\u0103cut asta prin Duhul Sf\u00e2nt.<\/p>\n\n\n\n<p>Pavel, care a fost primul mesager al bisericii, a spus \u00een Galateni 1.8: <em>\u201eDar chiar dac\u0103 un \u00eenger din cer, <\/em>(un vicar sau orice ar fi el),<em> ar veni s\u0103 v\u0103 propov\u0103duiasc\u0103 o<\/em> <em>Evanghelie deosebit\u0103 de aceea pe care v-am propov\u0103duit-o noi, s\u0103 fie blestemat.\u201d<\/em> Pavel \u0219tia c\u0103 dup\u0103 plecarea lui vor veni lupi r\u0103pitori. El \u0219tia c\u0103 Satan poate veni ca \u00eenger de lumin\u0103 \u015fi la fel slujitorii s\u0103i, de aceea a avertizat c\u0103 aceast\u0103 Evanghelie va fi \u00eentotdeauna aceea\u0219i. Pavel a botezat \u00een Numele lui Isus Hristos \u015fi i-a rebotezat pe oamenii care nu au fost scufunda\u021bi a\u0219a. El a a\u0219ezat biserica \u00een ordine, a \u00eenv\u0103\u021bat folosirea corect\u0103 a darurilor Duhului \u015fi le-a cerut s\u0103&nbsp; nu p\u0103r\u0103seasc\u0103 biserica p\u00e2n\u0103 vine Isus.<\/p>\n\n\n\n<p>Astfel, ceilal\u021bi \u0219ase mesageri care urmau s\u0103 fie trimi\u0219i pentru epocile urm\u0103toare, vor arde cu acela\u0219i foc al Duhului Sf\u00e2nt, vor reflecta aceea\u0219i Lumin\u0103 a Evangheliei lui Isus Hristos \u015fi vor fi urma\u021bi de acelea\u0219i semne. A f\u0103cut Irineu aceasta? Da. Dar Martin? Desigur. Columba? Da. Dar Luther? Da. Dar Wesley? Sigur c\u0103 da. El a avut o slujb\u0103 puternic\u0103, rug\u00e2ndu-se chiar \u015fi pentru calul s\u0103u care era bolnav \u015fi care s-a vindecat imediat. Acolo sunte\u021bi.<\/p>\n\n\n\n<p>\u015eapte epoci ale bisericii \u015fi \u0219apte mesageri care erau la fel, iar Pavel a pronun\u021bat un blestem pentru to\u021bi aceia care ar \u00eendr\u0103zni s\u0103 se pretind\u0103 trimi\u0219i ai lui Dumnezeu, dar vestesc o Evanghelie deosebit\u0103, r\u0103sp\u00e2ndind o lumin\u0103 deosebit\u0103.<\/p>\n\n\n\n<p>Cuv\u00e2ntul din Galateni 1.8 este identic cu cel din Apocalipsa 22.18-19, ar\u0103t\u00e2nd clar c\u0103 dac\u0103 cineva va ad\u0103uga sau va scoate ceva din Cuv\u00e2nt, i se va scoate partea de la Pomul vie\u021bii \u0219i va primi \u00een schimb urgiile scrise \u00een Cuv\u00e2nt.<\/p>\n\n\n\n<p>Astfel, am v\u0103zut c\u0103 aceste \u201e\u0219apte Duhuri\u201d se refer\u0103 de fapt la acel singur Duh care lucreaz\u0103 \u00een cele \u0219apte epoci voia \u015fi Cuv\u00e2ntul lui Dumnezeu. A\u015f vrea s\u0103 ilustrez aceast\u0103 tem\u0103 prin Cuv\u00e2nt, ca s-o \u00een\u021belege\u021bi mai bine.<\/p>\n\n\n\n<p>Duhul lui Dumnezeu a fost foarte puternic \u00een profetul Ilie, iar dup\u0103 plecarea lui la cer, acela\u0219i Duh a venit \u00een dubl\u0103 m\u0103sur\u0103 peste Elisei. C\u00e2teva secole mai t\u00e2rziu, acela\u0219i Duh a venit peste Ioan Botez\u0103torul, iar \u00eentr-o zi, la sf\u00e2r\u0219itul bisericii dintre neamuri, acela\u0219i Duh se va identifica prin aceea\u0219i slujb\u0103, cu un alt b\u0103rbat.<\/p>\n\n\n\n<p>Biblia spune c\u0103 Dumnezeu l-a uns cu Duhul Sf\u00e2nt \u015fi cu putere pe Isus din Nazaret, astfel \u00eenc\u00e2t a fost \u00eenso\u021bit de semne mari \u015fi de minuni, f\u0103c\u00e2nd bine, vindec\u00e2nd bolnavii, eliber\u00e2ndu-i pe cei \u00eendr\u0103ci\u021bi de sub puterea Satanei, etc. Dup\u0103 moartea \u015fi \u00eenvierea Sa, \u00eenainte de a pleca la cer, El le-a spus ucenicilor S\u0103i s\u0103 a\u0219tepte p\u00e2n\u0103 vor primi \u201ef\u0103g\u0103duin\u021ba Tat\u0103lui\u201d, adic\u0103 pe Duhul Sf\u00e2nt, deoarece \u00een ziua de Rusalii ei au primit acela\u0219i Duh care locuise \u00een El. Astfel, El (Domul Isus) este prezent pe p\u0103m\u00e2nt prin trupul S\u0103u (biserica), st\u00e2nd \u00een mijlocul ei prin Duhul Sf\u00e2nt. Da, biserica \u00cel reprezint\u0103 pe El de aceea, pentru c\u0103 posed\u0103 acela\u0219i Duh care era \u00een El, va face exact acelea\u0219i lucr\u0103ri ca \u015fi El.<\/p>\n\n\n\n<p>Da, un grup deosebit de oameni, care formeaz\u0103 \u201eTrupul lui Hristos\u201d, va descoperi acelea\u0219i lucr\u0103ri pe care le-a f\u0103cut Isus \u015fi biserica de la Rusalii, deoarece \u00een ei va locui acela\u0219i Duh. Orice alt\u0103 biseric\u0103 ce nu posed\u0103 Duhul Sf\u00e2nt \u0219i descoperirile Lui, va trebui s\u0103 dea socoteal\u0103 \u00eenaintea lui Dumnezeu.<\/p>\n\n\n\n<p>Apocalipsa ne arat\u0103 c\u0103 cele \u0219apte stele din m\u00e2na Lui sunt \u00eengerii trimi\u0219i pentru cele \u0219apte epoci ale bisericii. El \u00eei \u021bine bine, iar dac\u0103 sunt \u021binu\u021bi \u00een m\u00e2na Sa, \u00eenseamn\u0103 c\u0103 sunt \u00een leg\u0103tur\u0103 cu Duhul lui Dumnezeu, iar ca urmare posed\u0103 puterea Lui. Niciunul dintre ace\u0219ti b\u0103rba\u021bi n-a venit printr-o putere sau autoritate personal\u0103. Aceasta este exact ceea ce a spus Pavel. Este deci nevoie de autoritatea lui Dumnezeu \u015fi de puterea Duhului Sf\u00e2nt, aceasta fiind singura modalitate corect\u0103 de vestire a Evangheliei. Ace\u0219ti b\u0103rba\u021bi erau autoriza\u021bi prin Duhul Sf\u00e2nt, ei erau \u00eemputernici\u021bi de Dumnezeu. Ei erau trimi\u0219i de Dumnezeu, de aceea nu aveau nevoie s\u0103 fie recunoscu\u021bi de lume sau de organiza\u021biile religioase. Ei aveau ceea ce lumea nu putea avea.<\/p>\n\n\n\n<p>Domnul Isus le-a spus ucenicilor c\u0103 dup\u0103 plecarea Sa le va trimite Duhul Sf\u00e2nt pe care lumea nu-L poate primi. Acesta este adev\u0103rul. Lumea cu sistemele ei nu-L va putea primi niciodat\u0103. Dac\u0103 nu crede\u021bi aceasta, ar\u0103ta\u021bi-mi o singur\u0103 biseric\u0103 a sistemului lumii care este plin\u0103 de Duhul Sf\u00e2nt. A\u015f vrea s-o v\u0103d. O, dac\u0103 mi-a\u021bi putea ar\u0103ta o astfel de biseric\u0103, \u00eenseamn\u0103 c\u0103 undeva \u00een Biblie s-a f\u0103cut o gre\u0219eal\u0103. Nu, domnule. Niciunul din ace\u0219ti mesageri ai bisericii nu a fost organizat, ci au fost exclu\u0219i, excomunica\u021bi sau au plecat din proprie convingere din mijlocul organiza\u021biilor. O, cum ar putea fi Duhul Sf\u00e2nt \u00eentr-o organiza\u021bie, c\u00e2nd dorin\u021ba ei este s\u0103 \u00eenlocuiasc\u0103 Duhul Sf\u00e2nt, s\u0103-I ia locul? Aminti\u021bi-v\u0103 c\u0103 organiza\u021bia \u00eenseamn\u0103 moarte. Acesta este adev\u0103rul \u015fi nu poate fi altfel, deoarece Duhul pleac\u0103 de unde ia lumea conducerea.<\/p>\n\n\n\n<p>Da, este un singur Duh \u015fi nu \u0219apte. El va fi \u00eentotdeauna acela\u0219i \u015fi va ac\u021biona \u00een acela\u0219i fel. Cei \u0219apte \u00eengeri (trimi\u015fi) vor avea acela\u0219i Duh, vor \u00eenv\u0103\u021ba acela\u0219i Cuv\u00e2nt \u015fi vor poseda aceea\u0219i putere, iar dac\u0103 biserica este biserica adev\u0103rat\u0103, va poseda \u015fi ea acela\u0219i Duh, acela\u0219i Cuv\u00e2nt, acelea\u0219i fapte de putere, ca biserica de la Rusalii. Prin experien\u021b\u0103, ea va fi o biseric\u0103 rusalistic\u0103, iar \u00een mijlocul ei vor fi descoperiri, vorbiri \u00een limbi, vindec\u0103ri \u0219i profe\u021bii, deoarece Dumnezeu va locui \u00een ea \u0219i se va manifesta \u00een mijlocul ei a\u0219a cum a f\u0103cut-o \u00eentotdeauna. Aleluia! Aceast\u0103 biseric\u0103 nu va fi organizat\u0103. S\u0103 nu uita\u021bi aceasta!<\/p>\n\n\n\n<p>Noi putem vedea c\u0103 Isus Hristos Se descoper\u0103 pe Sine \u00een toate epocile bisericii prin trimi\u0219ii S\u0103i, ei fiind pentru biseric\u0103 ceea ce fusese Moise pentru copiii lui Israel. Noi \u0219tim c\u0103 el poseda descoperirea dat\u0103 de Dumnezeu pentru ziua lui. Asemenea lui, fiecare mesager al bisericii are descoperirea lui Dumnezeu \u015fi slujba pentru ziua aceea, deoarece fiecare dintre ei este \u00een m\u00e2na lui Dumnezeu, Domnul identific\u00e2ndu-se pe Sine cu ei \u0219i legitim\u00e2ndu-i prin puterea Sa.<\/p>\n\n\n\n<p>Trebuie spus c\u0103 nu este suficient c\u0103 El S-a asociat pe Sine cu \u00eentreaga biseric\u0103, a\u0219a cum am v\u0103zut c\u0103 El st\u0103tea \u00een mijlocul celor \u0219apte sfe\u0219nice; nu este suficient c\u0103 recunoa\u0219tem cele cinci slujbe din Efeseni 4.11: apostoli, profe\u021bi, evangheli\u0219ti, p\u0103stori \u015fi \u00eenv\u0103\u021b\u0103tori, deoarece fiecare epoc\u0103 a bisericii s-a dep\u0103rtat de fiecare dat\u0103 de Dumnezeu, acest lucru \u00eent\u00e2mpl\u00e2ndu-se nu doar cu poporul, ci \u015fi cu p\u0103storii care vesteau Cuv\u00e2ntul, ceea ce dovede\u0219te c\u0103 ei sunt la fel de ne\u00een\u021belep\u021bi ca oile.<\/p>\n\n\n\n<p>De fiecare dat\u0103 c\u00e2nd poporul a deviat de la Adev\u0103r, Dumnezeu a venit \u015fi S-a descoperit prin ace\u0219ti \u0219apte \u00eengeri, ca Mare Preot, pentru a \u00eentoarce poporul la Adev\u0103r, la puterea Cuv\u00e2ntului. Dumnezeu este \u00een poporul S\u0103u, \u00een to\u021bi din poporul S\u0103u, a\u0219a c\u0103 dac\u0103 cineva nu are Duhul lui Hristos, nu este al Lui. \u0218i El este Cuv\u00e2ntul; este Cuv\u00e2ntul recunoscut \u00een oameni. El a a\u0219ezat o conducere special\u0103 \u00een ace\u0219ti oameni, prin propria Sa alegere \u0219i prin sfatul voii Sale. Ei apar odat\u0103 \u00een fiecare epoc\u0103 \u0219i sunt c\u0103l\u0103uzi\u021bi de acela\u0219i Duh.<\/p>\n\n\n\n<p>Ce deosebire mare este \u00eentre \u00eenv\u0103\u021b\u0103tura Lui \u015fi erezia Romei! Ei au un om ales prin propria lor voin\u021b\u0103, o succesiune de papi, care nu au \u00eens\u0103 puterea lui Dumnezeu, nici Cuv\u00e2ntul S\u0103u, fiecare dintre ei ad\u0103ug\u00e2nd dup\u0103 propria pl\u0103cere \u00eenv\u0103\u021b\u0103turi nebiblice de parc\u0103 ar fi Dumnezeu. Adev\u0103rul este c\u0103 Dumnezeu nu este cu ei, ci El este \u00een mesagerul S\u0103u \u015fi \u00een cei ce posed\u0103 plin\u0103tatea Sa, ascult\u00e2nd de trimisul Domnului care este reprezentantul Domnului prin Cuv\u00e2ntul S\u0103u.<\/p>\n\n\n\n<p>Apocalipsa 3.1:<em> \u201e\u2026<strong>Cel ce are cele \u0219apte Duhuri ale lui Dumnezeu \u015fi cele \u0219apte stele<\/strong><\/em>\u2026\u201d<\/p>\n\n\n\n<p>A\u015fa cum Domnul S-a identificat cu omul c\u00e2nd a fost pe p\u0103m\u00e2nt \u00een trup, El se identific\u0103 din nou pe Sine, cu omul, prin Duhul Lui \u00een om. \u201e<em>Ace\u0219tia sunt ai Mei\u201d, zice Domnul.\u201d <\/em>Cei \u0219apte mesageri umplu\u021bi cu Duhul sunt ai Domnului. Ei pot fi respin\u0219i de lume, pot fi pu\u0219i la \u00eendoial\u0103, pentru c\u0103 nu corespund cererilor moderne, dar ei sunt trimi\u0219ii Domnului pentru epoca lor. Dumnezeu l-a folosit pe Avraam (care a min\u021bit), pe Moise (care s-a r\u0103zvr\u0103tit), pe Iona (care era neascult\u0103tor), pe Samson (care a p\u0103c\u0103tuit), pe David (un rege care s-a f\u0103cut vinovat de uciderea unui nevinovat), pe Iosua sau pe Iosif.<\/p>\n\n\n\n<p>Adev\u0103rul este c\u0103 cei ce pot fi critica\u021bi sunt mai mul\u021bi dec\u00e2t cei care par s\u0103 fi avut o via\u021b\u0103 curat\u0103 dar, to\u021bi au fost \u0219i sunt ai Domnului. Nimeni nu \u00eendr\u0103zne\u0219te s\u0103 nege aceasta, deoarece Dumnezeu s-a folosit de to\u021bi ace\u0219tia prin Duhul Sf\u00e2nt pe care L-a pus \u00een ei \u015fi este treaba St\u0103p\u00e2nului dac\u0103 ei au c\u0103zut sau au stat \u00een picioare, deoarece \u00een to\u021bi ace\u0219ti b\u0103rba\u021bi s-a \u00eemplinit voia suveran\u0103 a lui Dumnezeu.<\/p>\n\n\n\n<p>Chiar dac\u0103 istoria \u00eencearc\u0103 s\u0103 nu recunoasc\u0103, ei r\u0103m\u00e2n totu\u0219i \u00een picioare. Dumnezeul cel viu \u00eenc\u0103 umbl\u0103 prin mijlocul bisericii Sale \u015fi trimite mesagerii S\u0103i, prin Duhul Sf\u00e2nt, cu Cuv\u00e2ntul la poporul din fiecare epoc\u0103.<\/p>\n\n\n\n<p><strong>Judecata lui Dumnezeu<\/strong><\/p>\n\n\n\n<p>Apocalipsa 3.1: \u201e\u2026<strong><em>\u0218tiu faptele tale: c\u0103 \u00ee\u0163i merge numele c\u0103 tr\u0103ie\u0219ti, dar e\u0219ti mort<\/em><\/strong>.\u201d<\/p>\n\n\n\n<p>Apocalipsa 3.2: \u201e\u2026<strong><em>c\u0103ci n-am g\u0103sit faptele tale des\u0103v\u00e2r\u0219ite \u00eenaintea Dumnezeului meu<\/em><\/strong>.\u201d<\/p>\n\n\n\n<p>Aici avem ceva ciudat deoarece p\u00e2n\u0103 acum Duhul i-a l\u0103udat pe ai S\u0103i, apoi a judecat vi\u021ba fals\u0103. Dar \u00een aceast\u0103 epoc\u0103 se vede c\u0103 este o respingere at\u00e2t de mare a Cuv\u00e2ntului lui Dumnezeu, \u00eenc\u00e2t tot mesajul pentru biseric\u0103 sun\u0103 ca o condamnare.<\/p>\n\n\n\n<p>\u201e<strong><em>\u015etiu faptele tale<\/em><\/strong>.\u201d<\/p>\n\n\n\n<p>Care sunt aceste fapte care L-au nemul\u021bumit pe Dumnezeu? Voi \u0219ti\u021bi c\u0103 fiecare epoc\u0103 se suprapune cu cealalt\u0103 prin \u00eenv\u0103\u021b\u0103tura ei, prin fapte, etc. Astfel, \u00een epoca Sardes avem continuarea faptelor din epoca Tiatira. Aceste fapte pe care noi le cunoa\u0219tem deja foarte bine sunt:<\/p>\n\n\n\n<p>1.C\u0103l\u0103uzirea Duhului a fost \u00eenlocuit\u0103 cu o ierarhie omeneasc\u0103.<\/p>\n\n\n\n<p>2.Cuv\u00e2ntul curat al lui Dumnezeu \u015fi binecuv\u00e2ntarea acestuia pentru to\u021bi oamenii au fost puse la o parte, iar \u00een locul lor au fost a\u0219ezate crezuri, dogme, tradi\u021bii, ordine biserice\u015fti.<\/p>\n\n\n\n<p>3.\u00cenchinarea \u00een Duh \u015fi adev\u0103r, darurile Duhului \u015fi tot ce apar\u021bine unei slujbe adev\u0103rate fa\u021b\u0103 de Dumnezeu, ca adev\u0103rata p\u0103rt\u0103\u0219ie a comunit\u0103\u021bii sfin\u021bilor, a fost desfiin\u021bat\u0103 \u015fi \u00eenlocuit\u0103 cu liturghii, \u00eenchinarea la idoli, s\u0103rb\u0103tori p\u0103g\u00e2ne, a\u015fa zis, cre\u0219tine, etc.<\/p>\n\n\n\n<p>4.Cultul Mariei a devenit tot mai important \u00een \u00eenchinarea cre\u0219tin\u0103, p\u00e2n\u0103 c\u00e2nd i s-a acordat un loc \u00een dumnezeire, \u00een timp ce Fiul a fost adus din pozi\u021bia Lui \u00eenalt\u0103 de a st\u0103p\u00e2ni peste to\u021bi, la a fi subordonat unui om numit Papa, care s-a autointitulat \u201eloc\u021biitorul lui Hristos\u201d.<\/p>\n\n\n\n<p>To\u021bi cei care s-au \u00eempotrivit acestei biserici anticre\u0219tine, au fost nimici\u021bi, \u00een timp ce aceia care au r\u0103mas \u00een mijlocul ei s-au v\u00e2ndut acesteia, fie c\u0103 erau \u00eemp\u0103ra\u021bi sau s\u0103raci. Via\u021ba nu le mai apar\u021binea nici lor, nici lui Hristos, ci ei apar\u021bineau cu trup, suflet \u015fi duh, bisericii catolice. Ei vorbeau despre s\u00e2ngele Domnului dar, cu toate acestea, \u00ee\u0219i cump\u0103rau m\u00e2ntuirea cu bani, aur sau peniten\u021be. Cei boga\u021bi se aflau \u00eentr-o situa\u021bie fericit\u0103 atunci c\u00e2nd Papa Leo al X-lea le-a permis s\u0103 cumpere indulgen\u021be pentru iertarea p\u0103catelor necomise \u00eenc\u0103, astfel c\u0103 ei puteau s\u0103-\u015fi planifice din vreme crimele \u00eengrozitoare f\u0103r\u0103 s\u0103 aib\u0103 nici o remu\u0219care, deoarece \u0219tiau c\u0103 Papa le-a iertat deja p\u0103catele.<\/p>\n\n\n\n<p>Cuv\u00e2ntul lui Dumnezeu era \u021binut departe de ei, a\u0219a c\u0103 de unde s\u0103 cunoasc\u0103 adev\u0103rul? Adev\u0103rul vine numai prin Cuv\u00e2nt, ori poporul era \u00eenchis \u00een \u00eenchisoarea bisericii romano-catolice, a\u0219tept\u00e2nd moartea, iar dup\u0103 aceea judecata. Dar curva cea mare, beat\u0103 de s\u00e2ngele martirilor, nu se g\u00e2ndea la judecat\u0103, ci continua s\u0103-i omoare pe oameni at\u00e2t fire\u0219te c\u00e2t \u015fi duhovnice\u0219te.<\/p>\n\n\n\n<p>La sf\u00e2r\u0219itul epocii Tiatira \u015fi \u00eenceputul epocii Sardes, a avut loc invazia Constantinopolului de c\u0103tre turci, ceea ce a f\u0103cut ca \u00eenv\u0103\u021ba\u021bii din R\u0103s\u0103rit cu manuscrisele lor grece\u0219ti s\u0103 plece \u00een Apus. Prin aceasta Cuv\u00e2ntul adev\u0103rat \u015fi \u00eenv\u0103\u021b\u0103turile credincio\u0219ilor adev\u0103ra\u021bi s-au r\u0103sp\u00e2ndit pretutindeni. Dar nu numai \u00eenv\u0103\u021b\u0103turile acestor b\u0103rba\u021bi minuna\u021bi au avut mare importan\u021b\u0103 pentru r\u0103sp\u00e2ndirea Adev\u0103rului, ci \u015fi inventarea tiparului care a pus mai apoi bazele tipografiei moderne, ceea ce a u\u0219urat produc\u021bia de c\u0103r\u021bi. Prin aceasta s-a putut r\u0103spunde la marea foame dup\u0103 Biblie. \u00cen timpul acela, Dumnezeu a ridicat o mul\u021bime de b\u0103rba\u021bi puternici, unul dintre ei fiind Martin Luther. Apoi Calvin, Zwingli \u015fi mul\u021bi al\u021bii care nu sunt at\u00e2t de bine cunoscu\u021bi.<\/p>\n\n\n\n<p>Toate aceste eforturi nu au r\u0103mas zadarnice, de\u0219i lucrarea puternic\u0103 a lui Dumnezeu a fost \u00eempiedecat\u0103 chiar de ace\u0219ti b\u0103rba\u021bi, \u015fi aceasta, pentru c\u0103 nu erau \u00eempotriva c\u0103s\u0103toriei bisericii cu statul, decizie luat\u0103 la Conciliul de la Niceea (325) ci, dimpotriv\u0103, au \u00eencurajat acea uniune.<\/p>\n\n\n\n<p>Ap\u0103rarea Evangheliei prin statul feudal era privit\u0103 pozitiv, de\u0219i nu exist\u0103 nici un Cuv\u00e2nt pentru aceasta. Totu\u0219i, de\u0219i oamenii erau \u00eenv\u0103\u021ba\u021bi gre\u0219it, Dumnezeu a fost l\u0103udat. De exemplu, Henry al VIII-lea a fost pentru reform\u0103 \u0219i respingerea autorit\u0103\u021bii papale. Acesta era un pas \u00eenainte, de\u0219i era departe de Adev\u0103rul de la Rusalii \u015fi de ocrotirea Dumnezeului omnipotent.<\/p>\n\n\n\n<p>\u00cen ciuda \u00eenv\u0103\u021b\u0103turii constante a lui Luther, care era \u00eempotriva amestecului din afar\u0103 \u00een treburile bisericii locale, el nu a fost \u00een stare s\u0103 limpezeasc\u0103 min\u021bile oamenilor de concep\u021bia conducerii bisericii prin episcopi, arhiepiscopi, etc. Astfel, biserica a f\u0103cut un pas \u00een direc\u021bia corect\u0103, r\u0103m\u00e2n\u00e2nd \u00eens\u0103 mai departe legat\u0103, iar la pu\u021bin timp ea s-a aflat din nou \u00een \u00eenchisoarea din care \u00eencercase s\u0103 ias\u0103.<\/p>\n\n\n\n<p>Paharul nelegiuirii \u015fi al ur\u00e2ciunii nu era \u00eenc\u0103 plin. Trebuie spus c\u0103 ace\u0219ti reformatori au f\u0103cut gre\u0219eli. Astfel, Luther s-a amestecat \u00een r\u0103scoala \u021b\u0103ranilor ceea ce a f\u0103cut ca o mul\u021bime de oameni s\u0103 fie uci\u0219i. Dar \u015fi partida lui Zwingli a gre\u0219it, persecut\u00e2ndu-l \u015fi arunc\u00e2ndu-l \u00een \u00eenchisoare pe dr. Hubmeyer, un om neprih\u0103nit al lui Dumnezeu care apoi a fost ars pe rug, ceea ce a f\u0103cut ca ei s\u0103 fie responsabili de moartea lui. \u0218i Calvin a gre\u0219it. El a cerut arestarea lui Servetus care a v\u0103zut \u015fi a vestit unitatea lui Dumnezeu. Statul feudal l-a judecat pe acest frate \u015fi, spre groaza lui Calvin, a fost condamnat la moarte prin ardere pe rug.<\/p>\n\n\n\n<p>Dac\u0103 a existat vreodat\u0103 un timp de zel confesional atunci acesta era acest timp tragic. Comenius ne-a descris foarte clar aceast\u0103 perioad\u0103! \u00cen cartea sa, \u201eUn lucru necesar\u201d, el compar\u0103 lumea aceasta cu un labirint \u015fi arat\u0103 c\u0103 drumul care duce afar\u0103 \u00eenseamn\u0103 a p\u0103r\u0103si tot ce nu are valoare \u015fi \u00een a alege ceea ce este necesar, pe Hristos. El spune c\u0103 num\u0103rul mare de \u00eenv\u0103\u021b\u0103tori este cauza num\u0103rului mare de secte, pentru care \u00een cur\u00e2nd nu se vor mai g\u0103si nume. Fiecare biseric\u0103 are preten\u021bia c\u0103 ea este cea mai curat\u0103 \u015fi adev\u0103rat\u0103 de\u0219i toate se persecut\u0103 \u00eentre ele cu cea mai mare ur\u0103. \u00centre ele nu poate fi vorba de nicio \u00eemp\u0103care, ci fiecare r\u0103spunde du\u0219m\u0103niei celeilalte cu o du\u0219m\u0103nie \u015fi mai mare. Ele \u00ee\u015fi formuleaz\u0103 diferitele crezuri din Biblie, acestea fiind o fort\u0103rea\u021b\u0103 pentru ei, un turn \u00eenconjurat cu garduri de netrecut, dup\u0103 care se ascund de fiecare dat\u0103 c\u00e2nd sunt atacate.<\/p>\n\n\n\n<p>Aceste dogme alimenteaz\u0103 focul du\u0219m\u0103niei, iar r\u0103nile lui Isus se pot vindeca numai \u00eenl\u0103tur\u00e2nd toate aceste lucruri din biserica Lui.<\/p>\n\n\n\n<p>\u201eAcest labirint de secte \u015fi grup\u0103ri c\u0103rora le apar\u021bin oamenii este dragostea pentru ceart\u0103. La ce s-a ajuns prin aceasta? S-a rezolvat vreo ne\u00een\u021belegere? Nu, niciodat\u0103, doar num\u0103rul lor a crescut. Satan este cel mai mare filosof, de aceea nu poate fi biruit niciodat\u0103 prin ceart\u0103 de cuvinte\u2026<\/p>\n\n\n\n<p>La serviciul divin cuvintele oamenilor se aud, de obicei, mai mult dec\u00e2t Cuv\u00e2ntul lui Dumnezeu. Fiecare sporov\u0103ie\u0219te dup\u0103 cum \u00eei place sau omoar\u0103 timpul cu dovezi \u00eenv\u0103\u021bate ca s\u0103-\u015fi apere p\u0103rerile \u00een fa\u021ba altora. Despre na\u0219terea din nou \u015fi cum trebuie s\u0103 se schimbe un om ca s\u0103 fie asemenea chipului lui Hristos, pentru a deveni p\u0103rta\u0219 naturii divine, se spune foarte pu\u021bin (2 Petru 1.4). Cina Domnului, simbolul unit\u0103\u021bii \u015fi al dragostei \u00een Isus Hristos, a devenit subiectul dezbaterilor, al urii \u015fi al sectarismului. Pe scurt, cre\u0219tinismul a devenit un labirint. Credin\u021ba a fost \u00eemp\u0103r\u021bit\u0103 \u00een mii de grup\u0103ri \u015fi ve\u021bi fi \u00eensemnat ca eretic dac\u0103 nu primi\u021bi una din ele.<\/p>\n\n\n\n<p>Ce ne poate ajuta? Un singur lucru: s\u0103 ne \u00eentoarcem la Hristos, s\u0103 privim spre El, singurul nostru Conduc\u0103tor, s\u0103 umbl\u0103m pe urmele pa\u0219ilor S\u0103i, \u015fi s\u0103 punem deoparte toate celelalte lucruri, p\u00e2n\u0103 c\u00e2nd ajungem la \u021binta propus\u0103 \u015fi la unitatea de credin\u021b\u0103.<\/p>\n\n\n\n<p>Efeseni 4.13: <em>\u201e\u2026p\u00e2n\u0103 vom ajunge to\u021bi la unirea credin\u021bei \u015fi a cuno\u0219tin\u021bei Fiului lui Dumnezeu, la starea de om mare, la \u00een\u0103l\u021bimea staturii plin\u0103t\u0103\u021bii lui Hristos\u2026\u201d<\/em><\/p>\n\n\n\n<p>A\u015fa cum St\u0103p\u00e2nul ceresc a zidit totul pe fundamentul Scripturii, a\u0219a ar trebui s\u0103 p\u0103r\u0103sim \u015fi noi dogmele separatiste \u015fi s\u0103 fim mul\u021bumi\u021bi cu Cuv\u00e2ntul descoperit care ne apar\u021bine tuturor. Noi ar trebui s\u0103 m\u0103rturisim cu Biblia \u00een m\u00e2n\u0103 \u015fi f\u0103r\u0103 nicio team\u0103: \u201eEu cred ceea ce a descoperit Dumnezeu \u00een Cartea aceasta, voi \u021bine cu credincio\u0219ie la poruncile Lui \u015fi voi&nbsp; a\u0219tepta \u00eemplinirea f\u0103g\u0103duin\u021belor Sale.\u201d<\/p>\n\n\n\n<p>Cre\u0219tinilor, asculta\u021bi Cuv\u00e2ntul! Exist\u0103 numai o cale de a ajunge la Via\u021b\u0103, dar moartea vine pe mii de forme. Exist\u0103 un singur Hristos, dar sunt mii de antihri\u0219ti, a\u0219a c\u0103, dac\u0103 vre\u021bi s\u0103 tr\u0103i\u021bi, urma\u021bi-L pe Conduc\u0103torul Vie\u021bii.<\/p>\n\n\n\n<p>Cre\u0219tinilor, bucura\u021bi-v\u0103 pentru c\u0103 \u00een cur\u00e2nd vom fi lua\u021bi! Conduc\u0103torul ceresc v\u0103 spune: \u201eVeni\u021bi la Mine!\u201d, a\u0219a c\u0103 gr\u0103bi\u021bi-v\u0103 \u015fi r\u0103spunde\u021bi chem\u0103rii Lui: \u201eDa, Doamne, venim!\u201d (\u00eencheierea citatului)<\/p>\n\n\n\n<p>Eu am spus deja c\u0103 \u00een aceast\u0103 epoc\u0103 duhul denomina\u021bional a cunoscut o cre\u0219tere foarte mare. Astfel, dac\u0103 a fost un timp c\u00e2nd s-a repetat pozi\u021bia celor din Corint: \u201eEu sunt al lui Chifa; eu sunt al lui Apolo sau al lui Pavel\u201d, atunci epoca Sardes este cu siguran\u021b\u0103 acel timp. Acolo erau cei ce apar\u021bineau lui Luther, lui Jan Hus, lui Calvin, lui Zwingli, etc. O astfel de \u00eemp\u0103r\u021bire a Trupului lui Hristos \u00een v\u0103zul lumii, era deplorabil\u0103. Ei tr\u0103iau cu numele, dar \u00een realitate erau mor\u021bi. Da, ei au murit \u00een clipa c\u00e2nd s-au organizat.<\/p>\n\n\n\n<p>Grup\u0103rile mari s-au organizat \u015fi s-au legat \u00een c\u0103s\u0103torie cu statul. Aici erau \u015fi luteranii care alt\u0103 dat\u0103 protestaser\u0103 \u00eempotriva bisericii romane. Ei \u0219tiau c\u0103 unirea bisericii cu politica era un lucru r\u0103u \u015fi totu\u0219i au f\u0103cut-o. Astfel, Luther a p\u0103\u0219it \u00een fa\u021b\u0103 \u015fi a f\u0103cut din statul feudal ocrotitorul credin\u021bei, \u00een loc s\u0103-i acorde acest drept lui Dumnezeu.<\/p>\n\n\n\n<p>Aceasta este deci prima denomina\u021biune sau confesiune celebr\u0103 care a ie\u0219it afar\u0103 din curva cea mare, dar dup\u0103 moartea lui Luther a avut \u015fi ea o ierarhie la fel ca cea din care ie\u0219ise \u015fi pe care o condamnase. Da, \u00een genera\u021bia a doua, aceast\u0103 mi\u0219care a lui Dumnezeu a ajuns \u00eenapoi sub aripa mamei ei. Ei s-au dus \u00eenapoi \u015fi nici n-au \u0219tiut m\u0103car aceasta. Au pus numele lor mai presus de Numele Domnului, tr\u0103ind cu propriul lor nume \u2013 ceea ce fac toate celelalte confesiuni de ast\u0103zi.<\/p>\n\n\n\n<p>Ei tr\u0103iesc prin propriul lor nume, nu pentru Numele Domnului Isus Hristos. Acest lucru este foarte u\u0219or de observat fiindc\u0103 fiecare biseric\u0103 este cunoscut\u0103 dup\u0103 felul de \u00eenchinare, dar niciuna nu este cunoscut\u0103 prin puterea lui Dumnezeu. Aici este examenul vostru!<\/p>\n\n\n\n<p>Vreau s\u0103 v\u0103 mai spun c\u0103 aceast\u0103 epoc\u0103 nu a posedat \u00een mijlocul ei semne \u015fi minuni, deoarece au renun\u021bat la puterea lui Dumnezeu pentru puterea statului. Ei s-au prins de propriul lor nume \u015fi au c\u0103utat s\u0103-l fac\u0103 c\u00e2t mai cunoscut. Acesta este de fapt acela\u0219i duh b\u0103tr\u00e2n care \u00eencearc\u0103 s\u0103-i adune pe to\u021bi \u00een propriul staul.<\/p>\n\n\n\n<p>Astfel, bapti\u0219tii de ast\u0103zi vor ca metodi\u0219tii s\u0103 vin\u0103 la ei, metodi\u0219tii vor s\u0103 \u00eei atrag\u0103 pe prezbiterieni, \u00een timp ce penticostalii vor s\u0103-i atrag\u0103 pe to\u021bi la ei. Fiecare confesiune pretinde c\u0103 poate oferi mai mult dec\u00e2t cealalt\u0103 \u015fi c\u0103 va \u00eemplini n\u0103dejdile oamenilor \u2013 un fel de u\u0219\u0103 deschis\u0103 spre cer sau o cale mai sigur\u0103 de intrare acolo \u2013 dar ce tragedie se ascunde dup\u0103 aceste preten\u021bii! Acest duh confesional a f\u0103cut ca toate denomina\u021biunile s\u0103-\u015fi scrie propriile manuale, s\u0103 \u00eenve\u021be propriile crezuri, s\u0103-\u015fi a\u0219eze propriile func\u021bii \u015fi conduc\u0103tori \u015fi aceasta \u00een timp ce fiecare dintre ele sus\u021bine c\u0103 numai ea posed\u0103 adev\u0103rul, c\u0103 numai ea posed\u0103 Numele Domnului \u015fi c\u0103 ea este cea mai capabil\u0103 s\u0103-i conduc\u0103 pe oameni la m\u00e2ntuire.<\/p>\n\n\n\n<p>O, nu avem aici exact acelea\u0219i preten\u021bii pe care \u015fi le atribuie Papa \u015fi biserica catolic\u0103? Nu vede\u021bi c\u0103 ele s-au dus \u00eenapoi la mama lor, la curva cea mare \u015fi aceasta f\u0103r\u0103 s-o \u0219tie m\u0103car? \u00cenainte de a \u00eencheia comentariul la cuvintele spuse de Domnul: \u201e\u00ce\u021bi merge numele c\u0103 tr\u0103ie\u0219ti, dar e\u0219ti mort!\u201d, vreau s\u0103 spun c\u0103, de\u0219i a adus reforma, aceast\u0103 epoc\u0103 a fost cea mai aspru mustrat\u0103 de Dumnezeu \u00een loc s\u0103 fie l\u0103udat\u0103, \u015fi aceasta pentru c\u0103 ea a sem\u0103nat s\u0103m\u00e2n\u021ba denomina\u021biunii, duhul confesional, organiz\u00e2ndu-se exact ca \u015fi curva cea mare din mijlocul c\u0103reia ie\u0219ise \u2013 m\u0103 refer la epoca Sardes. Dumnezeu a deschis pentru aceast\u0103 epoc\u0103 o u\u0219\u0103 de sc\u0103pare, dar ea a g\u0103sit alta de intrare.&nbsp;&nbsp;&nbsp;<\/p>\n\n\n\n<p>Mi\u0219carea de ie\u0219ire din s\u00e2nul bisericii catolice nu a fost spiritual\u0103 \u00een \u00eentregime, ci mai mult politic\u0103. Astfel, cei mai mul\u021bi dintre oameni erau pentru protestantism \u2013 cum am spus \u015fi mai \u00eenainte \u2013 deoarece urau sistemul roman care impunea o robie financiar\u0103 \u015fi politic\u0103. Din cauza aceasta, \u00een loc s\u0103 avem de-a face cu o mi\u0219care spiritual\u0103 c\u0103l\u0103uzit\u0103 \u015fi legitimat\u0103 de Duhul Sf\u00e2nt prin semne \u015fi minuni cum a fost cea de la Rusalii, avem o lucrare \u00een care Dumnezeu era l\u0103udat prin oameni plini de gre\u0219eli, rezultatele ei merg\u00e2nd paralel cu istoria poporului Israel c\u00e2nd a p\u0103r\u0103sit Egiptul \u015fi a pribegit prin pustie, dar nereu\u0219ind s\u0103 intre \u00een \u021bara f\u0103g\u0103duit\u0103.<\/p>\n\n\n\n<p>Oricum, s-a realizat totu\u0219i ceva: jugul robiei romane a fost rupt par\u021bial, a\u0219a c\u0103 oamenii puteau s\u0103 primeasc\u0103 acum Cuv\u00e2ntul lui Dumnezeu \u015fi s\u0103 se supun\u0103 c\u0103l\u0103uzirii Duhului f\u0103r\u0103 s\u0103 mai tr\u0103iasc\u0103 \u00een fric\u0103. Sardes a deschis u\u0219a pentru marea epoc\u0103 misionar\u0103 ce urma s\u0103 vin\u0103.<\/p>\n\n\n\n<p>Izabela din Tiatira nu era \u00eens\u0103 sub nici o form\u0103 dispus\u0103 s\u0103 elibereze poporul de sub st\u0103p\u00e2nirea ei, a\u0219a c\u0103 vedem cum fiica ei, Atalia, \u0219i-a ridicat capul cu speran\u021ba c\u0103 va reu\u0219i s\u0103 aduc\u0103 s\u0103m\u00e2n\u021ba adev\u0103rat\u0103 la c\u0103dere, prin schemele ei de organizare.<\/p>\n\n\n\n<p><strong>Avertismentul<\/strong><\/p>\n\n\n\n<p>Apocalipsa 3.2: <strong><em>\u201eVegheaz\u0103 \u015fi \u00eent\u0103re\u0219te ce r\u0103m\u00e2ne, care e pe moarte, c\u0103ci n-am g\u0103sit faptele tale des\u0103v\u00e2r\u0219ite \u00eenaintea Dumnezeului Meu.\u201d<\/em><\/strong><\/p>\n\n\n\n<p>A\u015f vrea s\u0103 spun c\u0103 aceast\u0103 epoc\u0103 Sardes era o restaurare \u00een loc de reform\u0103, dar nu pot spune aceasta deoarece Cuv\u00e2ntul nu spune nic\u0103ieri aceasta. Este doar o reform\u0103 \u015fi nu o vreme de restituire a ceea ce fusese pierdut. Spun aceasta pentru c\u0103, dac\u0103 ar fi fost astfel, am fi avut de-a face cu o repetare a Rusaliilor, dar nu a fost a\u0219a deoarece cel mai bun lucru care s-a putut spune despre aceast\u0103 epoc\u0103 a fost: <em>\u201e\u00cent\u0103re\u0219te ceea ce r\u0103m\u00e2ne, care este pe moarte\u201d<\/em><\/p>\n\n\n\n<p>Acolo lipsea ceva. Desigur, deoarece aceast\u0103 epoc\u0103 avea justificarea prin credin\u021b\u0103, dar \u00eei lipsea sfin\u021birea \u015fi botezul cu Duhul Sf\u00e2nt. Acesta a fost Planul original al lui Dumnezeu, aceasta este ceea ce au avut ei la Rusalii. Ei erau justifica\u021bi, erau sfin\u021bi\u021bi \u0219i umplu\u021bi cu Duhul Sf\u00e2nt. Asculta\u021bi-m\u0103 cu aten\u021bie!<\/p>\n\n\n\n<p>Dup\u0103 primirea neprih\u0103nirii prin credin\u021b\u0103, urmeaz\u0103 sfin\u021birea \u015fi apoi botezul Duhului Sf\u00e2nt. Aceasta este baza bisericii. Ea este Templul lui Dumnezeu umplut cu Dumnezeu, da, cu Duhul Sf\u00e2nt. Acela\u0219i Duh care locuise \u00een Isus \u00een timp ce era aici pe p\u0103m\u00e2nt, f\u0103c\u00e2nd acele lucr\u0103ri m\u0103re\u021be despre care vorbe\u0219te Biblia, a venit apoi peste biserica de la Rusalii pentru ca ea s\u0103 fac\u0103 acelea\u0219i lucr\u0103ri ca Domnul ei.<\/p>\n\n\n\n<p>Trebuie spus \u00eens\u0103 c\u0103 epoca Sardes nu a avut aceste lucr\u0103ri. Ei aveau Cuv\u00e2ntul scris dar nu aveau Cuv\u00e2ntul descoperit. Aceasta era perioada reformei, dar nu te teme, turm\u0103 mic\u0103, fiindc\u0103 Dumnezeu a f\u0103g\u0103duit c\u0103 \u201eva aduce \u00eenapoi\u201d, iar aceast\u0103 reform\u0103 a fost \u00eenceputul acestei restituiri. Astfel, El a \u00eenceput s\u0103 scoat\u0103 biserica din ad\u00e2ncimile Satanei \u015fi din epoca \u00eentunecoas\u0103 pentru a o duce \u00een \u201ead\u00e2ncimile lui Dumnezeu\u201d, a\u0219a cum fusese la Rusalii \u015fi \u00een primii c\u00e2\u021biva ani de existen\u021b\u0103 a bisericii.<\/p>\n\n\n\n<p>Acum fi\u021bi aten\u021bi ca s\u0103 prinde\u021bi aceasta! \u00cen versetul 2 am citit: <em>\u201e\u2026nu am g\u0103sit faptele tale des\u0103v\u00e2r\u0219ite \u00eenaintea Dumnezeului Meu\u201d<\/em>. \u015eti\u021bi ce \u00eenseamn\u0103 cuv\u00e2ntul \u201enedes\u0103v\u00e2r\u0219it\u201d? \u201eNe\u00eemplinit\u201d, \u201eneterminat\u201d, ceea ce \u00eenseamn\u0103 c\u0103 aceast\u0103 epoc\u0103&nbsp; a fost epoc\u0103 neterminat\u0103. Da, a fost \u00eenceputul rea\u0219ez\u0103rii din nou a lucrurilor pierdute. Acesta este motivul pentru care aceast\u0103 lucrare este numit\u0103 \u201ereform\u0103\u201d \u015fi nu \u201erestituire\u201d. Ea a \u00eenceput cu \u00eenv\u0103\u021b\u0103tura despre \u201eneprih\u0103nirea prin credin\u021b\u0103\u201d, care \u00eenseamn\u0103 c\u0103 m\u00e2ntuirea vine numai de la Dumnezeu.<\/p>\n\n\n\n<p>Oh, c\u00e2t de mult a predicat Luther despre suveranitatea lui Dumnezeu \u015fi despre alegerea Sa! El \u0219tia c\u0103 totul este prin har, de aceea a d\u0103r\u00e2mat idolii, a desfiin\u021bat spovedania \u015fi a refuzat s\u0103 recunoasc\u0103 autoritatea papei.<\/p>\n\n\n\n<p>Era ceva minunat, era un \u00eenceput bun, dar Dumnezeu spusese cu o mie cinci sute de ani \u00een urm\u0103 c\u0103 Luther va \u00eencepe ceva, dar nu va putea vedea \u00eemplinirea tuturor lucrurilor deoarece aceasta va r\u0103m\u00e2ne pentru o alt\u0103 epoc\u0103. Aleluia. Dumnezeul nostru domne\u0219te! El cunoa\u0219te sf\u00e2r\u0219itul \u00eenaintea \u00eenceputului. El \u0219tia c\u0103 Luther va fi mesagerul S\u0103u \u015fi aceasta cu toate c\u0103 el nu a sem\u0103nat \u00eentotdeauna cu un b\u0103rbat trimis de Dumnezeu. S\u0103 nu uit\u0103m \u00eens\u0103 c\u0103 Biblia ne vorbe\u0219te despre un b\u0103rbat numit Iona care era plin de defecte. El era un profet al lui Dumnezeu, oric\u00e2t de mult ar \u00eencerca cineva s\u0103 nege aceasta. Adev\u0103rul este c\u0103 Dumnezeu \u00eei cunoa\u0219te pe ai S\u0103i \u015fi are calea Sa pentru fiecare ales al S\u0103u, a\u0219a cum vedem c\u0103 a f\u0103cut cu Iona. El a avut calea Sa cu Luther \u015fi o va avea cu fiecare trimis al S\u0103u, p\u00e2n\u0103 la sf\u00e2r\u0219it.<\/p>\n\n\n\n<p>Acum, noi \u0219tim c\u0103 Sardes este o epoc\u0103 ne\u00eemplinit\u0103, epoca reformei. Dar acest lucru s-a \u00eent\u00e2mplat conform voii lui Dumnezeu. A\u0219 vrea s\u0103 v\u0103 ilustrez acest adev\u0103r, a\u0219a cum am f\u0103cut-o \u015fi atunci c\u00e2nd am discutat cu un frate bun de la luterani care este pre\u0219edintele unui seminar vestit din Vest. El m-a invitat la mas\u0103 deoarece dorea s\u0103 vorbim despre Duhul Sf\u00e2nt. Acest b\u0103rbat era nedumerit cu privire la multe lucruri iar la urm\u0103 m-a \u00eentrebat:<\/p>\n\n\n\n<p>\u201eAtunci ce mai avem noi, luteranii?\u201d<\/p>\n\n\n\n<p>\u201e\u00cel ave\u021bi pe Hristos\u201d am r\u0103spuns eu.<\/p>\n\n\n\n<p>\u201eNoi dorim Duhul Sf\u00e2nt. Ce crezi, \u00cel avem?\u201d<\/p>\n\n\n\n<p>\u201e\u00cen parte\u201d am r\u0103spuns eu, \u201epentru c\u0103 crede\u021bi \u00een El.\u201d<\/p>\n\n\n\n<p>\u201eCe vrei s\u0103 spui prin: \u201e\u00een parte?\u201d m-a \u00eentrebat el. \u201eNoi fl\u0103m\u00e2nzim dup\u0103 Dumnezeu. Am citit o carte despre Cincizecime \u015fi despre darurile Duhului, iar unii dintre noi s-au dus p\u00e2n\u0103 \u00een California ca s\u0103 discute cu autorul ei. Totu\u0219i, c\u00e2nd am ajuns acolo, el ne-a spus c\u0103, de\u0219i a scris cartea, nu posed\u0103 darurile Duhului. C\u00e2nd am v\u0103zut \u00eens\u0103 operarea darurilor \u00een slujba ta, am dorit foarte mult s\u0103 discut\u0103m \u00eempreun\u0103 despre acest subiect.\u201d<\/p>\n\n\n\n<p>Seminarul pe care-l conduce acest frate este foarte cunoscut. El posed\u0103 multe hectare de p\u0103m\u00e2nt care este lucrat cu studen\u021bii pentru a-\u015fi pl\u0103ti trecerea prin colegiu. Au acolo \u015fi c\u00e2teva ateliere \u00een care li se creeaz\u0103 posibilitatea de a lucra.<\/p>\n\n\n\n<p>Acesta este motivul pentru care am luat ca exemplu c\u00e2mpul \u015fi i-am spus: \u201eEra odat\u0103 un om care a ie\u0219it s\u0103 semene porumb pe ogorul s\u0103u. Mai \u00eent\u00e2i, a cur\u0103\u021bat terenul de pietre, apoi a arat \u015fi a gr\u0103pat, iar \u00een final a sem\u0103nat porumbul. \u00cen fiecare diminea\u021b\u0103 a ie\u0219it \u0219i \u0219i-a privit ogorul, iar dup\u0103 c\u00e2teva s\u0103pt\u0103m\u00e2ni, \u00eentr-o diminea\u021b\u0103, el a observat c\u0103 pe tot c\u00e2mpul lui au r\u0103s\u0103rit o mul\u021bime de frunzuli\u021be mici. Privindu-le, a spus plin de bucurie: \u201eL\u0103udat s\u0103 fie Domnul pentru ogorul meu de gr\u00e2u!\u201d L-am \u00eentrebat pe fratele luteran: \u201eAvea acel om porumb?\u201d \u201eP\u0103i, \u00een parte avea\u201d, a spus el \u201eAcesta este adev\u0103rul. El avea gr\u00e2u doar \u00een parte. A\u0219a a fost epoca reformei \u00een care a tr\u0103it Luther. Atunci au r\u0103s\u0103rit aceste frunze mici. Gr\u00e2ul a \u00eenceput s\u0103 creasc\u0103 (dup\u0103 ce acesta a putrezit \u00een p\u0103m\u00e2nt \u00een timpul epocilor \u00eentunecoase). Astfel, dup\u0103 o vreme, planta a \u00eenceput s\u0103 creasc\u0103 \u015fi i-a crescut tulpina cu inflorescen\u021ba.<\/p>\n\n\n\n<p>\u015ei iat\u0103 c\u0103 tulpina cu inflorescen\u021ba ei a privit \u00een jos spre frunze \u015fi a spus: \u201eVoi, luteranii, nu ave\u021bi nimic! Uita\u021bi-v\u0103 la noi, ce minuni de flori avem! O, timpul nostru este timpul marilor misionari!\u201d Timpul tulpinii cu inflorescen\u021ba pe ea este timpul lui Wesley, epoca misiunilor. Ei ne dep\u0103\u0219eau cu mult \u00een lucrarea misionar\u0103 deoarece acesta este timpul \u00een care Evanghelia s-a r\u0103sp\u00e2ndit pretutindeni, a\u0219a cum se r\u0103sp\u00e2nde\u0219te polenul \u00een v\u00e2nt.<\/p>\n\n\n\n<p>Care a fost pasul urm\u0103tor? Desigur, poate ne g\u00e2ndim c\u0103 pasul urm\u0103tor a fost formarea bobului, dar nu este a\u0219a, ci mai exist\u0103 \u00eenc\u0103 o treapt\u0103. Este timpul c\u00e2nd se formeaz\u0103 spicul sau patul pentru bob, iar duhovnice\u0219te acest lucru s-a \u00eent\u00e2mplat la \u00eenceputul secolului dou\u0103zeci. Da, la \u00eenceputul epocii Laodicea, Duhul Sf\u00e2nt S-a rev\u0103rsat peste oameni, la fel ca la Rusalii (polenizarea), a\u0219a c\u0103 oamenii vorbeau \u00een limbi&nbsp; \u015fi pretindeau c\u0103 aceasta ar fi dovada botezului cu Duhul Sf\u00e2nt. Eu am umblat \u00eens\u0103 adesea prin ogoarele de gr\u00e2u \u015fi am rupt spice, dup\u0103 care le-am frecat \u00een m\u00e2n\u0103 ca s\u0103 scot c\u00e2teva boabe. Dar nu, \u00een aceast\u0103 pleav\u0103 nu era nici un bob de gr\u00e2u, de\u0219i la exterior se p\u0103rea c\u0103 spicul con\u021bine boabe. Acesta este un tablou complet spre mi\u0219carea penticostal\u0103, iar dovada c\u0103 acesta este adev\u0103rul cu privire la ei este c\u0103 au intrat iar\u0103\u0219i \u00eentr-o organiza\u021bie, stabilindu-\u0219i dogme \u015fi doctrine ca \u00eenv\u0103\u021b\u0103tur\u0103, prin aceasta leg\u00e2ndu-se ca \u015fi \u00eenainta\u0219ii lor. Prin aceasta, ei au dovedit clar c\u0103 nu sunt s\u0103m\u00e2n\u021ba adev\u0103rat\u0103 ci numai spicul, pleava care formeaz\u0103 patul pentru s\u0103m\u00e2n\u021ba adev\u0103rat\u0103.<\/p>\n\n\n\n<p>Despre aceast\u0103 epoc\u0103 a plevei a vorbit \u015fi Domnul Isus \u00een Matei 24.24: <em>\u201eC\u0103ci se vor scula hristo\u0219i mincino\u0219i \u015fi proroci mincino\u0219i, vor face semne mari \u015fi minuni p\u00e2n\u0103 acolo \u00eenc\u00e2t s\u0103 \u00een\u0219ele, dac\u0103 ar fi cu putin\u021b\u0103, chiar \u015fi pe cei ale\u0219i.\u201d<\/em> Da, oamenii vedeau c\u0103 aceast\u0103 coaj\u0103, a\u015fa zisa epoc\u0103 penticostal\u0103, ar fi s\u0103m\u00e2n\u021ba adev\u0103rat\u0103, dar s-a dovedit c\u0103 ea este numai purt\u0103torul, transmi\u021b\u0103torul vie\u021bii \u00eentr-o alt\u0103 epoc\u0103 \u00een care se va \u00eemplini promisiunea de restaurare, descoperind Mireasa Gr\u00e2u manifestat\u0103 \u00een puterea, a\u0219a cum a vorbit prorocul Ioel \u00een capitolul 2.23-25: <em>\u201e\u015ei voi, copii ai Sionului, bucura\u021bi-v\u0103 \u015fi veseli\u021bi-v\u0103 \u00een Domnul, Dumnezeul vostru, c\u0103ci El v\u0103 va da ploaie timpurie \u015fi t\u00e2rzie, ca odinioar\u0103.<\/em><\/p>\n\n\n\n<p><em>Ariile se vor umple de gr\u00e2u, vor geme tocitoarele \u015fi teascurile de must \u015fi de untdelemn.<\/em><\/p>\n\n\n\n<p><em>V\u0103 voi r\u0103spl\u0103ti astfel anii pe care i-au m\u00e2ncat l\u0103custele Arbeh, Ielec, Hasil \u015fi Gazam, o\u0219tirea mea cea mare pe care am trimis-o \u00eempotriva voastr\u0103.\u201d<\/em><\/p>\n\n\n\n<p>\u015ei Ezechiel 47.2-5: <em>\u201eM-a scos pe poarta de miaz\u0103noapte \u015fi m-a f\u0103cut s\u0103 ocolesc pe din afar\u0103 p\u00e2n\u0103 la poarta de r\u0103s\u0103rit. \u015ei iat\u0103 c\u0103 apa curgea din partea dreapt\u0103.<\/em><\/p>\n\n\n\n<p><em>C\u00e2nd a \u00eenaintat omul acela spre r\u0103s\u0103rit, cu m\u0103sura \u00een m\u00e2n\u0103, a m\u0103surat o mie de co\u021bi \u015fi m-a trecut prin ap\u0103; apa \u00eemi venea p\u00e2n\u0103 la glezne.<\/em><\/p>\n\n\n\n<p><em>A mai m\u0103surat iar\u0103\u0219i o mie de co\u021bi \u015fi m-a pus s\u0103 trec prin ap\u0103 \u015fi apa \u00eemi ajungea p\u00e2n\u0103 la genunchi. A m\u0103surat iar\u0103\u0219i o mie de co\u021bi \u015fi m-a trecut prin ea \u015fi apa \u00eemi venea p\u00e2n\u0103 la \u0219olduri.<\/em><\/p>\n\n\n\n<p><em>A m\u0103surat iar\u0103\u0219i o mie de co\u021bi \u015fi atunci era un r\u00e2u pe care nu-l puteam trece c\u0103ci apa era at\u00e2t de ad\u00e2nc\u0103 \u00eenc\u00e2t trebuia s\u0103 \u00eenot \u2013 un r\u00e2u care nu se putea trece.\u201d<\/em><\/p>\n\n\n\n<p>\u015ei modul \u00een care s-a f\u0103cut aceasta a fost prin voia des\u0103v\u00e2r\u0219it\u0103 a lui Dumnezeu. Luteranii au avut Duhul Sf\u00e2nt \u00eentr-o m\u0103sur\u0103, sub neprih\u0103nirea prin credin\u021b\u0103; metodi\u0219tii L-au avut sub sfin\u021benie, iar ast\u0103zi El este aici prin restituire.<\/p>\n\n\n\n<p>&nbsp;\u201e\u2026<strong><em>Vegheaz\u0103 \u015fi \u00eent\u0103re\u0219te ceea ce r\u0103m\u00e2ne, care e pe moarte<\/em><\/strong>.\u201d<\/p>\n\n\n\n<p>Aceste dou\u0103 cuvinte \u201evegheaz\u0103\u201d \u015fi \u201e\u00eent\u0103re\u0219te\u201d exprim\u0103 dou\u0103 lucruri: \u201eA veghea\u201d nu \u00eenseamn\u0103 numai \u201ea fi treaz\u201d ci \u015fi \u201ea fi atent\u201d. Deci, s\u0103 veghezi cu aten\u021bie, c\u0103ci dac\u0103 nu suntem veghetori vine pericolul \u015fi pierzarea. \u201e\u00cent\u0103re\u0219te\u201d \u00eenseamn\u0103 mai mult dec\u00e2t \u201ea da putere\u201d \u015fi anume \u201ea consolida\u201d, \u201ea repara\u201d, \u201ea zidi pe baze tari.\u201d<\/p>\n\n\n\n<p>Aceste dou\u0103 porunci se refer\u0103 la ceea ce a mai r\u0103mas din Adev\u0103rul care era \u00een pericol s\u0103 se sting\u0103, s\u0103 moar\u0103. Aceast\u0103 exprimare a Duhului Sf\u00e2nt st\u0103 \u00een fa\u021ba mea ca o ilustrare: un grup de sclavi afla\u021bi \u00eentr-o robie total\u0103, fizic\u0103 \u015fi moral\u0103, care s-au r\u0103sculat \u015fi au sc\u0103pat de st\u0103p\u00e2nul lor. Aceasta este ceea ce \u00eenseamn\u0103 \u201e<strong>Sardes<\/strong>\u201d, \u201e<strong>evada\u021bi<\/strong>\u201d.<\/p>\n\n\n\n<p>Ei sunt urm\u0103ri\u021bi, iar marile \u0219i glorioasele lor biruin\u021be sunt totul. Ceea ce se poate spune despre ei este c\u0103, de\u0219i au sc\u0103pat \u0219i nu au fost adu\u0219i \u00eenapoi, nu au avut o evadare sau ie\u0219ire conform Cuv\u00e2ntului, deoarece nu dup\u0103 mult timp au pierdut mult din libert\u0103\u021bile c\u00e2\u0219tigate. De aceea, Domnul spune: \u201ePoten\u021bial, voi sunte\u021bi \u00eenapoi \u00een robie, de aceea veghea\u021bi ca s\u0103 nu c\u0103de\u021bi \u00eenapoi. Fi\u021bi aten\u021bi \u015fi p\u0103zi\u021bi ceea ce ave\u021bi ca s\u0103 nu fi\u021bi du\u0219i din nou \u00een robie \u015fi s\u0103 pierde\u021bi totul! \u00cent\u0103ri\u021bi ceea ce a r\u0103mas ca s\u0103 pute\u021bi cl\u0103di pe aceasta \u015fi astfel s\u0103 ave\u021bi siguran\u021ba c\u0103 nu o ve\u021bi pierde. Aceasta este singura voastr\u0103 \u0219ans\u0103 de a \u00eemplini ceea ce nu a\u021bi \u00eemplinit \u00eenc\u0103.\u201d<\/p>\n\n\n\n<p>Dar au mers ei mai departe? Nu, domnule, ei nu au ascultat glasul Domnului, ci s-au \u00eentors \u00eenapoi \u00een robie, iar Dumnezeu a ridicat al\u021bii s\u0103-I \u00eemplineasc\u0103 voia. Dumnezeu a trecut pe l\u00e2ng\u0103 denomina\u021biunea luteran\u0103 a\u0219a cum a trecut de altfel \u015fi pe l\u00e2ng\u0103 celelalte, iar ele nu se vor mai \u00eentoarce niciodat\u0103 \u00een libertate. Dumnezeu a mers mai departe, \u00eentr-o nou\u0103 epoc\u0103, s\u0103 aduc\u0103 alte Adev\u0103ruri \u0219i mai mult\u0103 restaurare.<\/p>\n\n\n\n<p><strong>\u00cendemnul lui Dumnezeu<\/strong><\/p>\n\n\n\n<p>Apocalipsa 3.3: \u201e<strong><em>Adu-\u021bi aminte dar cum ai primit \u015fi auzit! \u0162ine \u015fi poc\u0103ie\u0219te-te! Dac\u0103 nu veghezi, voi veni ca un ho\u021b \u015fi nu vei \u0219ti \u00een care ceas voi veni peste tine<\/em><\/strong>.\u201d<\/p>\n\n\n\n<p>Vreau s\u0103 mai aduc o traducere (Wuest) a acestui verset: \u201e<em>Fii cu luare aminte cum ai primit, cum ai auzit \u0219i cum p\u0103strezi aceasta, \u0219i schimb\u0103-\u021bi g\u00e2ndul imediat!<\/em>\u201d<\/p>\n\n\n\n<p>Din versetul acesta reiese c\u0103 Dumnezeu le-a dat Adev\u0103rul ca o arvun\u0103. Ei L-au primit \u015fi le apar\u021bine, dar r\u0103m\u00e2ne de v\u0103zut dac\u0103 ei \u00cel vor respecta \u015fi-L vor \u021bine. Acesta este adev\u0103rul. Ei au primit Adev\u0103rul de baz\u0103 al Evangheliei: \u201eCel neprih\u0103nit va tr\u0103i prin credin\u021b\u0103\u201d \u015fi \u201eM\u00e2ntuirea vine de la Domnul\u201d.<\/p>\n\n\n\n<p>Ei au auzit adev\u0103rul biblic \u015fi, ca urmare, au aruncat toate doctrinele Romei, refuz\u00e2nd totodat\u0103 s\u0103 mai recunoasc\u0103 autoritatea papal\u0103. Ei \u0219tiau adev\u0103rul, c\u0103 biserica nu poate s\u0103 m\u00e2ntuiasc\u0103; au \u00een\u021beles Cina Domnului; aveau lumin\u0103 cu privire la botezul \u00een ap\u0103 \u015fi au scos afar\u0103 chipurile, icoanele. P\u0103i, nu a existat niciodat\u0103 o epoc\u0103 \u00een care s\u0103 fie lumina\u021bi at\u00e2t de mul\u021bi b\u0103rba\u021bi! Da, ei aveau suficient\u0103 lumin\u0103 pentru a dep\u0103\u015fi sistemul vechi, pas cu pas, \u015fi pentru a \u00eencepe din nou sub c\u0103l\u0103uzirea lui Dumnezeu. Ei primiser\u0103 Adev\u0103rul, \u00cel voiau \u015fi-L ascultau.<\/p>\n\n\n\n<p>R\u0103m\u00e2ne \u00eens\u0103 \u00eentrebarea: Cum au auzit ei acest Adev\u0103r? L-au auzit s\u0103 zideasc\u0103 pe El sau au procedat la fel ca grecii, care fac mult\u0103 filozofie? Evident, bogatul Cuv\u00e2nt al adev\u0103rului vestit a fost ascultat \u00een mod academic, \u00een loc s\u0103-L primeasc\u0103 printr-o tr\u0103ire practic\u0103, deoarece Dumnezeu cere o schimbare a g\u00e2ndirii \u00een acest scop. Dac\u0103 Cuv\u00e2ntul lui Dumnezeu este astfel, trebuie s\u0103-L ascult\u0103m deoarece cine nu I se supune va c\u0103dea sub pedeapsa judec\u0103\u021bii.<\/p>\n\n\n\n<p>C\u00e2nd p\u0103zitorii Templului erau g\u0103si\u021bi dormind, erau b\u0103tu\u021bi \u0219i \u00eembr\u0103c\u0103mintea lor ars\u0103. Ce va face atunci Dumnezeu cu cei care n-au vegheat \u00een epoca aceasta?<\/p>\n\n\n\n<p>\u201e\u2026<strong><em>voi veni ca un ho\u021b<\/em><\/strong>.\u201d<\/p>\n\n\n\n<p>Sardesul antic era h\u0103r\u021buit tot timpul de bandi\u021bi care coborau din mun\u021bi, jefuindu-i pe oameni. Astfel, ei \u0219tiau foarte bine ce spunea Duhul c\u00e2nd zicea c\u0103 Domnul, \u201eva veni ca un ho\u021b\u201d. O veghere vigilent\u0103 \u0219i preg\u0103tirea vor fi \u00eendeajuns pentru a fi gata pentru venirea Lui.<\/p>\n\n\n\n<p>Noi \u0219tim c\u0103 acesta este un mesaj pentru vi\u021ba fals\u0103, fiindc\u0103 venirea Domnului va fi ca \u00een zilele lui Noe. Cele opt persoane salvate \u0219i-au dat seama c\u0103 potopul era iminent, a\u0219a c\u0103 s-au preg\u0103tit \u0219i au fost salvate, \u00een timp ce \u00eentreaga lume necredincioas\u0103 a fost nimicit\u0103. De\u0219i erau zilnic \u00een contact cu cei neprih\u0103ni\u021bi \u0219i auzeau Adev\u0103rul, ei au refuzat&nbsp;&nbsp; s\u0103-L primeasc\u0103 p\u00e2n\u0103 c\u00e2nd a fost prea t\u00e2rziu.<\/p>\n\n\n\n<p>Acesta este motivul pentru care acei oameni complet fire\u0219ti sunt simbolul cre\u0219tinilor cu nume de ast\u0103zi, a c\u0103ror via\u021b\u0103 este plin\u0103 de lucruri p\u0103m\u00e2nte\u0219ti, g\u0103sind pl\u0103cere \u00een ele \u00een a\u0219a m\u0103sur\u0103 \u00eenc\u00e2t nu ai nicio dorin\u021b\u0103 pentru cele spirituale, \u0219i nu sunt nici con\u0219tien\u021bi, nici preg\u0103ti\u021bi pentru apari\u021bia Lui.<\/p>\n\n\n\n<p><strong>Lauda<\/strong><\/p>\n\n\n\n<p>Apocalipsa 3.4: <em>\u201e<strong>Totu\u0219i, ai \u00een Sardes c\u00e2teva nume care nu \u015fi-au m\u00e2njit hainele. Ei vor umbla \u00eempreun\u0103 cu Mine, \u00eembr\u0103ca\u021bi \u00een alb, fiindc\u0103 sunt vrednici<\/strong>.\u201d<\/em><\/p>\n\n\n\n<p>Cuv\u00e2ntul \u201enume\u201d se refer\u0103 la persoane, a\u015fa cum putem citi \u00een Fapte 1.15:&nbsp; <em>\u201e&#8230;num\u0103rul celor aduna\u021bi laolalt\u0103 era de aproape o sut\u0103 dou\u0103zeci.\u201d<\/em> Pentru mine acest sens merge mai departe cu explica\u021bia, ar\u0103t\u00e2nd c\u0103 aici nu este vorba numai de oameni, ci ne scoate \u00een eviden\u021b\u0103 adev\u0103rul subliniat \u00een fiecare epoc\u0103, adev\u0103rul despre componen\u021ba bisericii care este format\u0103 din cele dou\u0103 vi\u021be: vi\u021ba adev\u0103rat\u0103 \u015fi vi\u021ba fals\u0103. \u00cen suveranitatea Sa, Dumnezeu le-a l\u0103sat \u00eempreun\u0103, numindu-le \u201ebiserica\u201d.<\/p>\n\n\n\n<p>Vede\u021bi felul \u00een care se adreseaz\u0103 Dumnezeu bisericii din epoca aceasta? El spune simplu: \u201eBisericii (nu bisericilor) din Sardes\u2026\u201d \u015fi \u00een continuare vorbe\u0219te tot la singular: \u201eCunosc faptele tale (singular) \u2026dar e\u0219ti mort (singular) sau \u201efaptele tale nu sunt des\u0103v\u00e2r\u0219ite \u00eenaintea Mea\u201d, dup\u0103 care adaug\u0103: \u201eTotu\u0219i, ai acolo (\u00een biserica din Sardes) c\u00e2teva nume, care sunt corec\u021bi \u015fi nu gre\u0219i\u021bi ca majoritatea, \u015fi care vor \u201eumbla \u00eembr\u0103ca\u021bi \u00een haine albe, c\u0103ci sunt vrednici de Mine\u201d.<\/p>\n\n\n\n<p>Ace\u0219tia sunt adev\u0103ra\u021bii sfin\u021bi ai lui Dumnezeu care tr\u0103iau o via\u021b\u0103 pl\u0103cut\u0103 Domnului lor \u015fi ale c\u0103ror haine (fapte) erau curate. Voi \u0219ti\u021bi c\u0103 mai demult, oamenii purtau haine lungi \u015fi astfel se umpleau de praf sau de noroi. Ace\u0219tia \u00eens\u0103 umblau cu grij\u0103 pentru a nu fi murd\u0103ri\u021bi \u0219i strica\u021bi de lume. Ei tr\u0103iau \u015fi umblau prin Duhul, erau sfin\u021bi \u015fi f\u0103r\u0103 cusur \u00eenaintea lui Dumnezeu, deoarece \u00eemplineau scopul Lui, a\u0219a cum putem citi \u00een Efeseni 1.4: <em>\u201e\u00cen El, Dumnezeu ne-a ales \u00eenainte de \u00eentemeierea lumii ca s\u0103 fim sfin\u021bi \u015fi f\u0103r\u0103 prihan\u0103 \u00eenaintea Lui, dup\u0103 ce \u00een dragostea Lui ne-a r\u00e2nduit mai dinainte \u2026\u201d<\/em><\/p>\n\n\n\n<p>Versetul citit la \u00eenceputul acestei teme ne spune c\u0103 \u00een epoca Sardes ale\u0219ii lui Dumnezeu se rezum\u0103 la c\u00e2teva nume, ceea ce \u00eent\u0103re\u0219te lucrurile pe care le-am \u00eenv\u0103\u021bat despre ea. Epoca Sardes era haotic\u0103 \u0219i ne\u00eemplinit\u0103, deoarece era \u00eemp\u0103r\u021bit\u0103 \u00een mai multe direc\u021bii, ceea ce a f\u0103cut ca Dumnezeu s-o mustre cu toat\u0103 asprimea. Sardes era o epoc\u0103 slab\u0103 \u015fi bolnav\u0103, pe moarte, nu una glorioas\u0103, cum \u00eencearc\u0103 s-o prezinte unii istorici protestan\u021bi fire\u0219ti. Ea poate fi comparat\u0103 cu un pom bolnav, ale c\u0103rui frunze zb\u00e2rcite cad \u00eenainte de vreme. El are doar c\u00e2teva fructe deformate \u0219i vierm\u0103noase, care c\u0103deau la p\u0103m\u00e2nt, dar sta\u021bi pu\u021bin! Acolo sus la v\u00e2rf, unde lumina soarelui este mai puternic\u0103 erau \u201ec\u00e2teva nume\u201d, primele roade, des\u0103v\u00e2r\u0219i\u021bi \u00een El, pentru c\u0103 au fost n\u0103scu\u021bi din El, umplu\u021bi cu El \u0219i umblau cu El prin Cuv\u00e2ntul Lui. L\u0103udat s\u0103 fie Domnul pentru aceste \u201ec\u00e2teva nume\u201d!<\/p>\n\n\n\n<p>\u201e<strong><em>Ei vor umbla cu Mine<\/em><\/strong>.\u201d<\/p>\n\n\n\n<p>Aceasta este f\u0103g\u0103duin\u021ba Domnului pentru ei, deoarece au umblat drept cu El. Aceasta este o parte a mo\u0219tenirii pe care le-a preg\u0103tit-o Domnul lor, deoarece au vrut s\u0103 umble cu El prin greut\u0103\u021bile \u015fi capcanele vie\u021bii, ca s\u0103 fie o laud\u0103 pentru El. Acesta este motivul pentru care El \u00eei va r\u0103spl\u0103ti negre\u0219it. El nu va uita munca \u015fi dragostea noastr\u0103, \u0219i ne va r\u0103spl\u0103ti pentru eforturile noastre de a-L mul\u021bumi.<\/p>\n\n\n\n<p>Ale\u0219ii din Sardes au trecut prin lumea aceasta, dar nu au luat parte la lucrurile ei, nu s-au l\u0103sat birui\u021bi de sistemul lumesc. \u00cen timp ce oamenii cu vaz\u0103 au cedat \u00een fa\u021ba promisiunilor statului \u015fi au ales mai degrab\u0103 preocuparea politic\u0103 dec\u00e2t preocuparea spiritual\u0103, aceste \u201ec\u00e2teva nume\u201d erau numai pentru Cuv\u00e2ntul lui Dumnezeu, l\u0103ud\u00e2ndu-L prin purtarea \u015fi faptele lor.<\/p>\n\n\n\n<p>Acesta este motivul pentru care \u015fi El \u00eei va onora, a\u0219a c\u0103 ei vor umbla cu El \u00een haine albe. Ei s-au identificat cu El aici pe p\u0103m\u00e2nt, de aceea \u015fi El se va identifica cu ei \u00een Noul Ierusalim.<\/p>\n\n\n\n<p>\u015ei ce minunat\u0103 va fi acea identificare! Aceasta m\u0103 face&nbsp;&nbsp; s\u0103 m\u0103 bucur \u015fi \u00een acela\u0219i timp s\u0103 pl\u00e2ng, fiindc\u0103 m\u0103 g\u00e2ndesc la bun\u0103voin\u021ba Lui, deoarece ve\u021bi observa c\u0103 El nu este \u00eembr\u0103cat diferit de sfin\u021bii S\u0103i, cum ar face conduc\u0103torii p\u0103m\u00e2nte\u0219ti. Nu, ei sunt ca El \u0219i El este ca ei. Ei sunt ca El, a\u0219a cum a spus Ioan: \u201e<em>C\u0103ci \u00cel vom vedea a\u0219a cum este<\/em>.\u201d<\/p>\n\n\n\n<p>\u201e\u2026<strong><em>fiindc\u0103 sunt vrednici<\/em><\/strong>.\u201d<\/p>\n\n\n\n<p>Observa\u021bi Cine spune aceste cuvinte? Isus cel vrednic \u00censu\u0219i, singurul care merit\u0103 aceasta. El este Singurul socotit vrednic, care a luat cartea din m\u00e2na Celui ce \u0219edea pe tron, iar acum, Singurul care merit\u0103 slava \u015fi lauda spune referindu-Se la sfin\u021bii S\u0103i: \u201eVoi sunte\u021bi vrednici\u201d. El singur este \u00een stare s\u0103 judece \u015fi iat\u0103 c\u0103 cuvintele Sale sunt: \u201eVoi sunte\u021bi vrednici\u201d. Aceste cuvinte sunt at\u00e2t de cople\u0219itoare! Da, ele sunt asemenea celor scrise \u00een Romani 8.33: <em>\u201eCine va ridica p\u00e2r\u0103 \u00eempotriva ale\u0219ilor lui Dumnezeu? Dumnezeu este Acela care-i socote\u0219te neprih\u0103ni\u021bi.\u201d<\/em> (\u201e<em>Dumnezeu zice c\u0103 eu sunt neprih\u0103nit<\/em>\u201d). (traducerea Way). Aici este lumina alb\u0103 a neprih\u0103nirii lui Dumnezeu. Asculta\u021bi deci glasul dulce al lui Isus care zice: \u201eEi sunt ale\u0219ii Mei! Ei sunt neprih\u0103ni\u021bi \u015fi vrednici \u015fi vor umbla cu Mine \u00een haine albe.\u201d<\/p>\n\n\n\n<p><strong>F\u0103g\u0103duin\u021ba pentru biruitori<\/strong><\/p>\n\n\n\n<p>Apocalipsa 3.5: <strong><em>\u201eCel ce va birui va fi \u00eembr\u0103cat \u00een haine albe. Nu-i voi \u0219terge nicidecum numele din cartea vie\u021bii \u015fi voi m\u0103rturisi numele lui \u00eenaintea Tat\u0103lui Meu \u015fi \u00eenaintea \u00eengerilor Lui.\u201d<\/em><\/strong><\/p>\n\n\n\n<p><strong><em>\u201eCel ce va birui va fi \u00eembr\u0103cat \u00een haine albe\u201d<\/em><\/strong><strong>.<\/strong> Aceasta este o repetare a versetului 4, \u00een care se face referire la cele c\u00e2teva nume care nu \u015fi-au murd\u0103rit hainele. Cu c\u00e2\u021biva ani \u00een urm\u0103 printre noi era o zical\u0103: \u201eP\u0103stra\u021bi-v\u0103 fustele curate!\u201d, ceea ce \u00eensemna s\u0103 nu te amesteci \u00een lucruri \u00eendoielnice; al\u021bii vor fi amesteca\u021bi, iar tu ai putea fi ispitit s\u0103 fii amestecat; sau cineva ar putea chiar s\u0103 \u00eencerce s\u0103 te amestece. R\u0103m\u00e2ne\u021bi departe de asemenea lucruri, fiindc\u0103 Dumnezeu \u00eei va r\u0103spl\u0103ti pe to\u021bi aceia care vor asculta sfatul S\u0103u. Ei vor fi \u00eembr\u0103ca\u021bi \u00een haine albe, ca Domnul lor.<\/p>\n\n\n\n<p>Petru, Iacov \u015fi Ioan L-au v\u0103zut pe muntele schimb\u0103rii la fa\u021b\u0103, c\u00e2nd hainele Lui erau albe ca lumina. La fel vor fi \u00eembr\u0103ca\u021bi \u015fi sfin\u021bii. Hainele lor vor str\u0103luci, fiind extrem de albe.<\/p>\n\n\n\n<p>Voi \u0219ti\u021bi c\u0103 noi tr\u0103im \u00een timpul sf\u00e2r\u0219itului, \u00een timpul \u00een care bisericile se vor uni \u015fi, a\u0219a cum controleaz\u0103 politica lumii, \u00een cur\u00e2nd ele vor controla \u015fi finan\u021bele lumii. Atunci, dac\u0103 nu apar\u021bine\u021bi organiza\u021biei mondiale a bisericilor, nu ve\u021bi putea cump\u0103ra sau vinde, ve\u021bi pierde totul. Cei ce stau credincio\u0219i cu Dumnezeu \u015fi \u00ee\u0219i p\u0103streaz\u0103 hainele curate, prin faptul c\u0103 refuz\u0103 s\u0103 intre \u00een sistemul lumesc al bisericilor, vor fi deposeda\u021bi fizic. Da, ei vor \u00eencerca s\u0103 v\u0103 ispiteasc\u0103 s\u0103 ceda\u021bi. Predicatorii vor ceda cu scuza c\u0103-L vor sluji pe Dumnezeu \u015fi \u00een cadrul sistemului fiarei antihriste. Ei vor ceda \u00een fa\u021ba lingu\u0219elilor \u015fi a cuvintelor m\u0103gulitoare spuse de ierarhia catolic\u0103, iar oamenii \u00eei vor urma pe ace\u0219ti p\u0103stori fal\u0219i, direct la m\u0103cel\u0103rie. La judecat\u0103, ei to\u021bi vor fi g\u0103si\u021bi goi, nu vor avea haine albe \u015fi nici nu vor umbla cu El. Nicidecum, deoarece voi nu pute\u021bi umbla \u00een hainele murdare ale lumii, d\u00e2nd m\u00e2na cu diavolul, apoi s\u0103 a\u0219tepta\u021bi s\u0103 fi\u021bi cu Dumnezeu.<\/p>\n\n\n\n<p>Este deci timpul s\u0103 v\u0103 trezi\u021bi \u015fi s\u0103 auzi\u021bi Glasul lui Dumnezeu care v\u0103 strig\u0103 prin cuv\u00e2ntul S\u0103u: \u201eIe\u0219i\u021bi afar\u0103 din religia organizat\u0103, poporul Meu, ca s\u0103 nu fi\u021bi p\u0103rta\u0219i la p\u0103catele ei \u015fi s\u0103 nu fi\u021bi lovi\u021bi cu pl\u0103gile cu care va fi lovit\u0103 ea!\u201d Amin.<\/p>\n\n\n\n<p>Dumnezeu spune: \u201eDep\u0103rta\u021bi-v\u0103 de religia acestei lumi, ca de o plag\u0103. \u00cenceta\u021bi s\u0103 mai umbla\u021bi cu lumea! Cur\u0103\u021bi\u021bi-v\u0103 hainele prin poc\u0103in\u021b\u0103 \u015fi S\u00e2ngele Mielului. Face\u021bi lucrul acesta acum, c\u0103ci m\u00e2ine s-ar putea s\u0103 fie prea t\u00e2rziu!\u201d<\/p>\n\n\n\n<p>\u201e<strong><em>Celui ce va birui nu-i vor \u0219terge numele din cartea vie\u021bii<\/em><\/strong>.\u201d<\/p>\n\n\n\n<p>Iat\u0103 c\u0103 am ajuns la o alt\u0103 por\u021biune dificil\u0103 din Cuv\u00e2nt! Acest verset este folosit at\u00e2t de calvini\u0219ti, c\u00e2t \u015fi de arminieni s\u0103 convin\u0103 scopurilor lor. Arminienii sunt de p\u0103rere c\u0103 acest verset anuleaz\u0103 Cuv\u00e2ntul din Ioan 6.37-44:<\/p>\n\n\n\n<p><em>\u201eTot ce-Mi d\u0103 Tat\u0103l va ajunge la Mine; \u015fi pe cel ce vine la Mine nu-l voi izgoni afar\u0103.<\/em><\/p>\n\n\n\n<p><em>C\u0103ci M-am pogor\u00e2t din cer ca s\u0103 fac nu voia Mea, ci voia Celui ce M-a trimis.<\/em><\/p>\n\n\n\n<p><em>\u015ei voia Celui ce M-a trimis este s\u0103 nu pierd nimic din tot ce Mi-a dat El, ci s\u0103-l \u00eenviez \u00een ziua de apoi.<\/em><\/p>\n\n\n\n<p><em>Voia Tat\u0103lui Meu este ca oricine vede pe Fiul \u015fi crede \u00een El, s\u0103 aib\u0103 via\u021ba ve\u0219nic\u0103; \u015fi Eu \u00eel voi \u00eenvia \u00een ziua de apoi.\u201d<\/em><\/p>\n\n\n\n<p><em>Iudeii c\u00e2rteau \u00eempotriva Lui pentru c\u0103 zisese: \u201eEu sunt p\u00e2inea care s-a pogor\u00e2t din cer.\u201d<\/em><\/p>\n\n\n\n<p><em>&nbsp;\u015ei ziceau: \u201eOare nu este acesta Isus, fiul lui Iosif, pe al c\u0103rui tat\u0103 \u015fi mam\u0103 \u00eei cunoa\u0219tem?\u201d<\/em><\/p>\n\n\n\n<p><em>Cum zice El atunci: \u201eEu M-am pogor\u00e2t din cer?\u201d<\/em><\/p>\n\n\n\n<p><em>Isus le-a r\u0103spuns: \u201eNu c\u00e2rti\u021bi \u00eentre voi! Nimeni nu poate veni la Mine dac\u0103 nu-l atrage Tat\u0103l, care M-a trimis; \u015fi Eu \u00eel voi \u00eenvia \u00een ziua de apoi.\u201d<\/em><\/p>\n\n\n\n<p>Arminismul vede \u00een aceste cuvinte c\u0103 planul lui Dumnezeu nu este un scop suveran, ci doar o dorin\u021b\u0103 de \u00eemp\u0103care, a\u0219a c\u0103 El a\u0219teapt\u0103 s\u0103 vad\u0103 ce fac oamenii cu bun\u0103tatea \u015fi darurile Lui, chiar \u015fi cu via\u021ba ve\u0219nic\u0103.<\/p>\n\n\n\n<p>Pe partea cealalt\u0103, calvini\u0219tii au alt\u0103 p\u0103rere. Ei v\u0103d \u00een versetul acesta o m\u00e2ng\u00e2iere puternic\u0103 pentru sfin\u021bii \u00eentrista\u021bi \u015fi suferinzi. Indiferent c\u00e2t de rele sunt timpurile, c\u00e2t de groaznic\u0103 este prigoana, biruitorul este unul care crede c\u0103 Isus este Hristosul \u015fi, ca urmare, numele lui nu va fi \u0219ters din Carte.<\/p>\n\n\n\n<p>Unii sunt de p\u0103rere c\u0103 aceast\u0103 Carte a Vie\u021bii nu este Cartea Vie\u021bii Mielului. Aceasta se datoreaz\u0103 faptului c\u0103 atunci c\u00e2nd cineva cite\u0219te un verset \u00een mod superficial \u015fi \u00een\u021belegerea lui va fi la fel de superficial\u0103. Posibilitatea ca numele s\u0103 fie scos din eviden\u021bele lui Dumnezeu trebuie cercetat\u0103 cu mai mult\u0103 aten\u021bie dec\u00e2t am crezut p\u00e2n\u0103 acum, deoarece mul\u021bi studen\u021bi sunt de p\u0103rere c\u0103 Dumnezeu trece numele celor n\u0103scu\u021bi din nou \u00een Cartea Vie\u021bii Mielului la timpul rena\u0219terii lor. Tot ei spun c\u0103 dac\u0103 numele lor va fi \u0219ters dintr-un motiv sau altul, atunci locul acela din Carte va r\u0103m\u00e2ne gol, adic\u0103 a\u0219a cum era \u00eenainte ca numele s\u0103 fie trecut acolo, ceea ce este \u00een total\u0103 opozi\u021bie cu ceea ce \u00eenva\u021b\u0103 Cuv\u00e2ntul.<\/p>\n\n\n\n<p>Chiar de la \u00eenceputul studiului nostru, vreau s\u0103 se \u0219tie c\u0103 nu exist\u0103 nici un text biblic care s\u0103 \u00eenve\u021be c\u0103 Dumnezeu face \u00een prezent o eviden\u021b\u0103 a numelor. Adev\u0103rul este c\u0103 acest lucru s-a f\u0103cut \u00eenainte de \u00eentemeierea lumii, a\u0219a cum putem vedea imediat. Astfel, vom vedea c\u0103 sunt dou\u0103 grupuri de oameni \u0219i c\u0103 ambele au avut ocazia s\u0103 primeasc\u0103 Via\u021b\u0103 ve\u0219nic\u0103; unul a primit Via\u021ba ve\u0219nic\u0103 \u0219i \u0219i-a avut numele pus \u00een Carte, \u00een timp ce cel\u0103lalt grup au refuzat-o \u0219i astfel numele lor nu a fost pus \u00een Carte.<\/p>\n\n\n\n<p>Noi vom ar\u0103ta, prin Scriptur\u0103, c\u0103 mul\u021bi care nici m\u0103car nu au fost n\u0103scu\u021bi din nou, vor merge \u00een Via\u021ba ve\u0219nic\u0103.&nbsp; Oric\u00e2t pare de straniu, este cu certitudine adev\u0103rat. De asemenea, vom ar\u0103ta c\u0103 exist\u0103 un grup de oameni ale c\u0103ror nume fiind puse \u00een acea Eviden\u021b\u0103, \u00eenainte de \u00eentemeierea lumii, nu pot fi \u0219terse sub nicio circumstan\u021b\u0103, dar vom ar\u0103ta c\u0103 exist\u0103 \u0219i un alt grup, ale c\u0103ror nume erau \u00een acea Eviden\u021b\u0103 \u00eenainte de \u00eentemeierea lumii, dar vor fi \u0219terse de acolo.<\/p>\n\n\n\n<p>De la \u00eenceput vreau s\u0103 spun c\u0103 nu exist\u0103 nicio baz\u0103 pentru preten\u021bia c\u0103&nbsp; de fapt Cartea Vie\u021bii Mielului nu este aceea\u0219i cu Cartea Vie\u021bii. Cartea Vie\u021bii poate fi numit\u0103 \u015fi Cartea Vie\u021bii Mielului sau Cartea Vie\u021bii lui Hristos sau chiar Cartea ta sau Cartea celor vii.<\/p>\n\n\n\n<p>\u00cen Apocalipsa 13.8 citim: <em>\u201e\u015ei to\u021bi locuitorii p\u0103m\u00e2ntului i se vor \u00eenchina, to\u021bi aceia al c\u0103ror nume n-a fost scris de la \u00eentemeierea lumii \u00een Cartea Vie\u021bii Mielului care a fost junghiat.\u201d<\/em><\/p>\n\n\n\n<p>Apocalipsa 17.8: <em>\u201eFiara pe care ai v\u0103zut-o era \u015fi nu mai este. Ea are s\u0103 se ridice din Ad\u00e2nc \u015fi are s\u0103 se duc\u0103 la pierzare. \u015ei locuitorii p\u0103m\u00e2ntului ale c\u0103ror nume n-au fost scrise de la \u00eentemeierea lumii \u00een Cartea Vie\u021bii, se vor mira c\u00e2nd vor vedea c\u0103 fiara era, nu mai este \u015fi va veni.\u201d<\/em><\/p>\n\n\n\n<p>Apocalipsa 20.12-15: <em>\u201e\u015ei am v\u0103zut pe mor\u021bii mari \u015fi mici st\u00e2nd \u00een picioare \u00eenaintea scaunului de domnie. Ni\u0219te c\u0103r\u021bi au fost deschise \u015fi a fost deschis\u0103 \u015fi o alt\u0103 carte care este Cartea Vie\u021bii. \u015ei mor\u021bii au fost judeca\u021bi dup\u0103 faptele lor, dup\u0103 cele ce erau scrise \u00een c\u0103r\u021bile acelea.<\/em><\/p>\n\n\n\n<p><em>Moartea a dat \u00eenapoi pe mor\u021bii care erau \u00een ea. Moartea \u015fi Locuin\u021ba mor\u021bilor au dat \u00eenapoi pe mor\u021bii care erau \u00een ele. Fiecare a fost judecat dup\u0103 faptele lui.<\/em><\/p>\n\n\n\n<p><em>\u015ei Moartea \u015fi Locuin\u021ba mor\u021bilor au fost aruncate \u00een iazul de foc. Iazul de foc este moartea a doua.<\/em><\/p>\n\n\n\n<p><em>Oricine nu a fost g\u0103sit scris \u00een Cartea Vie\u021bii a fost aruncat \u00een iazul de foc.\u201d<\/em><\/p>\n\n\n\n<p>Pute\u021bi vedea c\u0103 de\u0219i sunt men\u021bionate \u015fi alte c\u0103r\u021bi, tot timpul se face referin\u021b\u0103 la o Carte care con\u021bine nume. \u00cen Apocalipsa, aceasta este numit\u0103 Cartea Vie\u021bii Mielului, sau Cartea Vie\u021bii.<\/p>\n\n\n\n<p>Dar unde este localizat\u0103 aceast\u0103 Carte? Luca 10.17-24:<\/p>\n\n\n\n<p><em>\u201eCei \u0219aptezeci s-au \u00eentors plini de bucurie \u015fi au zis: \u201eDoamne, chiar \u015fi dracii ne sunt supu\u0219i \u00een Numele T\u0103u!\u201d<\/em><\/p>\n\n\n\n<p><em>Isus le-a zis: \u201eAm v\u0103zut pe Satana c\u0103z\u00e2nd ca un fulger din cer.<\/em><\/p>\n\n\n\n<p><em>Iat\u0103 c\u0103 v-am dat putere s\u0103 c\u0103lca\u021bi peste \u0219erpi \u015fi peste scorpii \u015fi peste toat\u0103 puterea vr\u0103jma\u0219ului; \u015fi nimic nu v\u0103 va putea v\u0103t\u0103ma.<\/em><\/p>\n\n\n\n<p><em>Totu\u0219i, s\u0103 <a>nu v\u0103 bucura\u021bi de faptul c\u0103 duhurile v\u0103 sunt supuse, ci <u>bucura\u021bi-v\u0103 c\u0103 numele voastre sunt scrise \u00een ceruri<\/u><\/a>.\u201d<\/em><\/p>\n\n\n\n<p><em>\u00cen ceasul acela Isus s-a bucurat \u00een Duhul Sf\u00e2nt \u015fi a zis:<\/em> <em>\u201eTat\u0103, Doamne al cerului \u015fi al p\u0103m\u00e2ntului, Te laud pentru c\u0103 ai ascuns aceste lucruri de cei \u00een\u0163elep\u021bi \u015fi pricepu\u021bi \u015fi le-ai descoperit pruncilor. Da, Tat\u0103, Te laud fiindc\u0103 a\u015fa ai g\u0103sit Tu cu cale.<\/em><\/p>\n\n\n\n<p><em>Toate lucrurile Mi-au fost date \u00een m\u00e2ini de Tat\u0103l Meu \u015fi nimeni nu \u0219tie cine este Fiul afar\u0103 de Tat\u0103l, nici cine este Tat\u0103l afar\u0103 de Fiul \u015fi acela c\u0103ruia vrea Fiul s\u0103 i-L descopere.\u201d<\/em><\/p>\n\n\n\n<p><em>Apoi s-a \u00eentors spre ucenici \u015fi le-a spus deoparte: \u201eFerice de ochii care v\u0103d lucrurile pe care le vede\u021bi voi!<\/em><\/p>\n\n\n\n<p><em>C\u0103ci v\u0103 spun c\u0103 mul\u021bi proroci \u015fi \u00eemp\u0103ra\u021bi au voit s\u0103 vad\u0103 ce vede\u021bi voi \u015fi n-au v\u0103zut, s\u0103 aud\u0103 ce auzi\u021bi voi \u015fi n-au auzit.\u201d<\/em><\/p>\n\n\n\n<p>Deci, Cartea Vie\u021bii este categoric localizat\u0103 \u00een ceruri \u015fi va ap\u0103rea la judecata de la marele Tron alb.<\/p>\n\n\n\n<p>\u00cen versetele citite vedem c\u0103 Domnul Isus spune c\u0103 \u201enumele lor au fost scrise \u00een ceruri\u201d, adic\u0103 \u00een Cartea Vie\u021bii, pentru c\u0103 acolo sunt scrise numele.&nbsp; Isus vorbea cu cei \u0219aptezeci, pentru c\u0103 \u00een versetul 17 citim: <em>\u201eCei \u0219aptezeci s-au \u00eentors plini de bucurie \u015fi au zis: \u201eDoamne, chiar \u015fi dracii ne sunt supu\u0219i \u00een Numele T\u0103u.\u201d<\/em> Dar Hristos le-a r\u0103spuns: \u201e<em>Nu v\u0103 bucura\u021bi de faptul c\u0103 duhurile v\u0103 sunt supuse, ci <u>bucura\u021bi-v\u0103 c\u0103 numele voastre sunt scrise \u00een ceruri<\/u><\/em>.\u201d (\u00cen Cartea Vie\u021bii).<\/p>\n\n\n\n<p>Ve\u021bi observa aici c\u0103 \u015fi Iuda era unul din cei care scoteau draci \u00een Numele lui Isus, dar noi \u0219tim cu to\u021bii c\u0103 el era un drac, fiul pierz\u0103rii: Ioan 6.70-71: <em>\u201eIsus le-a r\u0103spuns: \u201eNu v-am ales Eu pe voi cei doisprezece? \u015ei totu\u0219i, unul dintre voi este un drac.\u201d<\/em><\/p>\n\n\n\n<p><em>Vorbea despre Iuda, fiul lui Simon Iscarioteanul; c\u0103ci el avea s\u0103-L v\u00e2nd\u0103, el, unul din cei doisprezece.\u201d<\/em> El, unul din cei doisprezece.<\/p>\n\n\n\n<p>Ioan 17:12&nbsp; <em>\u201eC\u00e2nd eram cu ei \u00een lume \u00eei p\u0103zeam Eu \u00een Numele T\u0103u. Eu i-am p\u0103zit pe aceia pe care Mi i-ai dat \u015fi nici unul din ei n-a pierit, afar\u0103 de fiul pierz\u0103rii, ca s\u0103 se \u00eemplineasc\u0103 Scriptura.\u201d<\/em><\/p>\n\n\n\n<p>Isus \u00eel cuno\u0219tea pe v\u00e2nz\u0103tor, de aceea a spus \u00een Ioan 13.10: <em>\u201eCine s-a sc\u0103ldat n-are trebuin\u021b\u0103 s\u0103-\u015fi spele dec\u00e2t picioarele, ca s\u0103 fie curat de tot, \u015fi voi sunte\u021bi cura\u021bi, dar nu to\u021bi.\u201d<\/em><\/p>\n\n\n\n<p><em>C\u0103ci \u0219tia pe cel ce avea s\u0103-l v\u00e2nd\u0103, de aceea a zis: \u201eNu sunte\u021bi to\u021bi cura\u021bi.\u201d<\/em><\/p>\n\n\n\n<p>Ioan 13.18: <em>\u201eNu vorbesc despre to\u021bi; cunosc pe aceia pe care i-am ales. Dar trebuie s\u0103 se \u00eemplineasc\u0103 Scriptura care zice: \u201eCel ce m\u0103n\u00e2nc\u0103 p\u00e2ine cu Mine a ridicat c\u0103lc\u00e2iul \u00eempotriva Mea.\u201d<\/em><\/p>\n\n\n\n<p>Acum, dac\u0103 limbajul \u00eenseamn\u0103 c\u00e2tu\u0219i de pu\u021bin ceva, trebuie s\u0103 admitem c\u0103 Iuda a fost ales de Isus (Ioan 13.18), dar nu era curat (Ioan 13.10-11). Iuda \u00eei fusese dat lui Isus de c\u0103tre Tat\u0103l pentru un scop \u2013 el era fiul pierz\u0103rii (Ioan 17.12).<\/p>\n\n\n\n<p>Pentru a \u00een\u021belege mai bine cum stau lucrurile \u00een privin\u021ba alegerii, vreau s\u0103 privim spre simbolurile biblice reprezentate de Moise \u015fi de Faraon, de Iacov \u015fi de Esau, deoarece Faraon \u015fi Esau au fost cunoscu\u021bi mai dinainte \u0219i r\u00e2ndui\u021bi pentru m\u00e2nia lui Dumnezeu, \u00een timp ce Moise \u015fi Iacov erau ale\u0219i pentru prosl\u0103virea lui Dumnezeu.<\/p>\n\n\n\n<p>\u00cen 1 Petru 2.8-9 ni se vorbe\u0219te despre faptul c\u0103 at\u00e2t cei ale\u0219i c\u00e2t \u015fi cei lep\u0103da\u021bi au fost hot\u0103r\u00e2\u021bi mai dinainte: <em>\u201e\u2026\u015fi o piatr\u0103 de poticnire \u015fi o st\u00e2nc\u0103 de c\u0103dere. Ei se lovesc de ea pentru c\u0103 n-au crezut Cuv\u00e2ntul \u015fi la aceasta sunt r\u00e2ndui\u021bi.<\/em><\/p>\n\n\n\n<p><em>Voi sunte\u021bi o semin\u021bie aleas\u0103, o preo\u021bime \u00eemp\u0103r\u0103teasc\u0103, un neam sf\u00e2nt, un popor pe care Dumnezeu \u015fi l-a c\u00e2\u0219tigat ca s\u0103 fie al Lui.\u201d<\/em><\/p>\n\n\n\n<p>Iuda a fost num\u0103rat cu cei doisprezece, dar n-a avut parte de lucrarea de la Rusalii chiar dac\u0103 a avut \u015fi el parte la lucrarea de dinainte de Cincizecime. \u00cen Fapte 1.16-17 citim: <em>\u201eFra\u021bilor, trebuia s\u0103 se \u00eemplineasc\u0103 Scriptura spus\u0103 de Duhul Sf\u00e2nt mai \u00eenainte prin gura lui David, despre Iuda care a fost c\u0103l\u0103uza celor ce au prins pe Isus.<\/em><\/p>\n\n\n\n<p><em>El era din num\u0103rul nostru \u015fi era p\u0103rta\u0219 al aceleia\u0219i slujbe.\u201d<\/em><\/p>\n\n\n\n<p>Partea de slujb\u0103 pe care a primit-o Iuda printre ceilal\u021bi ucenici \u0219i a pierdut-o, nu era nicidecum inferioar\u0103 slujbei lor, nici nu era o slujb\u0103 str\u0103in\u0103, dr\u0103ceasc\u0103, care nu se potrivea cu a celorlal\u021bi, deoarece \u00een Fapte 1.25 citim: <em>\u201e\u2026ca s\u0103 ia loc \u00een slujba \u015fi apostolia aceasta din care a c\u0103zut Iuda, ca s\u0103 mearg\u0103 la locul lui.\u201d<\/em><\/p>\n\n\n\n<p>Deci Iuda, care era un drac, a pierdut slujba Duhului Sf\u00e2nt dat\u0103 de Dumnezeu \u0219i s-a omor\u00e2t, duc\u00e2ndu-se la locul lui.<\/p>\n\n\n\n<p>Vede\u021bi? Numele lui fusese scris \u00een Cartea Vie\u021bii, dar pe urm\u0103 a fost \u0219ters.<\/p>\n\n\n\n<p>Acum, \u00eenainte de a continua cu Iuda, vreau s\u0103 mergem pu\u021bin \u00een Vechiul Testament \u015fi s\u0103 vedem unde Dumnezeu a f\u0103cut acela\u0219i lucru.<\/p>\n\n\n\n<p>\u00cen Geneza 35.23-26 citim despre fiii lui Iacov: <em>\u201eFiii Leii: Ruben, \u00eent\u00e2iul n\u0103scut al lui Iacov, Simeon, Levi, Iuda, Isahar \u015fi Zabulon.<\/em><\/p>\n\n\n\n<p><em>Fiii Rahelei: Iosif \u015fi Beniamin.<\/em><\/p>\n\n\n\n<p><em>Fiii Bilhei, roaba Rahelei: Dan \u015fi Neftali.<\/em><\/p>\n\n\n\n<p><em>Fiii Zilpei, roaba Leii: Gad, A\u015fer.<\/em><\/p>\n\n\n\n<p><em>Ace\u0219tia sunt fiii lui Iacov care i s-au n\u0103scut In Padan-Aram.\u201d<\/em><\/p>\n\n\n\n<p>Ace\u0219ti doisprezece fii ai lui Iacov au devenit cele dou\u0103sprezece semin\u021bii ale lui Israel, cu excep\u021bia lui Iosif care nu a avut o semin\u021bie numit\u0103 dup\u0103 el, fiindc\u0103 \u00een Planul lui Dumnezeu trebuiau s\u0103 fie treisprezece semin\u021bii, a\u0219a c\u0103 aceast\u0103 mo\u0219tenire a revenit fiilor lui Iosif (Efraim \u015fi Manase) prin care num\u0103rul semin\u021biilor se ridic\u0103 la treisprezece.<\/p>\n\n\n\n<p>Voi \u0219ti\u021bi desigur c\u0103 acest lucru era necesar deoarece semin\u021bia lui Levi a fost aleas\u0103 pentru Dumnezeu, pentru preo\u021bie. Astfel, dup\u0103 ie\u0219irea din Egipt, dup\u0103 ce Dumnezeu a dat poporului cortul \u00eent\u00e2lnirii, vedem c\u0103 semin\u021bia lui Levi slujea celorlalte dou\u0103sprezece semin\u021bii, f\u0103r\u0103 a mai fi enumerat\u0103 \u00eentre ele:<\/p>\n\n\n\n<p>1.&nbsp; Ruben&nbsp;&nbsp;&nbsp;&nbsp; &nbsp;&nbsp;&nbsp;&nbsp;&nbsp;&nbsp;&nbsp;&nbsp;&nbsp;&nbsp;&nbsp;&nbsp;&nbsp;&nbsp;&nbsp;&nbsp;&nbsp;&nbsp;&nbsp;&nbsp;&nbsp;&nbsp;&nbsp;7.&nbsp; Dan<\/p>\n\n\n\n<p>2.&nbsp; Simeon&nbsp;&nbsp;&nbsp;&nbsp;&nbsp;&nbsp;&nbsp;&nbsp;&nbsp;&nbsp;&nbsp;&nbsp;&nbsp;&nbsp;&nbsp;&nbsp;&nbsp;&nbsp;&nbsp;&nbsp;&nbsp;&nbsp;&nbsp;&nbsp;&nbsp; 8.&nbsp; Neftali<\/p>\n\n\n\n<p>3.&nbsp; Isahar&nbsp;&nbsp;&nbsp;&nbsp;&nbsp;&nbsp;&nbsp;&nbsp;&nbsp;&nbsp;&nbsp;&nbsp;&nbsp;&nbsp;&nbsp;&nbsp;&nbsp;&nbsp;&nbsp;&nbsp;&nbsp;&nbsp;&nbsp;&nbsp;&nbsp;&nbsp;&nbsp; 9.&nbsp; Gad<\/p>\n\n\n\n<p>4.&nbsp; Iuda&nbsp;&nbsp;&nbsp;&nbsp;&nbsp;&nbsp;&nbsp;&nbsp;&nbsp;&nbsp;&nbsp;&nbsp;&nbsp;&nbsp;&nbsp;&nbsp;&nbsp;&nbsp;&nbsp;&nbsp;&nbsp;&nbsp;&nbsp;&nbsp;&nbsp;&nbsp;&nbsp;&nbsp; 10.&nbsp; A\u015fer<\/p>\n\n\n\n<p>5.&nbsp; Zabulon&nbsp;&nbsp;&nbsp;&nbsp;&nbsp;&nbsp;&nbsp;&nbsp;&nbsp;&nbsp;&nbsp;&nbsp;&nbsp;&nbsp;&nbsp;&nbsp;&nbsp;&nbsp;&nbsp;&nbsp;&nbsp;&nbsp;&nbsp; 11.&nbsp; Efraim<\/p>\n\n\n\n<p>6.&nbsp; Beniamin &nbsp;&nbsp;&nbsp;&nbsp;&nbsp;&nbsp;&nbsp;&nbsp;&nbsp;&nbsp;&nbsp;&nbsp;&nbsp;&nbsp;&nbsp;&nbsp;&nbsp;&nbsp;&nbsp;&nbsp;&nbsp;12.&nbsp; Manase<\/p>\n\n\n\n<p>Aceea\u0219i ordine o avem \u015fi \u00een Numeri 10.11-28 unde nu sunt pomeni\u021bi nici Iosif \u015fi nici Levi. C\u00e2nd citim \u00eens\u0103 \u00een Apocalipsa 7.4-8 vedem o alt\u0103 enumerare a semin\u021biilor: <em>\u201e\u015ei am auzit num\u0103rul celor ce fuseser\u0103 pecetlui\u021bi: o sut\u0103 patruzeci \u015fi patru de mii din toate semin\u021biile fiilor lui Israel.<\/em><\/p>\n\n\n\n<p><em>Din semin\u021bia lui Iuda, dou\u0103sprezece mii erau pecetlui\u021bi; din semin\u021bia lui Ruben, dou\u0103sprezece mii; din semin\u021bia lui Gad, dou\u0103sprezece mii;<\/em><\/p>\n\n\n\n<p><em>din semin\u021bia lui A\u0219er, dou\u0103sprezece mii; din semin\u021bia lui Neftali, dou\u0103sprezece mii; din semin\u021bia lui Manase, dou\u0103sprezece mii;<\/em><\/p>\n\n\n\n<p><em>din semin\u021bia lui Simeon, dou\u0103sprezece mii; din semin\u021bia lui Levi, dou\u0103sprezece mii; din semin\u021bia lui Isahar, dou\u0103sprezece mii;<\/em><\/p>\n\n\n\n<p><em>din semin\u021bia lui Zabulon, dou\u0103sprezece mii; din semin\u021bia lui Iosif, dou\u0103sprezece mii; din semin\u021bia lui Beniamin, dou\u0103sprezece mii au fost pecetlui\u021bi.\u201d<\/em><\/p>\n\n\n\n<p>Aici avem din nou dou\u0103sprezece semin\u021bii \u00een care apar Levi \u015fi Iosif, dar \u00een schimb nu mai sunt enumerate semin\u021biile lui Dan \u015fi Efraim. \u00centrebarea care se ridic\u0103 este de ce au fost \u0219terse cele dou\u0103 semin\u021bii?<\/p>\n\n\n\n<p>R\u0103spunsul la aceast\u0103 \u00eentrebare \u00eel avem \u00een Deuteronom 29.16-20: <em>\u201e\u0218ti\u021bi cum am locuit \u00een \u021bara Egiptului \u015fi cum am trecut prin mijlocul neamurilor pe care le-a\u0163i str\u0103b\u0103tut.<\/em><\/p>\n\n\n\n<p><em>A\u0163i v\u0103zut ur\u00e2ciunile \u015fi idolii lor, lemnul \u015fi piatra, argintul \u015fi aurul care erau la ele.<\/em><\/p>\n\n\n\n<p><em>S\u0103 nu fie \u00eentre voi nici un b\u0103rbat, nici o femeie, nici o familie, nici o semin\u021bie a c\u0103ror inim\u0103 s\u0103 fie ab\u0103tut\u0103 azi de la Domnul, Dumnezeul nostru, ca s\u0103 slujeasc\u0103 dumnezeilor neamurilor acelora. S\u0103 nu fie printre voi nici o r\u0103d\u0103cin\u0103 care s\u0103 aduc\u0103 otrav\u0103 \u015fi pelin.<\/em><\/p>\n\n\n\n<p><em>Nimeni, dup\u0103 ce a auzit cuvintele leg\u0103m\u00e2ntului acestuia \u00eencheiat cu jur\u0103m\u00e2nt s\u0103 nu se laude \u00een inima lui \u015fi s\u0103 zic\u0103: \u201eVoi avea pacea chiar dac\u0103 a\u015f urma dup\u0103 pornirile inimii mele \u015fi chiar dac\u0103 a\u015f ad\u0103uga be\u021bia la sete.\u201d<\/em><\/p>\n\n\n\n<p><em>Pe acela Domnul nu-l va ierta. Ci atunci m\u00e2nia \u015fi gelozia Domnului se va aprinde \u00eempotriva omului acelui, toate blestemele scrise \u00een cartea aceasta vor veni peste el \u015fi Domnul \u00eei va \u0219terge numele de sub ceruri.\u201d<\/em><\/p>\n\n\n\n<p>Aici este pronun\u021bat blestemul \u00eempotriva idolatriei sau a curviei spirituale, a\u0219a c\u0103 semin\u021bia care \u00eendr\u0103znea s\u0103 se alipeasc\u0103 de idoli urma s\u0103 aib\u0103 numele \u201e\u0219ters de sub ceruri\u201d. Aceasta s-a \u00eent\u00e2mplat cu cele dou\u0103 semin\u021bii, Efraim \u015fi Dan, ale c\u0103ror nume au fost \u0219terse din cauza \u00eenchin\u0103rii la idoli. Istoria lor o g\u0103sim \u00een 1 \u00cemp\u0103ra\u021bi 12.25-30:<\/p>\n\n\n\n<p><em>\u201eIeroboam a zidit Sihemul pe muntele lui Efraim \u015fi a locuit acolo; apoi a ie\u0219it de acolo \u015fi a zidit Penuel.<\/em><\/p>\n\n\n\n<p><em>Ieroboam a zis \u00een inima lui: \u201e\u00cemp\u0103r\u0103\u021bia s-ar putea acum s\u0103 se \u00eentoarc\u0103 la casa lui David.<\/em><\/p>\n\n\n\n<p><em>Dac\u0103 poporul acesta se va sui la Ierusalim s\u0103 aduc\u0103 jertfe \u00een casa Domnului, inima poporului acestuia se va \u00eentoarce la domnul s\u0103u, la Roboam, \u00eemp\u0103ratul lui Iuda, \u015fi m\u0103 vor omor\u00ee \u015fi se vor \u00eentoarce la Roboam, \u00eemp\u0103ratul lui Iuda.\u201d<\/em><\/p>\n\n\n\n<p><em>Dup\u0103 ce s-a sf\u0103tuit, \u00eemp\u0103ratul a f\u0103cut doi vi\u021bei de aur \u015fi a zis poporului:<\/em><\/p>\n\n\n\n<p><em>\u201eDestul v-a\u021bi suit la Ierusalim; Israele, iat\u0103 Dumnezeul t\u0103u care te-a scos din \u021bara Egiptului!\u201d<\/em><\/p>\n\n\n\n<p><em>A a\u0219ezat unul din vi\u021bei la Betel iar pe cel\u0103lalt l-a pus \u00een Dan.<\/em><\/p>\n\n\n\n<p><em>\u015ei fapta aceasta a fost un prilej de p\u0103c\u0103tuire. Poporul se ducea s\u0103 se \u00eenchine \u00eenaintea unuia din vi\u021bei p\u00e2n\u0103 la Dan.\u201d<\/em><\/p>\n\n\n\n<p>\u015ei Osea 4.17: <em>\u201eEfraim s-a lipit de idoli; l\u0103sa\u021bi-l \u00een pace!\u201d<\/em><\/p>\n\n\n\n<p>Observa\u021bi c\u0103 \u00een Deuteronom 29.20 este scris c\u0103 numele semin\u021biei care se va \u00eenchina la idoli va fi <em>\u0219ters de sub ceruri<\/em>. Acolo nu scrie c\u0103 \u201enumele ei va fi \u0219ters \u00een ceruri\u201d, ci \u201e<em><u>de sub ceruri<\/u><\/em>\u201d. Aceasta este adev\u0103rat, fiindc\u0103 ast\u0103zi Israelul este din nou \u00een patria sa, \u00een Palestina, \u015fi \u00een cur\u00e2nd Dumnezeu \u00eei va pecetlui pe cei o sut\u0103 patruzeci \u0219i patru de mii din ei, dar din acel num\u0103r nu va face parte nici Efraim \u015fi nici Dan.<\/p>\n\n\n\n<p>S\u0103 citim \u00eenc\u0103 o dat\u0103 Apocalipsa 7.4-8:<\/p>\n\n\n\n<p><em>\u201e\u015ei am auzit num\u0103rul celor ce fuseser\u0103 pecetlui\u021bi: <a>o sut\u0103 patruzeci \u015fi patru de mi<\/a>i, din toate semin\u021biile fiilor lui Israel.<\/em><\/p>\n\n\n\n<p><a><em>Din semin\u021bia lui Iuda, dou\u0103sprezece mii erau pecetlui\u021bi; din semin\u021bia lui Ruben, dou\u0103sprezece mii; din semin\u021bia lui Gad, dou\u0103sprezece mii;<\/em><\/a><\/p>\n\n\n\n<p><em>din semin\u021bia lui A\u0219er, dou\u0103sprezece mii; din semin\u021bia lui Neftali, dou\u0103sprezece mii; din semin\u021bia lui Manase, dou\u0103sprezece mii;<\/em><\/p>\n\n\n\n<p><em>din semin\u021bia lui Simeon, dou\u0103sprezece mii; din semin\u021bia lui Levi, dou\u0103sprezece mii; din semin\u021bia lui Isahar, dou\u0103sprezece mii;<\/em><\/p>\n\n\n\n<p><em>din semin\u021bia lui Zabulon, dou\u0103sprezece mii; din semin\u021bia lui Iosif, dou\u0103sprezece mii; din semin\u021bia lui Beniamin, dou\u0103sprezece mii au fost pecetlui\u021bi.\u201d<\/em><em><\/em><\/p>\n\n\n\n<p>Observa\u021bi c\u0103 Dan \u015fi Efraim lipsesc.<\/p>\n\n\n\n<p>\u015ei Daniel 12.1 se refer\u0103 la pecetluirea celor o sut\u0103 patruzeci \u015fi patru de mii,care va avea loc \u00een Pecetea a \u0219asea, \u00een timpul Necazului celui mare sau Necazul lui Iacov:<\/p>\n\n\n\n<p>&nbsp;<em>\u201e\u00cen vremea aceea se va scula marele voievod Mihail, ocrotitorul copiilor poporului T\u0103u; c\u0103ci aceasta va fi o vreme de str\u00e2mtorare cum n-a mai fost de c\u00e2nd sunt neamurile \u015fi p\u00e2n\u0103 la vremea aceasta. Dar \u00een vremea aceea poporul t\u0103u va fi m\u00e2ntuit \u015fi anume <u>oricine va fi g\u0103sit scris \u00een carte<\/u>.\u201d<\/em><\/p>\n\n\n\n<p>Dup\u0103 perioada necazului (\u00een \u00cemp\u0103r\u0103\u021bia de o mie de ani), vedem din nou semin\u021biile lui Israel a\u0219ezate \u00een ordinea lor dumnezeiasc\u0103, cum au fost v\u0103zute \u00een Ezechiel 48.1-8 \u0219i 22-29. \u00cen ce-i prive\u0219te pe Dan \u015fi Efraim, ei n-au mai fost recunoscu\u021bi de Dumnezeu din ziua c\u00e2nd s-au alipit de idoli. Noi \u0219tim c\u0103 la distrugerea Ierusalimului s-au pierdut toate cronicile care aveau \u00eenregistrate numele semin\u021biilor, a\u0219a c\u0103 nimeni nu mai poate \u0219ti c\u0103rei semin\u021bii \u00eei apar\u021bine, dar Dumnezeu \u0219tie.<\/p>\n\n\n\n<p>Marele Dumnezeu care a adus Israelul \u00eenapoi \u00een patria lui, \u0219tie exact c\u0103rei semin\u021bii \u00eei apar\u021bine fiecare individ \u00een parte, a\u0219a c\u0103 nici unul din semin\u021bia lui Dan sau a lui Efraim nu va face parte din num\u0103rul celor o sut\u0103 patruzeci \u015fi patru de mii care vor fi pecetlui\u021bi.<\/p>\n\n\n\n<p>S\u0103 citim deci Ezechiel 48.1-8 \u015fi 22-29:<\/p>\n\n\n\n<p><em>\u201eIat\u0103 numele semin\u021biilor! La marginea de miaz\u0103noapte, de-a lungul drumului de la Hetlon, cum mergi spre Hamat \u015fi Ha\u0163ar-Enon, la hotarul Damascului de la miaz\u0103noapte spre Hamat, de la r\u0103s\u0103rit p\u00e2n\u0103 la apus: partea lui Dan.<\/em><\/p>\n\n\n\n<p><em>L\u00e2ng\u0103 hotarul lui Dan, de la r\u0103s\u0103rit p\u00e2n\u0103 la apus, partea lui A\u015fer.<\/em><\/p>\n\n\n\n<p><em>L\u00e2ng\u0103 hotarul lui A\u015fer, de la r\u0103s\u0103rit p\u00e2n\u0103 la apus, partea lui Neftali.<\/em><\/p>\n\n\n\n<p><em>L\u00e2ng\u0103 hotarul lui Neftali, de la r\u0103s\u0103rit p\u00e2n\u0103 la apus, partea lui Manase.<\/em><\/p>\n\n\n\n<p><em>L\u00e2ng\u0103 hotarul lui Manase, de la r\u0103s\u0103rit p\u00e2n\u0103 la apus, partea lui Efraim.<\/em><\/p>\n\n\n\n<p><em>L\u00e2ng\u0103 hotarul lui Efraim, de la r\u0103s\u0103rit p\u00e2n\u0103 la apus, partea lui Ruben.<\/em><\/p>\n\n\n\n<p><em>L\u00e2ng\u0103 hotarul lui Ruben, de la r\u0103s\u0103rit p\u00e2n\u0103 la apus, partea lui Iuda.<\/em><\/p>\n\n\n\n<p><em>L\u00e2ng\u0103 hotarul lui Iuda, de la r\u0103s\u0103rit p\u00e2n\u0103 la apus, va fi partea sf\u00e2nt\u0103 pe care o ve\u021bi desp\u0103r\u021bi, lat\u0103 de dou\u0103zeci \u015fi cinci de co\u021bi \u015fi lung\u0103 c\u00e2t una din p\u0103r\u021bile de la r\u0103s\u0103rit p\u00e2n\u0103 la apus; \u00een mijlocul ei va fi sf\u00e2ntul loca\u0219.\u201d<\/em><\/p>\n\n\n\n<p>v.22-29:&nbsp; <em>\u201eAstfel mo\u0219ia levi\u021bilor \u015fi mo\u0219ia cet\u0103\u021bii vor fi \u00een mijlocul p\u0103r\u021bii cuvenite domnitorului, \u00een mijloc; adic\u0103, ce va fi \u00eentre hotarul lui Iuda \u015fi hotarul lui Beniamin va fi al domnitorului.<\/em><\/p>\n\n\n\n<p><em>Iat\u0103 celelalte semin\u021bii:<\/em><\/p>\n\n\n\n<p><em>De la r\u0103s\u0103rit p\u00e2n\u0103 la apus, partea lui Beniamin.<\/em><\/p>\n\n\n\n<p><em>L\u00e2ng\u0103 hotarul lui Beniamin, de la r\u0103s\u0103rit p\u00e2n\u0103 la apus, partea lui Simeon.<\/em><\/p>\n\n\n\n<p><em>L\u00e2ng\u0103 hotarul lui Simeon, de la r\u0103s\u0103rit p\u00e2n\u0103 la apus, partea lui Isahar.<\/em><\/p>\n\n\n\n<p><em>L\u00e2ng\u0103 hotarul lui Isahar, de la r\u0103s\u0103rit p\u00e2n\u0103 la apus, partea lui Zabulon.<\/em><\/p>\n\n\n\n<p><em>L\u00e2ng\u0103 hotarul lui Zabulon, de la r\u0103s\u0103rit p\u00e2n\u0103 la apus, partea lui Gad.<\/em><\/p>\n\n\n\n<p><em>L\u00e2ng\u0103 hotarul lui Gad, pe partea de miaz\u0103zi, la miaz\u0103zi, hotarul va merge de la Tamar p\u00e2n\u0103 la apele Meriba de la Cades, p\u00e2n\u0103 la p\u00e2r\u00e2ul Egiptului \u015fi p\u00e2n\u0103 la marea cea mare.\u201d<\/em><\/p>\n\n\n\n<p>Noi putem lua o alt\u0103 ilustrare din istoria poporului Israel \u015fi anume, aceea c\u00e2nd au ie\u0219it din Egipt \u015fi au pornit \u00een c\u0103l\u0103torie spre Canaan. Planul lui Dumnezeu pentru acel timp era s\u0103 scoat\u0103 Israelul afar\u0103 \u0219i s\u0103-i duc\u0103 \u00een\u0103untru ca s\u0103 \u00cei slujeasc\u0103. Astfel, to\u021bi au ie\u0219it din Egipt sub acoperirea s\u00e2ngelui mielului de jertf\u0103; to\u021bi au trecut prin botezul \u00een ap\u0103 al M\u0103rii Ro\u0219ii; to\u021bi s-au bucurat de minunile puternice care au avut loc sub ochii lor; to\u021bi au m\u00e2ncat din mana cereasc\u0103; to\u021bi au b\u0103ut ap\u0103 din st\u00e2nc\u0103, \u00eentr-un cuv\u00e2nt, to\u021bi au avut parte de binecuv\u00e2nt\u0103rile \u0219i manifest\u0103rile lui Dumnezeu. C\u00e2nd au trecut \u00eens\u0103 prin Moab, cei care au luat parte la serb\u0103rile de la Baal-Peor, au murit. Trupurile lor moarte au c\u0103zut \u00een pustie, deoarece au refuzat Cuv\u00e2ntul lui Dumnezeu, \u00eentorc\u00e2ndu-I spatele. Despre aceasta vorbe\u0219te Evrei 6.1-9, iar noi am privit-o deja \u00een epoca bisericii Pergam.<\/p>\n\n\n\n<p>Voi nu pute\u021bi merge \u00eenainte numai cu o parte din Cuv\u00e2nt, ci trebuie s\u0103 lua\u021bi tot Cuv\u00e2ntul. Exist\u0103 oameni care par implica\u021bi aproape sut\u0103 la sut\u0103 \u00een lucrarea lui Dumnezeu, dar ei sunt ca Iuda. Nimeni, afar\u0103 de Isus, nu a \u0219tiut cine era \u00een realitate Iuda, dar a venit ziua c\u00e2nd el a fost descoperit asemenea poporului Israel la Baal-Peor. El voia s\u0103 se uneasc\u0103 cu vi\u021ba fals\u0103, s\u0103 intre \u00een organiza\u021bia financiar-politic\u0103 a antihristului, a religiei antihriste, dar c\u00e2nd a f\u0103cut aceasta s-a p\u0103c\u0103lit singur.<\/p>\n\n\n\n<p>Ceilal\u021bi unsprezece ucenici nu erau ca el. Ei nu puteau fi \u00een\u0219ela\u021bi deoarece f\u0103ceau parte dintre cei ale\u0219i. \u00cen ce-l prive\u0219te pe Iuda, c\u00e2nd a plecat pentru a-L vinde pe Domnul Isus, numele lui a fost \u0219ters din Cartea Vie\u021bii (Apocalipsa 22.19).<\/p>\n\n\n\n<p>Desigur, voi a\u021bi observat c\u0103 cei al c\u0103ror nume a fost scris \u00een Cartea Vie\u021bii, apoi \u0219ters, erau parte din via\u021ba religioas\u0103 a timpului \u00een care tr\u0103iau, adun\u00e2ndu-se la rug\u0103ciune \u00een jurul Dumnezeului celui viu dar, asemenea lui Iuda, ei nu au putut merge p\u00e2n\u0103 la cap\u0103t. Privi\u021bi, Iuda a fost ales de Dumnezeu \u015fi \u00eenv\u0103\u021bat \u00een adev\u0103rul dumnezeiesc. El avea parte de cunoa\u0219terea tainelor, avea o slujb\u0103 cu putere astfel \u00eenc\u00e2t a putut s\u0103 vindece bolnavi, s\u0103 scoat\u0103 draci \u00een Numele lui Isus, etc. Dar c\u00e2nd a ajuns la punctul deciziei, el s-a v\u00e2ndut pentru bani \u015fi pentru o pozi\u021bie \u00een societate. El nu a putut merge p\u00e2n\u0103 la Rusalii pentru a primi puterea Duhului lui Dumnezeu, ci a c\u0103zut \u00eenainte de acest eveniment.<\/p>\n\n\n\n<p>Deci, Iuda nu avea Duhul Sf\u00e2nt. Nu face\u021bi aici o gre\u0219eal\u0103, pentru c\u0103 o persoan\u0103 botezat\u0103 cu Duhul Sf\u00e2nt este o parte a trupului lui Hristos; ea are plin\u0103tatea Duhului \u015fi va fi tot drumul \u00een Cuv\u00e2nt. Aceasta este dovada botezului cu Duhul Sf\u00e2nt.<\/p>\n\n\n\n<p>\u00cen ce-l prive\u0219te pe Iuda, el s-a \u00een\u0219elat, a\u0219a cum se \u00een\u0219al\u0103 mul\u021bi \u015fi ast\u0103zi, dar eu v\u0103 spun: dac\u0103 nu primesc \u00eentregul Cuv\u00e2nt \u015fi nu vor proceda \u00een totul conform Cuv\u00e2ntului, numele lor vor fi \u0219terse din Cartea Vie\u021bii \u015fi ei vor pieri.<\/p>\n\n\n\n<p>Ca s\u0103 clarific\u0103m mai mult aceast\u0103 problem\u0103 referitoare la \u0219tergerea numelui din Cartea Vie\u021bii, a\u0219 vrea s\u0103 mergem din nou \u00een zilele poporului Israel \u015fi anume \u00een zilele lui Moise. \u00cen Exod 32.30-34 citim: <em>\u201eA doua zi Moise a zis poporului: \u201eA\u021bi f\u0103cut un p\u0103cat foarte mare. Am s\u0103 m\u0103 sui la Domnul, poate c\u0103 voi c\u0103p\u0103ta iertare pentru p\u0103catul vostru.\u201d<\/em><\/p>\n\n\n\n<p><em>Moise s-a \u00eentors la Domnul \u015fi a zis: \u201eAh! Poporul acesta a f\u0103cut un p\u0103cat foarte mare! \u015ei-au f\u0103cut un dumnezeu de aur.<\/em><\/p>\n\n\n\n<p><em>Iart\u0103-le acum p\u0103catul! Dac\u0103 nu, atunci \u0219terge-m\u0103 din cartea Ta, pe care ai scris-o!\u201d<\/em><\/p>\n\n\n\n<p><em>Domnul a zis lui Moise: \u201ePe cel ce a p\u0103c\u0103tuit \u00eempotriva Mea, pe acela \u00eel voi \u0219terge din cartea Mea.<\/em><\/p>\n\n\n\n<p><em>Du-te dar \u015fi du poporul unde \u0163i-am spus! Iat\u0103, \u00eengerul Meu va merge \u00eenaintea ta dar \u00een ziua r\u0103zbun\u0103rii Mele \u00eei voi pedepsi pentru p\u0103catul lor!\u201d<\/em><\/p>\n\n\n\n<p>Cred c\u0103 acum este clar pentru to\u021bi c\u0103 numele pot fi \u0219terse din Cartea Vie\u021bii. \u00cen acest caz, numele lor au fost \u0219terse din cauza idolatriei, a\u0219a cum s-a \u00eent\u00e2mplat mai t\u00e2rziu cu Dan \u015fi Efraim care \u0219i-au pierdut dreptul deoarece s-au \u00eenchinat la vi\u021belul de aur. Numele tuturor celor care s-au \u00eenchinat la idoli au scoase din Cartea Vie\u021bii.<\/p>\n\n\n\n<p>C\u00e2nd Israelul a refuzat c\u0103l\u0103uzirea lui Dumnezeu \u00een St\u00e2lpul de Foc \u015fi s-au alipit de vi\u021belul de aur, numele lor au fost \u0219terse din Cartea Vie\u021bii.<\/p>\n\n\n\n<p>Exod 32.33: <em>\u201ePe cel ce a p\u0103c\u0103tuit \u00eempotriva Mea, pe acela <u>\u00eel voi \u0219terge din cartea Mea<\/u>&#8222;<\/em>. Dac\u0103 alipirea la idoli avea ca \u015fi consecin\u021b\u0103 \u0219tergerea numelui din Cartea Vie\u021bii, atunci cu siguran\u021b\u0103 c\u0103 \u015fi cei care L-au refuzat pe Isus Hristos ca Mesia, vor primi aceea\u0219i pedeaps\u0103. A\u0219a este. \u00cen Psalmul 69.21-28, unde ni se spune despre umilin\u021ba \u00eendurat\u0103 de Isus pe Golgota, scrie:<\/p>\n\n\n\n<p><em>\u201eEi \u00eemi pun fiere \u00een m\u00e2ncare \u015fi c\u00e2nd mi-e sete \u00eemi dau s\u0103 beau o\u021bet.<\/em><\/p>\n\n\n\n<p><em>S\u0103 li se prefac\u0103 masa \u00eentr-o curs\u0103 \u015fi lini\u0219tea \u00eentr-un la\u021b!<\/em><\/p>\n\n\n\n<p><em>S\u0103 li se \u00eentunece ochii \u015fi s\u0103 nu mai vad\u0103 \u015fi clatin\u0103-le mereu coapsele!<\/em><\/p>\n\n\n\n<p><em>Vars\u0103-\u0162i m\u00e2nia peste ei \u015fi s\u0103-i ating\u0103 urgia Ta aprins\u0103!<\/em><\/p>\n\n\n\n<p><em>Pustie s\u0103 le r\u0103m\u00e2n\u0103 locuin\u021ba \u015fi nimeni s\u0103 nu mai locuiasc\u0103 \u00een corturile lor!<\/em><\/p>\n\n\n\n<p><em>C\u0103ci ei prigonesc pe cel lovit de Tine, povestesc suferin\u021bele celor r\u0103ni\u021bi de tine.<\/em><\/p>\n\n\n\n<p><em>Adaug\u0103 alte nelegiuiri la nelegiuirile lor \u015fi s\u0103 n-aib\u0103 parte de \u00eendurarea Ta!<\/em><\/p>\n\n\n\n<p><em><u>S\u0103 fie \u0219ter\u0219i din Cartea Vie\u021bii<\/u><\/em><em> \u015fi s\u0103 nu fie scri\u0219i \u00eempreun\u0103 cu cei neprih\u0103ni\u021bi!\u201d<\/em><\/p>\n\n\n\n<p>\u015ei c\u00e2nd evreii au f\u0103cut aceasta (c\u00e2nd L-au refuzat pe Isus), Dumnezeu S-a dep\u0103rtat de ei \u015fi s-a \u00eentors spre neamuri. Aceasta o putem citi \u00een Fapte 13.46-48:<\/p>\n\n\n\n<p>&nbsp;<em>\u201eDar Pavel \u015fi Barnaba le-au zis cu \u00eendr\u0103zneal\u0103: \u201eCuv\u00e2ntul lui Dumnezeu trebuia vestit mai \u00eent\u00e2i vou\u0103; dar fiindc\u0103 voi nu-L primi\u021bi \u015fi singuri v\u0103 judeca\u021bi nevrednici de via\u021ba ve\u0219nic\u0103, iat\u0103 c\u0103 ne \u00eendrept\u0103m spre neamuri.<\/em><\/p>\n\n\n\n<p><em>C\u0103ci a\u0219a ne-a poruncit Domnul: Te-am pus ca s\u0103 fii Lumina Neamurilor, ca s\u0103 duci m\u00e2ntuirea p\u00e2n\u0103 la marginile p\u0103m\u00e2ntului.\u201d<\/em><\/p>\n\n\n\n<p><em>Neamurile se bucurau c\u00e2nd au auzit lucrul acesta \u015fi pream\u0103reau Cuv\u00e2ntul Domnului. \u015ei to\u021bi cei ce erau r\u00e2ndui\u021bi s\u0103 capete via\u021b\u0103 ve\u0219nic\u0103, au crezut.\u201d<\/em><\/p>\n\n\n\n<p>Aceasta nu \u00eenseamn\u0103 c\u0103 niciun nume din poporul Israel n-ar mai fi \u00een Cartea Vie\u021bii deoarece mul\u021bi (nu mul\u021bimi) vor fi ad\u0103uga\u021bi la trupul lui Isus Hristos, prin alegerea lui Dumnezeu, \u00een timpul harului pentru neamuri. Aceasta ne dovede\u0219te c\u0103 numele lor au r\u0103mas \u00een Carte, iar \u00een Pecetea a cincea vom ar\u0103ta cum mul\u021bi dintre evrei vor primi haine albe \u015fi Via\u021b\u0103 ve\u0219nic\u0103 pentru c\u0103 au fost martiriza\u021bi. Chiar \u015fi cei o sut\u0103 patruzeci \u015fi patru de mii de evrei care vor fi pecetlui\u021bi la venirea Lui sunt o dovad\u0103 c\u0103 numele lor nu vor fi \u0219terse din Carte.<\/p>\n\n\n\n<p>Este clar deci, aceasta reie\u0219ind \u015fi din Psalmul 69, c\u0103 numai cei r\u0103i, nedrep\u021bi \u015fi \u00eempotrivitori lui Hristos vor fi \u0219ter\u0219i din Cartea Vie\u021bii. \u015ei a\u0219a cum Israelul \u015fi-a pierdut \u00een majoritate dreptul din Cartea Vie\u021bii prin faptul c\u0103 L-au refuzat pe Isus, tot a\u0219a, majoritatea din biserica neamurilor vor fi condamna\u021bi \u015fi ca urmare li se va \u0219terge numele din Cartea Vie\u021bii datorit\u0103 faptului c\u0103 au refuzat Cuv\u00e2ntul Vie\u021bii, \u015fi intr\u0103 \u00een mi\u0219carea ecumenic\u0103, care este icoana fiarei.<\/p>\n\n\n\n<p>Aici este un punct pe care a\u0219 vrea s\u0103-l vede\u021bi cu to\u021bii. La judecata de la marele Tron alb va avea loc o separare a poporului. Acolo va fi deschis\u0103 Cartea Vie\u021bii \u015fi alte c\u0103r\u021bi: Matei 25.31-46:<\/p>\n\n\n\n<p><em>\u201eC\u00e2nd va veni Fiul omului \u00een slava Sa, cu to\u021bi sfin\u021bii \u00eengeri, \u015fi va \u0219edea pe scaunul de domnie al slavei Sale,<\/em><\/p>\n\n\n\n<p><em>toate neamurile vor fi adunate \u00eenaintea Lui. El \u00eei va desp\u0103r\u021bi pe unii de al\u021bii cum desparte p\u0103storul oile de capre;<\/em><\/p>\n\n\n\n<p><em>\u015fi va pune oile la dreapta iar caprele la st\u00e2nga Lui.<\/em><\/p>\n\n\n\n<p><em>Atunci \u00eemp\u0103ratul va zice celor de la dreapta Lui: \u201eVeni\u021bi, binecuv\u00e2nta\u021bii Tat\u0103lui Meu, mo\u0219teni\u021bi \u00eemp\u0103r\u0103\u021bia care v-a fost preg\u0103tit\u0103 de la \u00eentemeierea lumii!<\/em><\/p>\n\n\n\n<p><em>C\u0103ci am fost fl\u0103m\u00e2nd \u015fi Mi-a\u021bi dat de m\u00e2ncare, Mi-a fost sete \u015fi Mi-a\u021bi dat de b\u0103ut, am fost str\u0103in \u015fi M-a\u021bi primit;<\/em><\/p>\n\n\n\n<p><em>&nbsp;am fost gol \u015fi M-a\u0163i \u00eembr\u0103cat, am fost \u00een temni\u021b\u0103 \u015fi a\u021bi venit la Mine.\u201d<\/em><\/p>\n\n\n\n<p><em>Atunci cei neprih\u0103ni\u021bi \u00cei vor r\u0103spunde: \u201eDoamne, c\u00e2nd Te-am v\u0103zut noi fl\u0103m\u00e2nd \u015fi \u0162i-am dat s\u0103 m\u0103n\u00e2nci? Sau c\u00e2nd, fiindu-\u021ai sete, \u0162i-am dat de b\u0103ut?<\/em><\/p>\n\n\n\n<p><em>C\u00e2nd Te-am v\u0103zut noi str\u0103in \u015fi Te-am primit? Sau gol \u015fi Te-am \u00eembr\u0103cat?<\/em><\/p>\n\n\n\n<p><em>C\u00e2nd Te-am v\u0103zut noi bolnav sau \u00een temni\u021b\u0103 \u015fi am venit la Tine?\u201d<\/em><\/p>\n\n\n\n<p><em>Drept r\u0103spuns, \u00cemp\u0103ratul le va zice: \u201eAdev\u0103rat v\u0103 spun c\u0103 ori de c\u00e2te ori a\u0163i f\u0103cut aceste lucruri unuia dintre ace\u0219ti foarte ne\u00eensemna\u021bi fra\u021bi ai Mei, Mie mi le-a\u021bi f\u0103cut.\u201d<\/em><\/p>\n\n\n\n<p><em>Apoi va zice celor de la st\u00e2nga Lui: \u201eDuce\u021bi-v\u0103 de la Mine, blestema\u021bilor, \u00een focul cel ve\u0219nic care a fost preg\u0103tit diavolului \u015fi \u00eengerilor lui!<\/em><\/p>\n\n\n\n<p><em>C\u0103ci am fost fl\u0103m\u00e2nd \u015fi nu Mi-a\u021bi dat s\u0103 m\u0103n\u00e2nc, Mi-a fost sete \u015fi nu Mi-a\u021bi dat s\u0103 beau;<\/em><\/p>\n\n\n\n<p><em>am fost str\u0103in \u015fi nu M-a\u021bi primit, am fost gol \u015fi nu M-a\u021bi \u00eembr\u0103cat, am fost bolnav \u015fi \u00een temni\u021b\u0103 \u015fi n-a\u021bi venit pe la Mine.\u201d<\/em><\/p>\n\n\n\n<p><em>Atunci \u00cei vor r\u0103spunde \u015fi ei: \u201eDoamne, c\u00e2nd Te-am v\u0103zut noi fl\u0103m\u00e2nd sau fiindu-\u021ai sete, sau str\u0103in, sau gol, sau bolnav, sau \u00een temni\u021b\u0103 \u015fi nu \u0162i-am slujit?\u201d<\/em><\/p>\n\n\n\n<p><em>\u015ei El, drept r\u0103spuns, le va zice: \u201eAdev\u0103rat v\u0103 spun c\u0103, ori de c\u00e2te ori n-a\u021bi f\u0103cut aceste lucruri unuia dintre ace\u0219ti foarte ne\u00eensemna\u021bi fra\u021bi ai Mei, Mie nu Mi le-a\u021bi f\u0103cut.\u201d<\/em><\/p>\n\n\n\n<p><em>\u015ei ace\u0219tia vor merge la pedeapsa ve\u0219nic\u0103 iar cei neprih\u0103ni\u021bi vor merge \u00een via\u021ba ve\u0219nic\u0103.\u201d<\/em><\/p>\n\n\n\n<p>\u015ei Apocalipsa 20.11-15: <em>\u201eApoi am v\u0103zut un scaun de domnie mare \u015fi alb \u015fi pe Cel ce \u0219edea pe El.<\/em><\/p>\n\n\n\n<p><em>P\u0103m\u00e2ntul \u015fi cerul au fugit dinaintea Lui \u015fi nu s-a mai g\u0103sit loc pentru ele.<\/em><\/p>\n\n\n\n<p><em>\u0218i am v\u0103zut pe mor\u021bi, mari \u015fi mici, st\u00e2nd \u00een picioare \u00eenaintea scaunului de domnie.<\/em><\/p>\n\n\n\n<p><em>Ni\u0219te c\u0103r\u021bi au fost deschise. \u015ei mor\u021bii au fost judeca\u021bi dup\u0103 faptele lor dup\u0103 cele ce erau scrise \u00een c\u0103r\u021bile acelea.<\/em><\/p>\n\n\n\n<p><em>Marea a dat \u00eenapoi pe mor\u021bii care erau \u00een ea. Moartea \u015fi locuin\u021ba mor\u021bilor au dat \u00eenapoi pe mor\u021bii care erau \u00een ele. Fiecare a fost judecat dup\u0103 faptele lui.<\/em><\/p>\n\n\n\n<p><em>\u015ei moartea \u015fi locuin\u021ba mor\u021bilor au fost aruncate \u00een iazul de foc. Iazul de foc este moartea a doua.<\/em><\/p>\n\n\n\n<p><em>Oricine n-a fost g\u0103sit scris \u00een Cartea vie\u021bii a fost aruncat \u00een iazul de foc.\u201d<\/em><\/p>\n\n\n\n<p>La aceast\u0103 judecat\u0103 vor sta cei drep\u021bi \u015fi cei nedrep\u021bi. A\u0219a este scris. Dar ace\u0219ti drep\u021bi neprih\u0103ni\u021bi nu vor fi Mireasa, deoarece Mireasa st\u0103 cu El pe scaunul de judecat\u0103. Acest lucru \u00eel putem citi \u00een 1 Corinteni 6.2-3:<\/p>\n\n\n\n<p><em>\u201eNu \u0219ti\u021bi c\u0103 sfin\u021bii vor judeca lumea? \u015ei dac\u0103 lumea va fi judecat\u0103 de voi, sunte\u021bi voi nevrednici s\u0103 judeca\u021bi lucruri de foarte mic\u0103 \u00eensemn\u0103tate?<\/em><\/p>\n\n\n\n<p><em>Nu \u0219ti\u021bi c\u0103 noi vom judeca pe \u00eengeri? Cu c\u00e2t mai mult lucrurile vie\u021bii acesteia!\u201d<\/em><\/p>\n\n\n\n<p>\u015ei Apocalipsa 3.21:<em>&nbsp; \u201eCelui ce va birui \u00eei voi da s\u0103 \u0219ad\u0103 cu Mine pe scaunul Meu de domnie, dup\u0103 cum \u015fi Eu am biruit \u015fi am \u0219ezut cu Tat\u0103l Meu pe scaunul Lui de domnie.\u201d<\/em><\/p>\n\n\n\n<p>Deci Mireasa este pe tron cu El. Da, Ea st\u0103 cu El pentru a judeca lumea. Aceasta este exact ceea ce a v\u0103zut \u015fi Daniel \u00een capitolul 7.9-10&nbsp;<\/p>\n\n\n\n<p><em>\u201eM\u0103 uitam la aceste lucruri p\u00e2n\u0103 c\u00e2nd s-au a\u0219ezat ni\u0219te scaune de domnie. \u015ei un \u00cemb\u0103tr\u00e2nit de zile a \u0219ezut jos. Haina Lui era alb\u0103 ca z\u0103pada \u015fi p\u0103rul capului Lui era ca ni\u0219te l\u00e2n\u0103 curat\u0103; scaunul Lui de domnie era ca ni\u0219te fl\u0103c\u0103ri de foc \u015fi roatele Lui ca un foc aprins.<\/em><\/p>\n\n\n\n<p><em>Un r\u00e2u de foc curgea \u015fi ie\u0219ea dinaintea Lui. Mii \u015fi mii de slujitori \u00cei slujeau \u015fi de zeci de ori zece mii st\u0103teau \u00eenaintea Lui. S-a \u021binut judecata \u015fi s-au deschis c\u0103r\u021bile.\u201d<\/em><\/p>\n\n\n\n<p>Vede\u021bi, aceasta este aceea\u0219i scen\u0103, c\u0103ci acei mii \u015fi mii care-L slujesc, sunt cei care alc\u0103tuiesc Mireasa, c\u0103ci cine altcineva sluje\u0219te b\u0103rbatului dac\u0103 nu so\u021bia lui? Acum se ridic\u0103 \u00eens\u0103 o alt\u0103 \u00eentrebare: Cine sunt acei neprih\u0103ni\u021bi care vor fi judeca\u021bi? Nu exist\u0103 nicio alt\u0103 posibilitate ca ei s\u0103 vin\u0103 sus, deoarece sunt numai dou\u0103 \u00eenvieri. \u015ei din moment ce nu au avut parte de prima \u00eenviere, trebuie s\u0103 vin\u0103 sus la cea de-a doua, pentru judecat\u0103. Primii, cei care au parte de prima \u00eenviere, sunt Mireasa \u015fi ei nu vin la judecat\u0103: Ioan 5.24: <em>\u201eAdev\u0103rat, adev\u0103rat v\u0103 spun c\u0103 cine ascult\u0103 cuvintele Mele \u015fi crede \u00een Cel ce M-a trimis, are via\u021ba ve\u0219nic\u0103 <\/em>(acesta este credinciosul. El a primit deja Via\u021ba ve\u0219nic\u0103, este \u00een posesia ei acum)<em> \u015fi nu vine la judecat\u0103 ci a trecut din moarte la via\u021b\u0103.\u201d<\/em><\/p>\n\n\n\n<p>\u021aine\u021bi minte c\u0103 Isus are \u00een g\u00e2ndul S\u0103u un alt grup care va intra la Via\u021b\u0103 ve\u0219nic\u0103 la cea de-a doua \u00eenviere, iar acest grup nu apar\u021bine Miresei, deoarece Mireasa a fost luat\u0103 sus la prima \u00eenviere.<\/p>\n\n\n\n<p>\u00cen Ioan 5.28-29 citim:<\/p>\n\n\n\n<p><em>\u201eNu v\u0103 mira\u021bi de lucrul acesta pentru c\u0103 vine ceasul c\u00e2nd to\u021bi cei din morminte vor auzi glasul Lui<\/em><\/p>\n\n\n\n<p><em>\u015fi vor ie\u0219i afar\u0103 din ele. Cei ce au f\u0103cut binele vor \u00eenvia pentru via\u021b\u0103, iar cei ce au f\u0103cut r\u0103ul vor \u00eenvia pentru judecat\u0103.\u201d<\/em><\/p>\n\n\n\n<p>Noi \u0219tim cu to\u021bii c\u0103 acest text nu este \u00een leg\u0103tur\u0103 cu prima \u00eenviere, deci cu r\u0103pirea Miresei, deoarece la prima \u00eenviere vor \u00eenvia numai cei adormi\u021bi \u00een Hristos, iar cei vii vor fi transforma\u021bi \u015fi lua\u021bi de pe p\u0103m\u00e2nt, deci cei ce apar\u021bin Miresei: 1 Tesaloniceni 4.16-17:<\/p>\n\n\n\n<p><em>\u201eC\u0103ci \u00censu\u0219i Domnul, cu un strig\u0103t, cu glasul unui arhanghel \u015fi cu tr\u00e2mbi\u021ba lui Dumnezeu, se va pogor\u00ee din cer \u015fi \u00eent\u00e2i vor \u00eenvia cei mor\u021bi \u00een Hristos.<\/em><\/p>\n\n\n\n<p><em>Apoi, noi cei vii care vom fi r\u0103mas, vom fi r\u0103pi\u021bi to\u021bi \u00eempreun\u0103 cu ei ca s\u0103 \u00eent\u00e2mpin\u0103m pe Domnul \u00een v\u0103zduh; \u015fi astfel vom fi totdeauna cu Domnul\u201d.<\/em><\/p>\n\n\n\n<p>\u00cen ceea ce prive\u0219te textul din Ioan 5.28-29 este vorba despre aceea\u0219i \u00eenviere despre care citim \u00een Apocalipsa 20:11-15, unde mor\u021bii vor fi judeca\u021bi dup\u0103 faptele lor, iar cei ce nu vor fi g\u0103si\u021bi \u00een Cartea Vie\u021bii vor fi arunca\u021bi \u00een iazul de foc.<\/p>\n\n\n\n<p>Acum se ridic\u0103 o alt\u0103 \u00eentrebare: De ce la judecat\u0103 mai sunt oameni care intr\u0103 la Via\u021b\u0103 ve\u0219nic\u0103, deoarece din epistole se pare c\u0103 oricine trebuie s\u0103 aib\u0103 Duhul lui Hristos sau va pieri? De\u0219i la prima vedere a\u0219a s-ar p\u0103rea, totu\u0219i trebuie s\u0103 d\u0103m ascultare cuvintelor lui Isus care spune c\u0103 la judecat\u0103 va fi deschis\u0103 Cartea Vie\u021bii, iar unii oameni vor primi Via\u021b\u0103 ve\u0219nic\u0103 \u00eenainte de \u00eenvierea general\u0103 sau dup\u0103 aceasta. Despre acest adev\u0103r vorbe\u0219te \u015fi Pavel \u00een Filipeni 3.11:<\/p>\n\n\n\n<p>&nbsp;<em>\u201eCa s\u0103 ajung cu orice chip, dac\u0103 voi putea, la \u00eenvierea din mor\u021bi.\u201d <\/em>Aceast\u0103 declara\u021bie este oarecum ciudat\u0103, deoarece \u0219tim cu to\u021bii c\u0103 noi vom avea parte de o \u00eenviere, fie c\u0103 vrem, fie c\u0103 nu vrem aceasta. To\u021bi oamenii vor fi \u00eenvia\u021bi.<\/p>\n\n\n\n<p>Aceasta \u00eenseamn\u0103 c\u0103 Pavel s-a referit la ceva anume c\u00e2nd a spus c\u0103 dore\u0219te \u201ecu orice chip\u201d s\u0103 aib\u0103 parte la \u00eenvierea din mor\u021bi. \u00censeamn\u0103 c\u0103 \u00eenvierea la care se refer\u0103 el nu este \u00een leg\u0103tur\u0103 cu cea de-a doua \u00eenviere sau \u00eenvierea general\u0103, ci este prima \u00eenviere. Despre aceast\u0103 prim\u0103 \u00eenviere scrie \u00een Apocalipsa 20.5-6:<\/p>\n\n\n\n<p><em>\u201eFerici\u021bi \u015fi sfin\u021bi sunt cei ce au parte de \u00eent\u00e2ia \u00eenviere! Asupra lor a doua moarte n-are nici o putere; ci vor fi preo\u021bi ai lui Dumnezeu \u015fi ai lui Hristos \u015fi vor \u00eemp\u0103r\u0103\u021bi cu El o mie de ani.\u201d<\/em> Prima \u00eenviere nu are nimic a face cu moartea a doua. Despre a doua \u00eenviere \u015fi despre moartea a doua putem vorbi numai la sf\u00e2r\u0219itul \u00cemp\u0103r\u0103\u021biei de o mie de ani c\u00e2nd to\u021bi mor\u021bii (adic\u0103 restul) vor \u00eenvia pentru judecat\u0103. <em>\u201eCeilal\u021bi mor\u021bi n-au \u00eenviat p\u00e2n\u0103 nu s-au sf\u00e2r\u0219it cei o mie de ani.\u201d<\/em><\/p>\n\n\n\n<p>\u00cen ziua aceea, \u00eenaintea Tronului alb, vor sta dou\u0103 grupuri:<\/p>\n\n\n\n<ul class=\"wp-block-list\"><li>unii care vor intra la Via\u021b\u0103 ve\u0219nic\u0103, \u015fi<\/li><li>unii care vor merge \u00een moartea a doua.<\/li><\/ul>\n\n\n\n<p>Cred c\u0103 nu este greu s\u0103 ne d\u0103m seama cine este grupul care va intra la Via\u021b\u0103 ve\u0219nic\u0103 la cea de-a doua \u00eenviere. Biblia spune c\u0103 ei s-au purtat bine cu \u201efra\u021bii Mei\u201d. Aceasta \u00eenseamn\u0103 c\u0103 cei ce vor fi arunca\u021bi \u00een iazul de foc, deci moartea a doua, sunt oamenii r\u0103i care i-au prigonit \u015fi s-au purtat r\u0103u cu \u201efra\u021bii Mei\u201d, cum \u00eei nume\u0219te Isus. A\u015fa spune Cuv\u00e2ntul lui Dumnezeu, de aceea noi \u00cel credem din inim\u0103. De fapt, aici nu exist\u0103 niciun argument, ci numai o simpl\u0103 declara\u021bie.<\/p>\n\n\n\n<p>Ca s\u0103 clarific\u0103m mai bine lucrurile, vom reveni la textul din Matei 25.31-46 pe care l-am citit deja. Dac\u0103 vom citi cu aten\u021bie, vedem c\u0103 aici nu scrie c\u0103 acolo st\u0103 un p\u0103stor care desparte oile de capre, ci scrie c\u0103 \u201e\u00eei va desp\u0103r\u021bi pe unii de al\u021bii cum desparte p\u0103storul oile de capre\u201d. (v.32)<\/p>\n\n\n\n<p>Adev\u0103rul este c\u0103 \u00een timpul acela (\u00eenaintea tronului alb) nu pot sta oile Sale, adic\u0103 Mireasa Sa, deoarece ele sunt deja \u00een staulul S\u0103u; ele au ascultat Glasul Lui, Cuv\u00e2ntul, \u015fi L-au urmat. Oile au primit deja Via\u021b\u0103 ve\u0219nic\u0103, a\u0219a c\u0103 nu mai au de ce s\u0103 vin\u0103 la judecat\u0103.<\/p>\n\n\n\n<p>\u00cen ce-i prive\u0219te pe cei adu\u0219i \u00eenaintea Tronului alb, ei nu au Via\u021b\u0103 ve\u0219nic\u0103 ci sunt la judecat\u0103 \u015fi vedem c\u0103 unora dintre ei li se permite s\u0103 intre la Via\u021b\u0103 ve\u0219nic\u0103. Dar pe ce baz\u0103 intr\u0103 ei la Via\u021b\u0103 ve\u0219nic\u0103? Cu siguran\u021b\u0103, nu pentru c\u0103 ar poseda deja Via\u021ba ve\u0219nic\u0103, cum o are Mireasa, dar o primesc pentru c\u0103 s-au purtat frumos cu Mireasa, adic\u0103 cu \u201efra\u021bii Mei\u201d, cum spune Isus. Ei nu sunt fra\u021bii Lui c\u0103ci, dac\u0103 ar fi, aceasta i-ar face mo\u0219tenitori cu El, dar vedem c\u0103 ei nu mo\u0219tenesc nimic altceva dec\u00e2t Via\u021ba ve\u0219nic\u0103. Deci, ei nu vor sta cu El pe tron.<\/p>\n\n\n\n<p>Totu\u0219i numele lor au fost scrise \u00een Cartea Vie\u021bii \u015fi nu au fost \u0219terse. Ei sunt recunoscu\u021bi \u015fi m\u00e2ntui\u021bi datorit\u0103 faptului c\u0103 i-au iubit pe copiii lui Dumnezeu \u015fi, f\u0103r\u0103 \u00eendoial\u0103, i-au ajutat \u00een unele situa\u021bii. Poate c\u0103 au procedat ca Nicodim sau Gamaliel care, \u00een timp de prigoan\u0103, au stat de partea poporului lui Dumnezeu.<\/p>\n\n\n\n<p>Cred c\u0103 putem face deosebirea \u00eentre oamenii r\u0103i \u015fi aceia care-i ajut\u0103 pe sfin\u021bi, nu? Cu siguran\u021b\u0103 \u015fi numele unora din cei ce vor arunca\u021bi \u00een iazul de foc au fost scrise \u00een Cartea Sa, dar dup\u0103 aceea au fost \u0219terse pentru c\u0103 au omis s\u0103 onoreze poporul lui Dumnezeu, care erau Cuv\u00e2ntul viu manifestat (epistole vii) pentru ziua aceea.<\/p>\n\n\n\n<p>Dorin\u021ba mea este ca voi s\u0103 \u00een\u021belege\u021bi bine lucrurile. Aici nu este vorba de na\u021biuni adunate pentru a intra \u00een \u00cemp\u0103r\u0103\u021bia de o mie de ani \u015fi care au fost bune ad\u0103postindu-i pe evrei, deoarece din versetele citite reiese clar c\u0103 avem de-a face cu dou\u0103 categorii de oameni: unii vor intra la Via\u021b\u0103 ve\u0219nic\u0103, \u00een timp ce al\u021bii vor merge la pierzare. Noi nu avem nici un text biblic din care s\u0103 reias\u0103 c\u0103 ace\u0219ti oameni vor fi judeca\u021bi la sf\u00e2r\u0219itul necazului celui mare, deci \u00eenainte de \u00eenceperea Mileniului. Numai fiara \u015fi profetul fals sunt judeca\u021bi la sf\u00e2r\u0219itul Necazului cel mare.&nbsp; Aceasta este judecata din fa\u021ba Tronului alb unde fiecare va fi judecat dup\u0103 cele scrise \u00een c\u0103r\u021bi.<\/p>\n\n\n\n<p>La \u00eenvierea a doua primesc haine albe, deci \u015fi Via\u021ba ve\u0219nic\u0103, sufletele de sub altar care apar \u00een Pecetea a cincea:<\/p>\n\n\n\n<p><em>\u201eC\u00e2nd a rupt Mielul pecetea a cincea, am v\u0103zut sub altar sufletele celor ce fuseser\u0103 junghia\u021bi din pricina Cuv\u00e2ntului lui Dumnezeu \u015fi din pricina m\u0103rturisirii pe care o \u021binuser\u0103.<\/em><\/p>\n\n\n\n<p><em>Ei strigau cu glas tare \u015fi ziceau: \u201eP\u00e2n\u0103&nbsp; c\u00e2nd, St\u0103p\u00e2ne, Tu, care e\u015fti sf\u00e2nt \u015fi adev\u0103rat, z\u0103bove\u0219ti s\u0103 judeci \u015fi s\u0103 r\u0103zbuni s\u00e2ngele nostru asupra locuitorilor p\u0103m\u00e2ntului?\u201d<\/em><\/p>\n\n\n\n<p><em>Fiec\u0103ruia dintre ei i s-a dat o hain\u0103 alb\u0103 \u015fi li s-a spus s\u0103 se mai odihneasc\u0103 pu\u021bin\u0103 vreme, p\u00e2n\u0103 se va \u00eemplini num\u0103rul tovar\u0103\u0219ilor lor de slujb\u0103 \u015fi al fra\u021bilor lor care aveau s\u0103 fie omor\u00e2\u021bi ca \u015fi ei.\u201d<\/em><\/p>\n\n\n\n<p>Observa\u021bi c\u0103 niciunul dintre cei afla\u021bi sub altar nu a fost omor\u00e2t pentru m\u0103rturia lui Isus. Ei nu sunt ca Antipa care a fost ucis pentru c\u0103 \u021binea tare Numele Lui. Ace\u0219tia nu au fost n\u0103scu\u021bi din nou, nu aveau Via\u021b\u0103 ve\u0219nic\u0103; totu\u0219i, vin sus \u00een \u00eenviere \u0219i primesc Via\u021b\u0103 ve\u0219nic\u0103 datorit\u0103 pozi\u021biei lor fa\u021b\u0103 de Cuv\u00e2nt. Uita\u021bi-v\u0103 numai cum strig\u0103 ei dup\u0103 r\u0103zbunare! Aceasta dovede\u0219te c\u0103 nu sunt material de Mireas\u0103 pentru c\u0103 Mireasa \u00eentoarce obrazul \u0219i strig\u0103: \u201eTat\u0103, iart\u0103-i, c\u0103 nu \u0219tiu ce fac!\u201d<\/p>\n\n\n\n<p>Sufletele de sub altar sunt evrei. Trebuie s\u0103 fie evrei deoarece apar \u00een Pecetea a cincea, iar Mireasa dintre neamuri este dus\u0103 \u00een r\u0103pire \u00een Pecetea a patra. Ace\u0219ti evrei nu sunt n\u0103scu\u021bi din Duhul Lui \u015fi nu cred c\u0103 Isus este Mesia, deoarece au fost orbi\u021bi de Dumnezeu pentru binele neamurilor, pentru ca harul s\u0103 vin\u0103 \u015fi peste noi. Acesta este motivul pentru care Dumnezeu le-a dat Via\u021b\u0103 ve\u0219nic\u0103. Fiind orbi\u021bi, ei n-au putut s\u0103-L recunoasc\u0103 \u015fi s\u0103-L primeasc\u0103. Totu\u0219i, au fost credincio\u0219i Cuv\u00e2ntului pe care-L cuno\u0219teau \u015fi au murit cu milioanele, pentru Acesta, sub Hitler, Stalin, etc. \u015fi \u00eenc\u0103 vor muri.<\/p>\n\n\n\n<p>La aceast\u0103 \u00eenviere vin sus \u015fi cele cinci fecioare nechibzuite. Ele au fost fecioare, dar nu au avut Duhul Sf\u00e2nt, ceea ce \u00eenseamn\u0103 c\u0103 nu au putut face parte din Mireas\u0103. Cele cinci fecioare \u00een\u021belepte, care aveau untdelemn \u00een candele, au devenit o parte din acea Mireas\u0103. Totu\u0219i, trebuie spus c\u0103 ace\u0219ti oameni, fiind un popor separat, un popor iubitor de Dumnezeu, care au \u00eencercat s\u0103 r\u0103m\u00e2n\u0103 \u00een Cuv\u00e2nt conform cuno\u0219tin\u021bei lor \u0219i au fost un ajutor \u00een lucrarea Domnului, vor veni sus la sf\u00e2r\u0219itul timpului. Ei vor pierde Mileniul dar, prin aceste adev\u0103ruri, voi pute\u021bi \u00eencepe s\u0103 vede\u021bi c\u0103 este mult mai important \u0219i mai minunat dec\u00e2t ne-am g\u00e2ndit sau am crezut vreodat\u0103. To\u021bi ace\u0219ti oameni \u00ee\u0219i au numele scrise \u00een Cartea Vie\u021bii \u015fi vor r\u0103m\u00e2ne scrise acolo.<\/p>\n\n\n\n<p>Dar care nume nu au r\u0103mas scrise \u00een Cartea Vie\u021bii? Sunt numele celor care apar\u021bin sistemului mondial bisericesc \u015fi s-au luptat \u00eempotriva Miresei. Ei vor fi arunca\u021bi \u00een iazul de foc.<\/p>\n\n\n\n<p>S\u0103 mai facem un pas \u00eenainte \u00een aceast\u0103 tem\u0103 deosebit de important\u0103! \u00cenainte de toate, noi \u0219tim c\u0103 Planul lui Dumnezeu const\u0103 \u00een alegere, \u00een hot\u0103r\u00e2rea pe care a luat-o \u00een El \u00censu\u0219i. Hot\u0103r\u00e2rea lui Dumnezeu era s\u0103 produc\u0103 un popor&nbsp; care s\u0103 fie exact ca El, o Mireas\u0103 Cuv\u00e2nt. Ea a fost aleas\u0103 \u00eenainte de \u00eentemeierea lumii \u00een El. Ea a fost cunoscut\u0103 dinainte \u0219i preaiubit\u0103 \u00eenainte s\u0103 fi fost produs\u0103 vreodat\u0103 de-a lungul epocilor pe p\u0103m\u00e2nt. Ea a fost r\u0103scump\u0103rat\u0103 prin S\u00e2ngele Lui \u015fi nu poate merge niciodat\u0103 la judecat\u0103, deoarece p\u0103catul Ei nu poate fi \u021binut \u00een seam\u0103: Romani 4.8: <em>\u201eFerice de omul c\u0103ruia nu-i \u021bine Domnul \u00een seam\u0103 p\u0103catul!\u201d<\/em><\/p>\n\n\n\n<p>Adev\u0103rul este c\u0103 Ea va fi cu El pe tronul Lui, judec\u00e2nd lumea \u015fi chiar \u00eengerii. Numele Ei (fiecare m\u0103dular al Ei) a fost scris \u00eentr-o sec\u021biune din Cartea Vie\u021bii Mielului \u00eenainte de \u00eentemeierea lumii.<\/p>\n\n\n\n<p>\u00cen al doilea r\u00e2nd, vedem ap\u0103r\u00e2nd un alt grup care are, de asemenea, numele scris \u00een Cartea Vie\u021bii, dar care vor veni sus numai la a doua \u00eenviere. Acest grup este format din fecioarele ne\u00een\u021belepte \u015fi din oamenii neprih\u0103ni\u021bi despre care am citit \u00een prima parte a textului din Matei 25. La grupul acesta se adaug\u0103 \u015fi cei care nu se \u00eenchin\u0103 fiarei \u0219i care nu vor intra \u00een sistemul anticre\u0219tin, murind pentru credin\u021ba lor, de\u0219i nu fac parte din Mireas\u0103 pentru c\u0103 nu sunt n\u0103scu\u021bi din nou. Ei vor ap\u0103rea la a doua \u00eenviere \u0219i vor primi Via\u021b\u0103 ve\u0219nic\u0103.<\/p>\n\n\n\n<p>\u00cen al treilea r\u00e2nd, acolo sunt cre\u0219tinii de margine, care sunt la fel ca cei care au ie\u0219it cu Israel din Egipt.<\/p>\n\n\n\n<p>Numele acestora erau \u00een Cartea Vie\u021bii, iar faptele lor erau scrise \u00een c\u0103r\u021bi, dar ei au fost necredincio\u0219i \u015fi neascult\u0103tori lui Dumnezeu \u015fi nu aveau Duhul Sf\u00e2nt, de\u0219i aveau semne \u015fi minuni \u00een mijlocul lor, ceea ce a avut ca urmare \u0219tergerea numelor lor din Cartea Vie\u021bii. Din grupul acesta fac parte cei ca Iuda care, de\u0219i sunt \u00een \u00eentregime lipsi\u021bi de Duhul, sunt religio\u0219i, av\u00e2nd descoperiri \u00een vie\u021bile lor. Ace\u0219tia nu fac parte dintre cei ale\u0219i de El, de\u0219i erau \u00een c\u0103r\u021bi. \u00cen acela\u0219i grup intr\u0103 \u015fi Balaam, care nu apar\u021binea grup\u0103rii alese.<\/p>\n\n\n\n<p>\u015ei, \u00een fine, \u00een al patrulea r\u00e2nd avem numele celor care nu au fost scri\u0219i niciodat\u0103 \u0219i nu vor fi scri\u0219i vreodat\u0103 \u00een c\u0103r\u021bi. Ace\u0219tia se afl\u0103 \u00een Apocalipsa 13.8:&nbsp; <em>\u201e\u015ei to\u021bi locuitorii p\u0103m\u00e2ntului I se vor<\/em> <em>\u00eenchina; to\u021bi aceia <u>al c\u0103ror nume n-a fost scris de la \u00eentemeierea lumii \u00een Cartea Vie\u021bii Mielului <\/u>care a fost junghiat.\u201d<\/em><\/p>\n\n\n\n<p>\u015ei Apocalipsa 17.8:&nbsp; <em>\u201eFiara pe care ai v\u0103zut-o, era \u015fi nu mai este. Ea are s\u0103 se ridice din Ad\u00e2nc \u015fi are s\u0103 se duc\u0103 la pierzare. \u015ei locuitorii p\u0103m\u00e2ntului, <u>ale c\u0103ror nume n-au fost scrise de la \u00eentemeierea lumii \u00een Cartea Vie\u021bii<\/u>, se vor mira c\u00e2nd vor vedea c\u0103 fiara era, nu mai este \u015fi va veni.\u201d<\/em><\/p>\n\n\n\n<p>Isus a vorbit despre un anumit grup de oameni care vor accepta pe unul care vine \u00een propriul lui nume. Acel \u201eunul\u201d este antihristul. Exact aceasta ne spune Apocalipsa 13.8 \u015fi 17.8. Ace\u0219tia au fost r\u00e2ndui\u021bi de Dumnezeu, dar nu pentru alegere. Din acest grup fac parte cei ca Faraon, despre care Biblia spune c\u0103 a fost ridicat de Dumnezeu pentru un scop \u015fi anume, pentru ca Domnul s\u0103-\u015ei arate puterea \u00een el: Romani 9.17,22:&nbsp; <em>\u201eTe-am r\u00e2nduit \u00eenadins ca s\u0103-Mi ar\u0103t \u00een tine puterea Mea \u015fi pentru ca Numele Meu s\u0103 fie vestit \u00een tot poporul.\u201d<\/em><\/p>\n\n\n\n<p><em>\u201e\u2026Dumnezeu, fiindc\u0103 voia s\u0103-\u015ei arate m\u00e2nia \u015fi s\u0103-\u015ei descopere puterea, a suferit cu mult\u0103 r\u0103bdare ni\u0219te vase ale m\u00e2niei, f\u0103cute pentru pieire&#8230;\u201d<\/em><\/p>\n\n\n\n<p>Niciunul dintre ace\u0219tia nu putea s\u0103 apar\u0103 \u00een Eviden\u021bele Vie\u021bii. Nu spun c\u0103 despre ei nu ar fi nici o relatare, fiindc\u0103 este, dar nu \u00een Eviden\u021bele Vie\u021bii, iar scopul existen\u021bei lor l-am v\u0103zut deja \u00een cele citite mai sus.<\/p>\n\n\n\n<p>Ca s\u0103 fie mai clar, s\u0103 mai amintim \u00eenc\u0103 dou\u0103 texte biblice: Proverbe 16.4: <em>\u201eDomnul a f\u0103cut totul pentru o \u021bint\u0103, chiar \u015fi pe cel r\u0103u, pentru ziua nenorocirii.\u201d <\/em>\u015fi Iov 21.30: <em>\u201eCum cel r\u0103u este p\u0103strat pentru ziua nenorocirii.<\/em> <em>Ei sunt condu\u0219i spre ziua m\u00e2niei.\u201d<\/em><\/p>\n\n\n\n<p>Pentru c\u0103 aceast\u0103 parte a Cuv\u00e2ntului este mai greu de \u00een\u021beles pentru mintea omeneasc\u0103, trebuie doar s-o credem \u015fi s-o primim. Poate c\u0103 unii se vor poticni \u00een ceea ce am spus, deoarece nu \u00een\u021beleg suveranitatea lui Dumnezeu care arat\u0103 c\u0103 Dumnezeu este Dumnezeu, \u0219i pentru c\u0103 El este Dumnezeu, nimeni nu poate s\u0103-L sf\u0103tuiasc\u0103, nici s\u0103 se \u00eempotriveasc\u0103 voii \u015fi planului S\u0103u. Doar El, fiind omnipotent, st\u0103p\u00e2ne\u0219te toate lucrurile \u015fi face ceea ce vrea cu toat\u0103 crea\u021bia Sa, deoarece toate au fost create pentru buna Lui pl\u0103cere.<\/p>\n\n\n\n<p>Acesta este motivul pentru care Pavel spune \u00een Romani 9.21:<em> \u201eNu este olarul st\u0103p\u00e2n pe lutul lui, ca din aceea\u0219i fr\u0103m\u00e2nt\u0103tur\u0103 de lut s\u0103 fac\u0103 un vas pentru o \u00eentrebuin\u021bare de cinste \u015fi un alt vas pentru o \u00eentrebuin\u021bare de ocar\u0103?\u201d <\/em>Noi nu putem nega acest drept al S\u0103u pentru c\u0103 El este Creatorul. Dar \u00een Romani 14.7-9, Pavel merge mai departe, ar\u0103t\u00e2nd c\u0103 Isus a pl\u0103tit pre\u021bul r\u0103scump\u0103r\u0103rii pentru \u00eentreaga lume, de aceea poate lucra cu ai S\u0103i dup\u0103 cum dore\u0219te:<\/p>\n\n\n\n<p><em>\u201e\u00cen adev\u0103r, nici unul din noi nu moare pentru sine.<\/em><\/p>\n\n\n\n<p><em>C\u0103ci, dac\u0103 tr\u0103im, pentru Domnul tr\u0103im, \u015fi dac\u0103 murim, pentru Domnul murim. Deci, fie c\u0103 tr\u0103im, fie c\u0103 murim, noi suntem ai lui Dumnezeu.<\/em><\/p>\n\n\n\n<p><em>C\u0103ci Hristos pentru aceasta a murit \u015fi a \u00eenviat ca s\u0103 aib\u0103 st\u0103p\u00e2nire \u015fi peste cei mor\u021bi \u015fi peste cei vii.\u201d<\/em><\/p>\n\n\n\n<p>Despre aceasta vorbe\u0219te \u015fi Ioan \u00een Evanghelia sa. Ioan 17.2: <em>\u201eDup\u0103 cum I-ai dat putere <u>peste orice f\u0103ptur\u0103<\/u>, ca s\u0103 dea via\u021b\u0103 ve\u0219nic\u0103 tuturor acelora pe care I i-ai dat Tu.\u201d<\/em><\/p>\n\n\n\n<p>Acum, dac\u0103 \u00cei atribuim lui Dumnezeu toat\u0103 cuno\u0219tin\u021ba, trebuie s\u0103 admitem, de asemenea, c\u0103 El este des\u0103v\u00e2r\u0219it \u00een \u00een\u021belepciune \u015fi neprih\u0103nire. Acest plan de alegere \u015fi de lep\u0103dare, este \u00een\u021belepciunea lui Dumnezeu descoperit\u0103 chiar \u00een toate epocile, a\u0219a cum este scris \u00een Efeseni 1.3-11:<\/p>\n\n\n\n<p><em>\u201eBinecuv\u00e2ntat s\u0103 fie Dumnezeu, Tat\u0103l Domnului nostru Isus Hristos, care ne-a binecuv\u00e2ntat cu tot felul de binecuv\u00e2nt\u0103ri duhovnice\u0219ti \u00een locurile cere\u0219ti, \u00een Hristos.<\/em><\/p>\n\n\n\n<p><em>\u00cen El, Dumnezeu ne-a ales \u00eenainte de \u00eentemeierea lumii ca s\u0103 fim sfin\u021bi \u015fi f\u0103r\u0103 prihan\u0103 \u00eenaintea Lui, dup\u0103 ce, \u00een dragostea Lui,<\/em><\/p>\n\n\n\n<p><em>ne-a r\u00e2nduit mai dinainte ca s\u0103 fim \u00eenfia\u021bi prin Isus Hristos, dup\u0103 buna pl\u0103cere a voii Sale,<\/em><\/p>\n\n\n\n<p><em>spre lauda slavei harului S\u0103u pe care ni l-a dat Prea iubitul Lui.<\/em><\/p>\n\n\n\n<p><em>\u00cen El avem r\u0103scump\u0103rarea, prin s\u00e2ngele Lui iertarea p\u0103catelor, dup\u0103 bog\u0103\u021biile harului S\u0103u<\/em><\/p>\n\n\n\n<p><em>&nbsp;pe care l-a r\u0103sp\u00e2ndit din bel\u0219ug peste noi, prin orice fel de \u00een\u021belepciune \u015fi pricepere;<\/em><\/p>\n\n\n\n<p><em>c\u0103ci a binevoit s\u0103 ne descopere taina voii Sale, dup\u0103 planul pe care-l alc\u0103tuise \u00een Sine \u00censu\u0219i,<\/em><\/p>\n\n\n\n<p><em>ca s\u0103-l aduc\u0103 la \u00eendeplinire la plinirea vremurilor, spre a-\u015ei uni iar\u0103\u0219i \u00eentr-unul, \u00een Hristos, toate lucrurile, cele din ceruri \u015fi cele de pe p\u0103m\u00e2nt.<\/em><\/p>\n\n\n\n<p><em>\u00cen El am fost f\u0103cu\u021bi \u015fi mo\u0219tenitori, fiind r\u00e2ndui\u021bi mai dinainte, dup\u0103 hot\u0103r\u00e2rea Aceluia care face toate, dup\u0103 sfatul voii Sale.\u201d<\/em><\/p>\n\n\n\n<p>Deci, dac\u0103 Dumnezeu a hot\u0103r\u00e2t ca unele nume puse \u00eentr-o sec\u021biune a C\u0103r\u021bii Vie\u021bii Mielului s\u0103 nu poat\u0103 fi \u0219terse niciodat\u0103, \u00eenseamn\u0103 c\u0103 acestea sunt numele Miresei Lui, iar noi trebuie s\u0103 accept\u0103m aceasta. Dac\u0103 tot \u00een aceast\u0103 Carte au fost scrise unele nume care apoi au fost \u0219terse, \u00eenseamn\u0103 c\u0103 \u015fi acest lucru s-a f\u0103cut prin buna \u0219tiin\u021b\u0103 a lui Dumnezeu, care cunoa\u0219te toate lucrurile mai dinainte \u015fi care \u0219tia c\u0103 ei vor c\u0103dea din credin\u021b\u0103.<\/p>\n\n\n\n<p>Apoi, am g\u0103sit c\u0103 sunt \u015fi numele celor care nu au fost scri\u0219i niciodat\u0103 \u00een Cartea Vie\u021bii, iar dac\u0103 a\u0219a spune Biblia, noi trebuie s\u0103 accept\u0103m aceasta, a\u0219a cum trebuie s\u0103 credem \u015fi c\u0103 la judecata de la Tronul alb vor fi oameni care vor intra la Via\u021b\u0103 ve\u0219nic\u0103 pentru c\u0103 au fost buni, amabili \u0219i drep\u021bi fa\u021b\u0103 de ale\u0219ii lui Dumnezeu care sunt fra\u021bii Lui.<\/p>\n\n\n\n<p>C\u0103ci cine cunoa\u0219te g\u00e2ndurile Domnului \u015fi cine a fost sfetnicul Lui? Da, noi trebuie s\u0103 fim supu\u0219i \u015fi ascult\u0103tori, crez\u00e2nd tot ceea ce spune El, care este Tat\u0103l \u015fi Via\u021ba noastr\u0103.<\/p>\n\n\n\n<p>Ca s\u0103 \u00een\u021belegem mai bine acest subiect, ar fi bine s\u0103-l privim \u015fi dintr-un alt punct de vedere, din punctul de vedere al istoriei epocilor bisericii. P\u00e2n\u0103 acum noi am crezut c\u0103 numai numele indivizilor pot fi \u0219terse din Cartea Vie\u021bii, dar acum nu vom mai privi la indivizi ci la grupuri \u00eentregi, reprezentate \u00een biseric\u0103. Pentru aceasta vreau s\u0103 compar\u0103m biserica de-a lungul epocilor cu planta de gr\u00e2u. Bobul de gr\u00e2u este sem\u0103nat cu scopul de a se reproduce \u0219i multiplica singur \u015fi aceasta \u00eentr-un timp bine stabilit. \u00cenainte ca acest bob s\u0103 se poat\u0103 \u00eenmul\u021bi, el va trebui s\u0103 moar\u0103, dar prin moartea lui, via\u021ba va intra \u00een planta care iese din el \u015fi care \u00een continuare va fi purt\u0103toarea vie\u021bii bobului, c\u0103r\u0103u\u0219ul aceleia\u0219i vie\u021bi, care va reveni la forma original\u0103 \u00eentr-o form\u0103 multiplicat\u0103.<\/p>\n\n\n\n<p>Isus, marea S\u0103m\u00e2n\u021b\u0103 \u00cemp\u0103r\u0103teasc\u0103 a murit. Acel Unul de neasemuit, care este Via\u021ba bisericii, st\u0103 \u00een mijlocul bisericii \u00een toate cele \u0219apte epoci, d\u00e2ndu-\u0218i Via\u021ba bisericii (c\u0103r\u0103u\u0219a sau purt\u0103toarea), astfel \u00eenc\u00e2t Via\u021ba Lui s\u0103 se reproduc\u0103 \u00een trupuri ca a Lui \u00een \u00eenviere. La \u00eenviere, aceast\u0103 S\u0103m\u00e2n\u021b\u0103 \u00cemp\u0103r\u0103teasc\u0103 va vedea multe semin\u021be \u00eemp\u0103r\u0103te\u0219ti, ca El \u00censu\u0219i, fiindc\u0103 Ioan a spus \u00een epistola sa: <em>\u201enoi vom fi ca El.\u201d<\/em> (1 Ioan 3.2).<\/p>\n\n\n\n<p>Despre aceasta a vorbit \u015fi Ioan Botez\u0103torul atunci c\u00e2nd a spus c\u0103 Isus \u00ee\u0219i va str\u00e2nge gr\u00e2ul \u00een gr\u00e2nar. Aceste cuvinte fac aluzie la \u00eenvierea \u00een care cei r\u0103scump\u0103ra\u021bi care au fost ale\u0219i spre Via\u021b\u0103 ve\u0219nic\u0103, au venit \u00een\u0103untru.<\/p>\n\n\n\n<p>Acum, relatarea despre aceast\u0103 plant\u0103 de gr\u00e2u care are ca scop reproducerea semin\u021bei originale \u00een form\u0103 multipl\u0103, este Cartea Vie\u021bii. Repet: Istoria sau eviden\u021ba acestei plante de gr\u00e2u este&nbsp; Cartea Vie\u021bii, o parte din aceast\u0103 Carte fiind Eviden\u021ba Vie\u021bii ve\u0219nice. Acest lucru este conving\u0103tor prin exprimarea plantei de gr\u00e2u.<\/p>\n\n\n\n<p>Acum, fi\u021bi aten\u021bi! Dup\u0103 ce este sem\u0103nat\u0103 s\u0103m\u00e2n\u021ba, apar dou\u0103 frunzuli\u021be mici, dar acestea nu sunt \u00eenc\u0103 gr\u00e2ul. Apoi cre\u0219te o tulpin\u0103, dar nici aceasta nu este \u00eenc\u0103 gr\u00e2u. Via\u021ba este acolo, dar nu gr\u00e2ul. Apoi, la cap\u0103tul tulpinii apare un spic care trimite afar\u0103 o floare. Este o plant\u0103 de gr\u00e2u dar \u00eenc\u0103 nu este gr\u00e2ul propriu-zis. Urmeaz\u0103 polenizarea \u0219i vedem pleava cresc\u00e2nd. Aceasta seam\u0103n\u0103 bine cu gr\u00e2ul dar \u00eenc\u0103 nu este s\u0103m\u00e2n\u021b\u0103; atunci se formeaz\u0103 bobul \u00een coaj\u0103 care este ca bobul original, iar c\u00e2nd este copt, gr\u00e2ul este recoltat.<\/p>\n\n\n\n<p>Isus Hristos a murit. El \u0218i-a dat Via\u021ba, iar aceast\u0103 Via\u021b\u0103 a venit peste biseric\u0103 pentru ca ea s\u0103 nasc\u0103 mul\u021bi fii care vor fi asemenea Lui \u00een slav\u0103, \u00een \u00eenviere. Dar a\u0219a cum bobul de gr\u00e2u a avut nevoie de un purt\u0103tor al vie\u021bii pentru a se reproduce, tot a\u0219a era nevoie de biseric\u0103, o purt\u0103toare a Vie\u021bii lui Hristos, mai \u00eent\u00e2i frunza, apoi tulpina, floarea \u015fi pleava. Toate acestea au fost purt\u0103torii pentru s\u0103m\u00e2n\u021b\u0103, nu s\u0103m\u00e2n\u021ba \u00eens\u0103\u0219i.<\/p>\n\n\n\n<p>A\u0219a a trecut biserica prin toate epocile, fiind purt\u0103toarea semin\u021bei, de\u0219i nu ea era s\u0103m\u00e2n\u021ba.<\/p>\n\n\n\n<p>Astfel, putem spune c\u0103 aceast\u0103 Carte a Vie\u021bii este \u00eentreaga plant\u0103 de gr\u00e2u. Haide\u021bi s-o privim din nou. Mai \u00eent\u00e2i s-a sem\u0103nat s\u0103m\u00e2n\u021ba, bobul original, din care au r\u0103s\u0103rit frunzuli\u021bele; dar ele nu erau bobul. Apoi a crescut tulpina, dar nici ea nu era s\u0103m\u00e2n\u021ba. A urmat spicul \u00een care s-a format bobul, dar nici spicul nu era bobul. Apare floarea. Atunci polenul cade peste acele pistiluri \u0219i o parte din planta aceea este \u00eensufle\u021bit\u0103. Ceva din acea s\u0103m\u00e2n\u021b\u0103 original\u0103, care a venit sus prin restul plantei, se transform\u0103 \u00een s\u0103m\u00e2n\u021b\u0103. De ce nu s-a dus \u00eentreaga plant\u0103 \u00een s\u0103m\u00e2n\u021b\u0103? Pentru c\u0103 a\u0219a a fost hot\u0103r\u00e2t mai dinainte. Numai o parte din plant\u0103 poate deveni s\u0103m\u00e2n\u021b\u0103, pentru c\u0103 numai o parte din acea plant\u0103 de gr\u00e2u este gr\u00e2u de Via\u021b\u0103 ve\u0219nic\u0103.<\/p>\n\n\n\n<p>Noi avem modelul des\u0103v\u00e2r\u0219it referitor la aceast\u0103 problem\u0103 \u00een plecarea Israelului din Egipt. Erau cam dou\u0103 milioane care au ie\u0219it. To\u021bi au sc\u0103pat prin s\u00e2ngele mielului jertfit; to\u021bi au fost boteza\u021bi \u00een Marea Ro\u0219ie; to\u021bi au venit afar\u0103 din ap\u0103 bucur\u00e2ndu-se de manifestarea \u015fi binecuv\u00e2nt\u0103rile Duhului Sf\u00e2nt; to\u021bi au m\u00e2ncat hrana \u00eengerilor; to\u021bi au b\u0103ut din st\u00e2nca ce i-a urmat dar, cu toate acestea, to\u021bi, \u00een afar\u0103 de c\u00e2teva nume, nu erau dec\u00e2t purt\u0103torii copiilor care urmau s\u0103 intre \u00een Canaan.<\/p>\n\n\n\n<p>De ce aceasta? Pentru c\u0103 nu tot Israelul este Israel, a\u0219a c\u0103 to\u021bi, afar\u0103 de o mic\u0103 minoritate, au fost lep\u0103da\u021bi \u0219i numele lor au fost \u0219terse din Cartea Vie\u021bii. Acest lucru este valabil \u015fi ast\u0103zi pentru biseric\u0103, a\u0219a c\u0103 \u015fi acum vor exista nume care vor fi \u0219terse din Cartea Vie\u021bii. Dar niciun nume nu va fi \u0219ters din Cartea Vie\u021bii Ve\u0219nice, pentru c\u0103 acela este un alt registru, de\u0219i este con\u021binut \u00een Cartea Vie\u021bii.<\/p>\n\n\n\n<p>&nbsp;M\u0103rturia este aceasta: <em>\u201e<u>Dumnezeu ne-a dat via\u021ba ve\u0219nic\u0103, iar via\u021ba aceasta este \u00een Fiul<\/u>. Cine are pe Fiul, are via\u021ba (ve\u0219nic\u0103), cine n-are pe Fiul lui Dumnezeu, n-are via\u021ba (ve\u0219nic\u0103).\u201d<\/em> (1 Ioan 5.11-12)&nbsp; Cei ce au acea Via\u021b\u0103 erau \u00een El \u00eenainte de \u00eentemeierea lumii. Ei au fost ale\u0219i de El \u00eenainte de \u00eentemeierea lumii. Aceast\u0103 m\u0103rea\u021b\u0103 S\u0103m\u00e2n\u021b\u0103 \u00eemp\u0103r\u0103teasc\u0103, Isus Hristos, a fost sem\u0103nat\u0103 (a murit), iar Via\u021ba care era \u00een El a venit sus prin planta de gr\u00e2u, reproduc\u00e2ndu-se \u00eentr-o mul\u021bime de semin\u021be de gr\u00e2u care posed\u0103 aceea\u0219i Via\u021b\u0103 \u00een ele. Ele sunt originale deoarece Duhul Sf\u00e2nt le face identice cu Originalul.<\/p>\n\n\n\n<p>Acum putem vedea de ce r\u0103scump\u0103ra\u021bii (adu\u0219i \u00eenapoi de Proprietarul original), Mireasa (care este \u00een El, a\u0219a cum Eva era \u00een Adam), nu poate fi lep\u0103dat\u0103 niciodat\u0103, ceea ce \u00eenseamn\u0103 c\u0103 nu poate fi \u0219ters niciodat\u0103 din Cartea Vie\u021bii. Ea este parte din El, Ea este \u00een tron, Ea nu poate fi judecat\u0103 niciodat\u0103. Oricine apar\u021bine Miresei este un m\u0103dular al Trupului lui Hristos \u015fi El nu-l pierde pe niciunul. Acest lucru nu este valabil pentru to\u021bi cei scri\u0219i \u00een Cartea Vie\u021bii, deoarece printre ei sunt \u0219i cei ca Iuda, etc., care au avut numele scris \u00een Carte, dar au fost \u0219terse.<\/p>\n\n\n\n<p>\u00cen zilele din urm\u0103, putem vedea c\u0103 sunt unii care au f\u0103cut semne \u015fi minuni minunate, dar Isus le va spune c\u0103 nu i-a cunoscut niciodat\u0103. Aceasta nu \u00eenseamn\u0103 c\u0103 El nu ar fi \u0219tiut de ei. Dimpotriv\u0103, El \u00eei cuno\u0219tea foarte bine, dar ei nu f\u0103ceau parte din Mireas\u0103, nu erau nici m\u0103car printre cei neprih\u0103ni\u021bi din cea de-a doua \u00eenviere. Ei nu au purtat roadele Lui deoarece erau \u00een afara Cuv\u00e2ntului, nu au r\u0103mas \u00een El \u015fi, ca urmare, au fost condamna\u021bi la moarte.<\/p>\n\n\n\n<p>Apoi, am v\u0103zut o alt\u0103 grupare, cei care au ajutat Mireasa \u015fi au fost un ajutor \u015fi o m\u00e2ng\u00e2iere pentru Ea. Numele lor au r\u0103mas \u00een Cartea Vie\u021bii \u0219i merg \u00een Via\u021ba ve\u0219nic\u0103.<\/p>\n\n\n\n<p>\u00cen sf\u00e2r\u0219it, sunt aceia al c\u0103ror nume n-a fost scris niciodat\u0103 \u00een Cartea Vie\u021bii, ca Faraon care n-a avut niciodat\u0103 numele scris \u00een Cartea Vie\u021bii. Ace\u0219tia vor fi, de asemenea, arunca\u021bi \u00een iazul de foc.<\/p>\n\n\n\n<p>Astfel, bobul de gr\u00e2u care a devenit o plant\u0103 pentru recoltare este m\u0103rturia bisericii. Noi am putut vedea biserica ilustrat\u0103 \u00een \u00eentregime prin planta de gr\u00e2u care este adus\u0103 la seceri\u0219. \u015ei a\u0219a cum nu \u00eentreaga plant\u0103 de gr\u00e2u este bobul (s\u0103m\u00e2n\u021ba), tot a\u0219a se \u00eent\u00e2mpl\u0103 \u015fi cu biserica: nu toat\u0103 biserica este Mireasa, deci nu la toat\u0103 biserica \u00eei este dat\u0103 Via\u021ba ve\u0219nic\u0103. O parte din aceasta este adunat\u0103 \u00een gr\u00e2nar, o parte va primi Via\u021b\u0103 ve\u0219nic\u0103 la cea de-a doua \u00eenviere, iar partea din ea care este socotit\u0103 pleav\u0103, va fi ars\u0103 \u00een iazul de foc. Exact aceasta a spus Isus \u015fi Ioan Botez\u0103torul: <em>\u201eGr\u00e2ul va fi str\u00e2ns \u00een gr\u00e2nar iar pleava va fi aruncat\u0103 \u00een foc.\u201d<\/em> Isus le-a spus secer\u0103torilor: <em>\u201eSmulge\u021bi \u00eent\u00e2i neghina \u015fi lega\u021bi-o \u00een snopi, ca s-o ardem, iar gr\u00e2ul str\u00e2nge\u021bi-l \u00een gr\u00e2narul Meu.\u201d<\/em> (Matei 13.30).<\/p>\n\n\n\n<p>Toate bisericile neghin\u0103 se leag\u0103 laolalt\u0103 \u00een mi\u0219carea ecumenic\u0103, deoarece neghina trebuie legat\u0103. Dar, cu toate c\u0103 destina\u021bia lor este iazul de foc, ele nu vor fi arse acum, \u00een timpul legatului, ci mai t\u00e2rziu, la sf\u00e2r\u0219itul celor o mie de ani, sau la a doua \u00eenviere. Dar odat\u0103 ce bisericile neghin\u0103 sunt legate \u00een ecumenism, poate avea loc r\u0103pirea; aceast\u0103 r\u0103pire are loc c\u00e2ndva \u00eentre legarea neghinei \u015fi descoperirea Antihristului. Atunci va veni ziua c\u00e2nd to\u021bi vor sta a\u0219a cum a v\u0103zut Daniel: \u00cemp\u0103ratul va fi acolo cu Mireasa Sa, iar gloatele va sta \u00eenaintea lor pentru judecat\u0103. Da, to\u021bi sunt acolo. Atunci sunt deschise toate c\u0103r\u021bile \u0219i este f\u0103cut\u0103 o a\u0219ezare final\u0103 a tuturor. Recoltarea este \u00eentr-adev\u0103r \u00eencheiat\u0103, iar c\u0103r\u021bile vor fi \u00eenchise \u015fi fiecare va merge la locul lui.<\/p>\n\n\n\n<p>\u00cen concluzia acestui subiect vreau s\u0103 repet \u00eenc\u0103 o dat\u0103 c\u0103 nu exist\u0103 nici m\u0103car un singur loc din Scriptur\u0103 unde s\u0103 scrie c\u0103 Domnul Isus ar mai scrie \u015fi \u00een prezent nume \u00een Cartea Vie\u021bii. Exist\u0103 un singur verset unde scrie c\u0103 <em>\u201eDomnul num\u0103r\u0103 popoarele, scriindu-le: Acolo s-a n\u0103scut!\u201d <\/em>(Psalmul 87.6).<\/p>\n\n\n\n<p>Cum am putea crede c\u0103 Dumnezeu trebuie s\u0103 a\u0219tepte p\u00e2n\u0103 la sf\u00e2r\u0219itul epocilor sau p\u00e2n\u0103 c\u00e2nd se va na\u0219te fiecare om, ca s\u0103 vad\u0103 ce va face \u015fi astfel s\u0103 decid\u0103 dac\u0103-i va scrie sau nu numele \u00een Cartea Vie\u021bii? Dac\u0103 ar face a\u0219a, aceasta ar exclude Atot\u0219tiin\u021ba Lui. Dar El \u0219tie cine sunt to\u021bi cei care compun acel num\u0103r. Ce este aceasta? Nu este Registrul revizuit \u00een care Dumnezeu pune acele nume care au r\u0103mas dup\u0103 a doua \u00eenviere \u0219i au apar\u021binut de Sion, \u00eentr-o nou\u0103 eviden\u021b\u0103? Sigur aceasta este.<\/p>\n\n\n\n<p><em>\u201e\u2026\u015fi voi m\u0103rturisi numele lui \u00eenaintea Tat\u0103lui Meu \u015fi \u00eenaintea \u00eengerilor Lui.\u201d<\/em><\/p>\n\n\n\n<p><strong>Chemarea Catalogului din ceruri<\/strong><\/p>\n\n\n\n<p>\u201e<em>Dac\u0103 un om moare, va tr\u0103i el din nou?<\/em>\u201d \u00cen toate zilele r\u00e2nduite pentru mine, voi a\u0219tepta s\u0103 vin\u0103 schimbarea mea. Atunci El m\u0103 va chema, iar eu \u00cei voi r\u0103spunde, c\u0103ci dorin\u021ba Lui este s\u0103-\u015ei vad\u0103 lucrarea m\u00e2inilor Sale al\u0103turi de El. Marele P\u0103stor \u00ee\u015fi cheam\u0103 oile dup\u0103 nume. Glasul creator a lui Dumnezeu \u00eei cheam\u0103 pe ale\u0219ii S\u0103i din pulberea p\u0103m\u00e2ntului sau le schimb\u0103 atomii dac\u0103 nu au adormit. Aceasta este r\u0103pirea. Atunci este marea Cin\u0103 de nunt\u0103 a Mirelui cu Mireasa Sa.<\/p>\n\n\n\n<p>Dar r\u0103pirea nu este singura chemare a Catalogului, c\u0103ci la a doua \u00eenviere, la judecata de la marele Tron Alb, vor fi \u015fi alte nume m\u0103rturisite \u00eenaintea Tat\u0103lui \u015fi a \u00eengerilor Lui. Unii oameni spun c\u0103 ei se bucur\u0103 foarte mult atunci c\u00e2nd \u00ee\u015fi aud numele \u00een public, la radio, publicat \u00een ziare, etc. Da, oamenilor le place aceasta; mai mult, ei se bucur\u0103 atunci c\u00e2nd cineva vorbe\u0219te despre ei cu recuno\u0219tin\u021b\u0103. Totu\u0219i, niciun glas omenesc nu va vorbi at\u00e2t de dulce ca Glasul lui Dumnezeu, dac\u0103 numele vostru este \u00een Cartea Vie\u021bii, \u015fi r\u0103m\u00e2ne acolo ca s\u0103 fie descoperit \u00eenaintea sfin\u021bilor \u00eengeri.<\/p>\n\n\n\n<p>Oh, ce zi m\u0103rea\u021b\u0103 va fi aceea c\u00e2nd \u00cel vom auzi pe Isus spun\u00e2nd: \u201eTat\u0103, ei au m\u0103rturisit Numele Meu \u00eenaintea oamenilor \u00een zilele pelerinajului lor p\u0103m\u00e2ntesc. Acum Eu voi m\u0103rturisi numele lor \u00eenaintea Ta \u015fi a tuturor \u00eengerilor cere\u0219ti.\u201d<\/p>\n\n\n\n<p><em>\u201eCine are urechi, s\u0103 asculte ce zice bisericilor Duhul!\u201d<\/em><\/p>\n\n\n\n<p>Aici vorbe\u0219te \u00eenc\u0103 o dat\u0103 Duhul, iar noi am privit m\u0103rturia despre ceea ce Duhul a spus la o alt\u0103 epoc\u0103 \u0219i am v\u0103zut c\u0103 m\u0103rturia este corect\u0103. Da, o alt\u0103 epoc\u0103 a bisericii s-a \u00eencheiat \u0219i tot ce s-a scris s-a \u00eemplinit exact cum a spus El c\u0103 va fi.<\/p>\n\n\n\n<p>C\u00e2t\u0103 m\u00e2ng\u00e2iere pentru noi, c\u00e2t\u0103 n\u0103dejde pentru Mireasa Sa din timpul acesta! Cele citite ne fac inimile s\u0103 tresalte de bucurie, pentru c\u0103 El este credincios \u0219i va \u00eemplini fiecare f\u0103g\u0103duin\u021b\u0103 a Sa. Da, dac\u0103 a fost credincios fa\u021b\u0103 de cei din Sardes, va fi credincios \u015fi pentru cei din epoca aceasta; dac\u0103 ei au primit harul \u015fi puterea Sa, dac\u0103 au fost r\u0103spl\u0103ti\u021bi de El, atunci acela\u0219i lucru se va \u00eent\u00e2mpla \u015fi cu noi.<\/p>\n\n\n\n<p>Acesta este motivul pentru care vrem s\u0103 mergem \u00eenainte, spre des\u0103v\u00e2r\u0219ire, ca s\u0103-L \u00eent\u00e2lnim pe Domnul \u00een v\u0103zduh \u0219i s\u0103 fim cu El pentru totdeauna.<\/p>\n\n\n\n<p><strong>&#8211; Amin &#8211;<\/strong><\/p>\n","protected":false},"excerpt":{"rendered":"<p>&nbsp;&nbsp;&nbsp;&nbsp;&nbsp;&nbsp;&nbsp;&nbsp;&nbsp;&nbsp; Apocalipsa 3.1-6: &nbsp;\u201e\u00cengerului Bisericii din Sardes scrie-i: Iat\u0103 ce zice Cel ce are cele \u0219apte Duhuri ale lui Dumnezeu \u015fi cele \u0219apte stele: \u201e\u015etiu&hellip;<\/p>\n","protected":false},"author":3,"featured_media":0,"comment_status":"open","ping_status":"open","sticky":false,"template":"","format":"standard","meta":{"footnotes":""},"categories":[6],"tags":[30,15],"class_list":["post-7751","post","type-post","status-publish","format-standard","hentry","category-william-branham","tag-30","tag-predici-crestine"],"yoast_head":"<!-- This site is optimized with the Yoast SEO Premium plugin v19.4 (Yoast SEO v26.8) - https:\/\/yoast.com\/product\/yoast-seo-premium-wordpress\/ -->\n<title>CARTEA CELOR \u0218APTE EPOCI ALE BISERICII - EPOCA BISERICII SARDES - THE FIVEFOLD MINISTRY - SLUJBA INCINCITA<\/title>\n<meta name=\"robots\" content=\"index, follow, max-snippet:-1, max-image-preview:large, max-video-preview:-1\" \/>\n<link rel=\"canonical\" href=\"https:\/\/infomesaj.ro\/index.php\/william-branham\/cartea-celor-sapte-epoci-ale-bisericii-epoca-bisericii-sardes\/\" \/>\n<meta property=\"og:locale\" content=\"ro_RO\" \/>\n<meta property=\"og:type\" content=\"article\" \/>\n<meta property=\"og:title\" content=\"CARTEA CELOR \u0218APTE EPOCI ALE BISERICII - EPOCA BISERICII SARDES - THE FIVEFOLD MINISTRY - SLUJBA INCINCITA\" \/>\n<meta property=\"og:description\" content=\"&nbsp;&nbsp;&nbsp;&nbsp;&nbsp;&nbsp;&nbsp;&nbsp;&nbsp;&nbsp; Apocalipsa 3.1-6: &nbsp;\u201e\u00cengerului Bisericii din Sardes scrie-i: Iat\u0103 ce zice Cel ce are cele \u0219apte Duhuri ale lui Dumnezeu \u015fi cele \u0219apte stele: \u201e\u015etiu&hellip;\" \/>\n<meta property=\"og:url\" content=\"https:\/\/infomesaj.ro\/index.php\/william-branham\/cartea-celor-sapte-epoci-ale-bisericii-epoca-bisericii-sardes\/\" \/>\n<meta property=\"og:site_name\" content=\"THE FIVEFOLD MINISTRY - SLUJBA INCINCITA\" \/>\n<meta property=\"article:published_time\" content=\"2022-03-03T07:41:29+00:00\" \/>\n<meta property=\"article:modified_time\" content=\"2022-03-03T07:41:30+00:00\" \/>\n<meta name=\"author\" content=\"WILLIAM M BRANHAM\" \/>\n<meta name=\"twitter:card\" content=\"summary_large_image\" \/>\n<meta name=\"twitter:label1\" content=\"Scris de\" \/>\n\t<meta name=\"twitter:data1\" content=\"WILLIAM M BRANHAM\" \/>\n\t<meta name=\"twitter:label2\" content=\"Timp estimat pentru citire\" \/>\n\t<meta name=\"twitter:data2\" content=\"89 de minute\" \/>\n<script type=\"application\/ld+json\" class=\"yoast-schema-graph\">{\"@context\":\"https:\/\/schema.org\",\"@graph\":[{\"@type\":\"Article\",\"@id\":\"https:\/\/infomesaj.ro\/index.php\/william-branham\/cartea-celor-sapte-epoci-ale-bisericii-epoca-bisericii-sardes\/#article\",\"isPartOf\":{\"@id\":\"https:\/\/infomesaj.ro\/index.php\/william-branham\/cartea-celor-sapte-epoci-ale-bisericii-epoca-bisericii-sardes\/\"},\"author\":{\"name\":\"WILLIAM M BRANHAM\",\"@id\":\"https:\/\/infomesaj.ro\/#\/schema\/person\/4a134e61b265d44055919fb2761af6d4\"},\"headline\":\"CARTEA CELOR \u0218APTE EPOCI ALE BISERICII &#8211; EPOCA BISERICII SARDES\",\"datePublished\":\"2022-03-03T07:41:29+00:00\",\"dateModified\":\"2022-03-03T07:41:30+00:00\",\"mainEntityOfPage\":{\"@id\":\"https:\/\/infomesaj.ro\/index.php\/william-branham\/cartea-celor-sapte-epoci-ale-bisericii-epoca-bisericii-sardes\/\"},\"wordCount\":23729,\"commentCount\":0,\"publisher\":{\"@id\":\"https:\/\/infomesaj.ro\/#organization\"},\"keywords\":[\"1960\",\"predici cre\u0219tine\"],\"articleSection\":[\"WILLIAM M. BRANHAM\"],\"inLanguage\":\"ro-RO\",\"potentialAction\":[{\"@type\":\"CommentAction\",\"name\":\"Comment\",\"target\":[\"https:\/\/infomesaj.ro\/index.php\/william-branham\/cartea-celor-sapte-epoci-ale-bisericii-epoca-bisericii-sardes\/#respond\"]}]},{\"@type\":\"WebPage\",\"@id\":\"https:\/\/infomesaj.ro\/index.php\/william-branham\/cartea-celor-sapte-epoci-ale-bisericii-epoca-bisericii-sardes\/\",\"url\":\"https:\/\/infomesaj.ro\/index.php\/william-branham\/cartea-celor-sapte-epoci-ale-bisericii-epoca-bisericii-sardes\/\",\"name\":\"CARTEA CELOR \u0218APTE EPOCI ALE BISERICII - EPOCA BISERICII SARDES - THE FIVEFOLD MINISTRY - SLUJBA INCINCITA\",\"isPartOf\":{\"@id\":\"https:\/\/infomesaj.ro\/#website\"},\"datePublished\":\"2022-03-03T07:41:29+00:00\",\"dateModified\":\"2022-03-03T07:41:30+00:00\",\"breadcrumb\":{\"@id\":\"https:\/\/infomesaj.ro\/index.php\/william-branham\/cartea-celor-sapte-epoci-ale-bisericii-epoca-bisericii-sardes\/#breadcrumb\"},\"inLanguage\":\"ro-RO\",\"potentialAction\":[{\"@type\":\"ReadAction\",\"target\":[\"https:\/\/infomesaj.ro\/index.php\/william-branham\/cartea-celor-sapte-epoci-ale-bisericii-epoca-bisericii-sardes\/\"]}]},{\"@type\":\"BreadcrumbList\",\"@id\":\"https:\/\/infomesaj.ro\/index.php\/william-branham\/cartea-celor-sapte-epoci-ale-bisericii-epoca-bisericii-sardes\/#breadcrumb\",\"itemListElement\":[{\"@type\":\"ListItem\",\"position\":1,\"name\":\"Prima pagin\u0103\",\"item\":\"https:\/\/infomesaj.ro\/\"},{\"@type\":\"ListItem\",\"position\":2,\"name\":\"CARTEA CELOR \u0218APTE EPOCI ALE BISERICII &#8211; EPOCA BISERICII SARDES\"}]},{\"@type\":\"WebSite\",\"@id\":\"https:\/\/infomesaj.ro\/#website\",\"url\":\"https:\/\/infomesaj.ro\/\",\"name\":\"THE FIVEFOLD MINISTRY - SLUJBA INCINCITA\",\"description\":\"Si El a dat pe unii Apostoli; pe altii, Proroci; pe altii, Evanghelisti; pe altii, Pastori si Invatatori, pentru Desavarsirea Sfintilor, in vederea lucrarii de Slujire, pentru zidirea Trupului Lui Hristos, pana vom ajunge toti la unirea Credintei si a Cunostintei Fiului Lui Dumnezeu; la starea de Om Mare, la inaltimea Staturii Plinatatii Lui Hristos\",\"publisher\":{\"@id\":\"https:\/\/infomesaj.ro\/#organization\"},\"potentialAction\":[{\"@type\":\"SearchAction\",\"target\":{\"@type\":\"EntryPoint\",\"urlTemplate\":\"https:\/\/infomesaj.ro\/?s={search_term_string}\"},\"query-input\":{\"@type\":\"PropertyValueSpecification\",\"valueRequired\":true,\"valueName\":\"search_term_string\"}}],\"inLanguage\":\"ro-RO\"},{\"@type\":\"Organization\",\"@id\":\"https:\/\/infomesaj.ro\/#organization\",\"name\":\"SLUJBA INCINCITA - THE FIVEFOLD MINISTRY\",\"url\":\"https:\/\/infomesaj.ro\/\",\"logo\":{\"@type\":\"ImageObject\",\"inLanguage\":\"ro-RO\",\"@id\":\"https:\/\/infomesaj.ro\/#\/schema\/logo\/image\/\",\"url\":\"https:\/\/infomesaj.ro\/wp-content\/uploads\/2022\/11\/grau-camp.jpg\",\"contentUrl\":\"https:\/\/infomesaj.ro\/wp-content\/uploads\/2022\/11\/grau-camp.jpg\",\"width\":740,\"height\":444,\"caption\":\"SLUJBA INCINCITA - THE FIVEFOLD MINISTRY\"},\"image\":{\"@id\":\"https:\/\/infomesaj.ro\/#\/schema\/logo\/image\/\"}},{\"@type\":\"Person\",\"@id\":\"https:\/\/infomesaj.ro\/#\/schema\/person\/4a134e61b265d44055919fb2761af6d4\",\"name\":\"WILLIAM M BRANHAM\",\"image\":{\"@type\":\"ImageObject\",\"inLanguage\":\"ro-RO\",\"@id\":\"https:\/\/infomesaj.ro\/#\/schema\/person\/image\/\",\"url\":\"https:\/\/secure.gravatar.com\/avatar\/8f929077d058d4f6305748075135c148?s=96&d=mm&r=g\",\"contentUrl\":\"https:\/\/secure.gravatar.com\/avatar\/8f929077d058d4f6305748075135c148?s=96&d=mm&r=g\",\"caption\":\"WILLIAM M BRANHAM\"},\"url\":\"https:\/\/infomesaj.ro\/index.php\/author\/william-marrion-branham\/\"}]}<\/script>\n<!-- \/ Yoast SEO Premium plugin. -->","yoast_head_json":{"title":"CARTEA CELOR \u0218APTE EPOCI ALE BISERICII - EPOCA BISERICII SARDES - THE FIVEFOLD MINISTRY - SLUJBA INCINCITA","robots":{"index":"index","follow":"follow","max-snippet":"max-snippet:-1","max-image-preview":"max-image-preview:large","max-video-preview":"max-video-preview:-1"},"canonical":"https:\/\/infomesaj.ro\/index.php\/william-branham\/cartea-celor-sapte-epoci-ale-bisericii-epoca-bisericii-sardes\/","og_locale":"ro_RO","og_type":"article","og_title":"CARTEA CELOR \u0218APTE EPOCI ALE BISERICII - EPOCA BISERICII SARDES - THE FIVEFOLD MINISTRY - SLUJBA INCINCITA","og_description":"&nbsp;&nbsp;&nbsp;&nbsp;&nbsp;&nbsp;&nbsp;&nbsp;&nbsp;&nbsp; Apocalipsa 3.1-6: &nbsp;\u201e\u00cengerului Bisericii din Sardes scrie-i: Iat\u0103 ce zice Cel ce are cele \u0219apte Duhuri ale lui Dumnezeu \u015fi cele \u0219apte stele: \u201e\u015etiu&hellip;","og_url":"https:\/\/infomesaj.ro\/index.php\/william-branham\/cartea-celor-sapte-epoci-ale-bisericii-epoca-bisericii-sardes\/","og_site_name":"THE FIVEFOLD MINISTRY - SLUJBA INCINCITA","article_published_time":"2022-03-03T07:41:29+00:00","article_modified_time":"2022-03-03T07:41:30+00:00","author":"WILLIAM M BRANHAM","twitter_card":"summary_large_image","twitter_misc":{"Scris de":"WILLIAM M BRANHAM","Timp estimat pentru citire":"89 de minute"},"schema":{"@context":"https:\/\/schema.org","@graph":[{"@type":"Article","@id":"https:\/\/infomesaj.ro\/index.php\/william-branham\/cartea-celor-sapte-epoci-ale-bisericii-epoca-bisericii-sardes\/#article","isPartOf":{"@id":"https:\/\/infomesaj.ro\/index.php\/william-branham\/cartea-celor-sapte-epoci-ale-bisericii-epoca-bisericii-sardes\/"},"author":{"name":"WILLIAM M BRANHAM","@id":"https:\/\/infomesaj.ro\/#\/schema\/person\/4a134e61b265d44055919fb2761af6d4"},"headline":"CARTEA CELOR \u0218APTE EPOCI ALE BISERICII &#8211; EPOCA BISERICII SARDES","datePublished":"2022-03-03T07:41:29+00:00","dateModified":"2022-03-03T07:41:30+00:00","mainEntityOfPage":{"@id":"https:\/\/infomesaj.ro\/index.php\/william-branham\/cartea-celor-sapte-epoci-ale-bisericii-epoca-bisericii-sardes\/"},"wordCount":23729,"commentCount":0,"publisher":{"@id":"https:\/\/infomesaj.ro\/#organization"},"keywords":["1960","predici cre\u0219tine"],"articleSection":["WILLIAM M. BRANHAM"],"inLanguage":"ro-RO","potentialAction":[{"@type":"CommentAction","name":"Comment","target":["https:\/\/infomesaj.ro\/index.php\/william-branham\/cartea-celor-sapte-epoci-ale-bisericii-epoca-bisericii-sardes\/#respond"]}]},{"@type":"WebPage","@id":"https:\/\/infomesaj.ro\/index.php\/william-branham\/cartea-celor-sapte-epoci-ale-bisericii-epoca-bisericii-sardes\/","url":"https:\/\/infomesaj.ro\/index.php\/william-branham\/cartea-celor-sapte-epoci-ale-bisericii-epoca-bisericii-sardes\/","name":"CARTEA CELOR \u0218APTE EPOCI ALE BISERICII - EPOCA BISERICII SARDES - THE FIVEFOLD MINISTRY - SLUJBA INCINCITA","isPartOf":{"@id":"https:\/\/infomesaj.ro\/#website"},"datePublished":"2022-03-03T07:41:29+00:00","dateModified":"2022-03-03T07:41:30+00:00","breadcrumb":{"@id":"https:\/\/infomesaj.ro\/index.php\/william-branham\/cartea-celor-sapte-epoci-ale-bisericii-epoca-bisericii-sardes\/#breadcrumb"},"inLanguage":"ro-RO","potentialAction":[{"@type":"ReadAction","target":["https:\/\/infomesaj.ro\/index.php\/william-branham\/cartea-celor-sapte-epoci-ale-bisericii-epoca-bisericii-sardes\/"]}]},{"@type":"BreadcrumbList","@id":"https:\/\/infomesaj.ro\/index.php\/william-branham\/cartea-celor-sapte-epoci-ale-bisericii-epoca-bisericii-sardes\/#breadcrumb","itemListElement":[{"@type":"ListItem","position":1,"name":"Prima pagin\u0103","item":"https:\/\/infomesaj.ro\/"},{"@type":"ListItem","position":2,"name":"CARTEA CELOR \u0218APTE EPOCI ALE BISERICII &#8211; EPOCA BISERICII SARDES"}]},{"@type":"WebSite","@id":"https:\/\/infomesaj.ro\/#website","url":"https:\/\/infomesaj.ro\/","name":"THE FIVEFOLD MINISTRY - SLUJBA INCINCITA","description":"Si El a dat pe unii Apostoli; pe altii, Proroci; pe altii, Evanghelisti; pe altii, Pastori si Invatatori, pentru Desavarsirea Sfintilor, in vederea lucrarii de Slujire, pentru zidirea Trupului Lui Hristos, pana vom ajunge toti la unirea Credintei si a Cunostintei Fiului Lui Dumnezeu; la starea de Om Mare, la inaltimea Staturii Plinatatii Lui Hristos","publisher":{"@id":"https:\/\/infomesaj.ro\/#organization"},"potentialAction":[{"@type":"SearchAction","target":{"@type":"EntryPoint","urlTemplate":"https:\/\/infomesaj.ro\/?s={search_term_string}"},"query-input":{"@type":"PropertyValueSpecification","valueRequired":true,"valueName":"search_term_string"}}],"inLanguage":"ro-RO"},{"@type":"Organization","@id":"https:\/\/infomesaj.ro\/#organization","name":"SLUJBA INCINCITA - THE FIVEFOLD MINISTRY","url":"https:\/\/infomesaj.ro\/","logo":{"@type":"ImageObject","inLanguage":"ro-RO","@id":"https:\/\/infomesaj.ro\/#\/schema\/logo\/image\/","url":"https:\/\/infomesaj.ro\/wp-content\/uploads\/2022\/11\/grau-camp.jpg","contentUrl":"https:\/\/infomesaj.ro\/wp-content\/uploads\/2022\/11\/grau-camp.jpg","width":740,"height":444,"caption":"SLUJBA INCINCITA - THE FIVEFOLD MINISTRY"},"image":{"@id":"https:\/\/infomesaj.ro\/#\/schema\/logo\/image\/"}},{"@type":"Person","@id":"https:\/\/infomesaj.ro\/#\/schema\/person\/4a134e61b265d44055919fb2761af6d4","name":"WILLIAM M BRANHAM","image":{"@type":"ImageObject","inLanguage":"ro-RO","@id":"https:\/\/infomesaj.ro\/#\/schema\/person\/image\/","url":"https:\/\/secure.gravatar.com\/avatar\/8f929077d058d4f6305748075135c148?s=96&d=mm&r=g","contentUrl":"https:\/\/secure.gravatar.com\/avatar\/8f929077d058d4f6305748075135c148?s=96&d=mm&r=g","caption":"WILLIAM M BRANHAM"},"url":"https:\/\/infomesaj.ro\/index.php\/author\/william-marrion-branham\/"}]}},"_links":{"self":[{"href":"https:\/\/infomesaj.ro\/index.php\/wp-json\/wp\/v2\/posts\/7751","targetHints":{"allow":["GET"]}}],"collection":[{"href":"https:\/\/infomesaj.ro\/index.php\/wp-json\/wp\/v2\/posts"}],"about":[{"href":"https:\/\/infomesaj.ro\/index.php\/wp-json\/wp\/v2\/types\/post"}],"author":[{"embeddable":true,"href":"https:\/\/infomesaj.ro\/index.php\/wp-json\/wp\/v2\/users\/3"}],"replies":[{"embeddable":true,"href":"https:\/\/infomesaj.ro\/index.php\/wp-json\/wp\/v2\/comments?post=7751"}],"version-history":[{"count":2,"href":"https:\/\/infomesaj.ro\/index.php\/wp-json\/wp\/v2\/posts\/7751\/revisions"}],"predecessor-version":[{"id":7753,"href":"https:\/\/infomesaj.ro\/index.php\/wp-json\/wp\/v2\/posts\/7751\/revisions\/7753"}],"wp:attachment":[{"href":"https:\/\/infomesaj.ro\/index.php\/wp-json\/wp\/v2\/media?parent=7751"}],"wp:term":[{"taxonomy":"category","embeddable":true,"href":"https:\/\/infomesaj.ro\/index.php\/wp-json\/wp\/v2\/categories?post=7751"},{"taxonomy":"post_tag","embeddable":true,"href":"https:\/\/infomesaj.ro\/index.php\/wp-json\/wp\/v2\/tags?post=7751"}],"curies":[{"name":"wp","href":"https:\/\/api.w.org\/{rel}","templated":true}]}}