{"id":7516,"date":"2021-11-27T20:35:58","date_gmt":"2021-11-27T20:35:58","guid":{"rendered":"https:\/\/infomesaj.ro\/?p=7516"},"modified":"2024-01-24T12:59:37","modified_gmt":"2024-01-24T12:59:37","slug":"samanta-fagaduintei-partea-intai","status":"publish","type":"post","link":"https:\/\/infomesaj.ro\/index.php\/william-branham\/samanta-fagaduintei-partea-intai\/","title":{"rendered":"S\u0102M\u00c2N\u021aA F\u0102G\u0102DUIN\u021aEI &#8211; Partea \u00eent\u00e2i"},"content":{"rendered":"\n<p><\/p>\n\n\n\n<p>Dumnezeu s\u0103 v\u0103 binecuv\u00e2nteze. S\u0103 ne plec\u0103m capetele \u0219i s\u0103 ne rug\u0103m \u00eempreun\u0103. Doamne Isuse, \u00ce\u021bi mul\u021bumesc Tat\u0103, pentru privilegiul de a ne aduna din nou. \u00ce\u021bi mul\u021bumesc c\u0103 e\u0219ti at\u00e2t de bun cu noi, c\u0103 veghezi asupra noastr\u0103 \u0219i ne protejezi, \u0219i ne-ai dat din nou acest timp de p\u0103rt\u0103\u0219ie ca s\u0103 ne leg\u0103m \u00eempreun\u0103, s\u0103 ne \u00eenchin\u0103m \u00een Duh \u0219i Adev\u0103r \u0219i s\u0103 auzim Cuv\u00e2ntul T\u0103u. Dumnezeule, \u00een acest moment c\u00e2nd ne afl\u0103m \u00een slujb\u0103 \u0219i deschidem Cuv\u00e2ntul T\u0103u ca s\u0103 citim din El, Te rug\u0103m s\u0103 \u00ce\u021bi faci partea supranatural\u0103 Doamne, pentru c\u0103 noi putem r\u0103sfoi paginile \u0219i putem citi, dar avem nevoie de Tine ca s\u0103 ne dai descoperirea divin\u0103 a Cuv\u00e2ntului T\u0103u. Avem nevoie s\u0103 ne dai ochi ca s\u0103 vedem, urechi s\u0103 auzim \u0219i o inim\u0103 cu care s\u0103 primim \u0219i s\u0103 percepem tot ce Tu ne dai.<\/p>\n\n\n\n<p>Doamne, fie ca acest Cuv\u00e2nt s\u0103 devin\u0103 trup \u00een vie\u021bile noastre pentru c\u0103 aceasta este manifestarea Ta \u00een acest ceas. Te rog s\u0103 vii \u0219i s\u0103 iei \u00eent\u00e2ietate printre noi pentru c\u0103 e\u0219ti binevenit \u0219i Te primim Doamne, \u00een Numele Domnului Isus Hristos. Amin. Dumnezeu s\u0103 v\u0103 binecuv\u00e2nteze.<\/p>\n\n\n\n<p>\u00cen timp ce st\u0103m \u00een picioare, s\u0103 lu\u0103m Bibliile \u0219i s\u0103 le deschidem la Galateni 4.28:<\/p>\n\n\n\n<p>\u201e<em>\u0218i voi, fra\u021bilor, ca \u0219i Isaac, voi sunte\u021bi copii ai f\u0103g\u0103duin\u021bei.\u201d<\/em><\/p>\n\n\n\n<p>Aceasta este tot ce vreau s\u0103 citesc. \u201e<em>\u0218i voi fra\u021bilor, ca \u0219i Isaac, sunte\u021bi copii ai f\u0103g\u0103duin\u021bei.<\/em>\u201d Este o Scriptur\u0103 minunat\u0103 dac\u0103 pute\u021bi \u00een\u021belege \u00eentreaga realitate.<\/p>\n\n\n\n<p>Subiectul meu din aceast\u0103 diminea\u021b\u0103 este, <strong>S\u0103m\u00e2n\u021ba f\u0103g\u0103duin\u021bei<\/strong>, \u0219i doresc s\u0103 iau ceva timp, s\u0103 merg \u00eencet \u0219i s\u0103 parcurg mai multe Scripturi pentru c\u0103 sunt o mul\u021bime de lucruri despre care vorbim \u0219i pe care profetul lui Dumnezeu ni le-a explicat ca s\u0103 le \u00een\u021belegem.<\/p>\n\n\n\n<p>Sunt mul\u021bi termeni pe care-i folosim \u00een ghilimele, astfel \u00eenc\u00e2t a devenit a doua natur\u0103. Este ceva at\u00e2t de comun pentru noi dar nu realiz\u0103m c\u00e2t este de str\u0103in pentru restul lumii \u0219i \u00een \u00een\u021belegerea denomina\u021bional\u0103, aceste concepte sunt str\u0103ine. Dar prin harul lui Dumnezeu, noi vrem s\u0103 privim \u00een Scriptur\u0103 \u0219i s\u0103 vedem ce fundament puternic are fratele Branham pentru comentariile pe care le face. Astfel, vreau s\u0103 iau ceva timp \u0219i s\u0103 trec prin acest subiect pentru c\u0103 sunt unele lucruri la care vreau s\u0103 ajung cu adev\u0103rat. Nu \u0219tiu dac\u0103 o voi face ast\u0103zi, miercuri sau duminica viitoare, dar exist\u0103 o anumit\u0103 direc\u021bie \u00een care Domnul m\u0103 c\u0103l\u0103uze\u0219te s\u0103 merg \u0219i vreau s\u0103 pun aceast\u0103 baz\u0103 solid\u0103.<\/p>\n\n\n\n<p>\u00cemi dau seama c\u0103 pentru unii, aceasta va fi o revizuire, dar \u00een aceast\u0103 revizuire, ei caut\u0103 mereu noi pepite de aur \u0219i noi avem mereu altele noi care apar. Noi avem tineri care ajung la un nivel mai mare de \u00een\u021belegere, avem \u0219i al\u021bii noi care au venit, \u0219i avem \u0219i vizitatori.<\/p>\n\n\n\n<p>\u00cen aceast\u0103 diminea\u021b\u0103 vreau s\u0103 iau timp ca s\u0103 fac un studiu biblic. Eu v-am mai spus c\u0103 vreau s\u0103 fac un studiu biblic, a\u0219a c\u0103, chiar nu pot prezice nimic, pentru c\u0103 am pe inim\u0103 c\u00e2teva lucruri pe care vreau s\u0103 vi le \u00eemp\u0103rt\u0103\u0219esc, a\u0219a c\u0103 Dumnezeu s\u0103 v\u0103 binecuv\u00e2nteze.<\/p>\n\n\n\n<p>Vreau s\u0103 m\u0103 uit la aceast\u0103 S\u0103m\u00e2n\u021b\u0103 a promisiunii pentru c\u0103 ceea ce spune Pavel aici, este remarcabil. Aceasta este o afirma\u021bie remarcabil\u0103. Dumnezeu s\u0103 ne dea descoperirea a ceea ce \u00eenseamn\u0103 acest lucru cu adev\u0103rat, \u0219i ceea ce este inclus \u00een aceasta. \u201e<em>\u0218i voi fra\u021bilor, ca \u0219i Isaac, sunte\u021bi copii ai f\u0103g\u0103duin\u021bei.\u201d<\/em><\/p>\n\n\n\n<p>Atunci c\u00e2nd Dumnezeu i-a vorbit lui Avraam, i-a promis c\u0103 va avea o S\u0103m\u00e2n\u021b\u0103. \u0218i noi \u0219tim din Scriptur\u0103 c\u0103 aceast\u0103 S\u0103m\u00e2n\u021b\u0103 este Hristos, iar Pavel spune c\u0103 binecuv\u00e2ntarea \u0219i promisiunile care i-au fost date lui Avraam, se aplic\u0103 \u0219i Semin\u021bei lui Avraam.. A\u0219adar, ceea ce i-a spus Dumnezeu lui Avraam c\u0103 \u00eei va da pe calea unei promisiuni \u0219i pe calea unei binecuv\u00e2nt\u0103ri, acea promisiune \u0219i binecuv\u00e2ntare trece direct pe \u201eS\u0103m\u00e2n\u021b\u0103,\u201d a\u0219a c\u0103, acum c\u00e2nd spune, \u201e&#8230;<em>\u0219i voi fra\u021bilor, sunte\u021bi copiii f\u0103g\u0103duin\u021bei ca \u0219i Isaac<\/em>,\u201d ceea ce face el, este c\u0103 ne leag\u0103 chiar de \u00eenceput, de Avraam. Avraam a stat \u00een prezen\u021ba lui Dumnezeu, \u0219i Dumnezeu i-a dat promisiuni \u0219i binecuv\u00e2nt\u0103ri, iar acum, aceste promisiuni \u0219i binecuv\u00e2nt\u0103ri se aplic\u0103 Semin\u021bei lui Avraam. \u00cen Noul Testament, vine Pavel \u0219i spune c\u0103 noi suntem copiii f\u0103g\u0103duin\u021bei, ca Isaac, a\u0219a c\u0103 acum pute\u021bi spune: \u201eTot ce i s-a dat lui Avraam, tot ce i s-a promis lui Avraam \u0219i toat\u0103 binecuv\u00e2ntarea care a venit peste el, acum este a mea.\u201d Vede\u021bi? Este fundamental ca noi s\u0103 putem \u00een\u021belege aceasta.<\/p>\n\n\n\n<p>Este interesant cum s-a ridicat Pavel \u0219i a scos aceasta din Vechiul Testament. Dac\u0103 a\u021bi fi tr\u0103it \u00een zilele apostolului Pavel \u0219i a\u021bi fi crescut \u00een tradi\u021bia voastr\u0103 de a \u00een\u021belege Biblia, c\u00e2nd apostolul Pavel a \u00eenceput s\u0103 predice \u00een Cartea Romanilor \u0219i a Galatenilor, nu a\u021bi fi avut nici o posibilitate ca voi, cu o \u00een\u021belegere tradi\u021bional\u0103 \u0219i f\u0103r\u0103 s\u0103m\u00e2n\u021ba lui David, s\u0103 accepta\u021bi predica lui Pavel. Eu voi intra \u00een aceasta, voi citi Scripturile \u0219i v\u0103 voi ar\u0103ta c\u0103 Pavel a fost absolut revolu\u021bionar \u00een felul \u00een care a luat Vechiul Testament \u0219i l-a adus \u00een ziua de azi. Era at\u00e2t de contrar \u00een\u021belegerii carnale, at\u00e2t de contrar cu orice g\u00e2ndire omeneasc\u0103 rezonabil\u0103! Nu exista nici o posibilitate de a atesta aceasta \u0219i s-o aplici a\u0219a cum o face el, dac\u0103 Dumnezeu \u00eensu\u0219i nu \u00ee\u021bi d\u0103 descoperirea acelui Cuv\u00e2nt.<\/p>\n\n\n\n<p>S\u0103 mergem la Romani 4. Am o lectur\u0103 lung\u0103 a Scripturilor \u0219i sper c\u0103 aceste Scripturi lungi nu v\u0103 plictisesc. Pe mine m\u0103 entuziasmeaz\u0103. Este nevoie doar de ochi pentru a vedea, este nevoie de o descoperire a Cuv\u00e2ntului pentru a vedea ce a scris Dumnezeu aici, apoi totul devine foarte interesant.<\/p>\n\n\n\n<p>Romani 4.1-3:<\/p>\n\n\n\n<p>\u201e<em>Ce vom zice dar c\u0103 a c\u0103p\u0103tat, prin puterea lui, str\u0103mo\u0219ul nostru Avraam?<\/em><\/p>\n\n\n\n<p><em>Dac\u0103 Avraam a fost socotit neprih\u0103nit prin fapte, are cu ce s\u0103 se laude, dar nu \u00eenaintea lui Dumnezeu.<\/em><\/p>\n\n\n\n<p><em>C\u0103ci ce zice Scriptura? \u201eAvraam a crezut pe Dumnezeu, \u0219i aceasta i s-a socotit ca neprih\u0103nire.\u201d<\/em><\/p>\n\n\n\n<p>Cuv\u00e2ntul \u201enum\u0103rat,\u201d este acela\u0219i cuv\u00e2nt folosit mai t\u00e2rziu ca \u201esocotit.\u201d Astfel, cuv\u00e2ntul \u201ea num\u0103ra,\u201d sau \u201ea socoti,\u201d \u00eenseamn\u0103 \u201ea considera\u201d pe cineva, \u201ea socoti\u201d, a recunoa\u0219te pe cineva, a pune \u00een contul cuiva. \u201e<em>C\u0103ci ce zice Scriptura? Avraam a crezut pe Dumnezeu \u0219i aceasta i s-a socotit ca neprih\u0103nire<\/em>.\u201d S-a socotit \u00een contul lui, a fost considerat neprih\u0103nit. Acesta a fost motivul pentru care a fost considerat neprih\u0103nit. De ce? Pentru c\u0103 L-a crezut pe Dumnezeu. Amin.<\/p>\n\n\n\n<p>\u00cemi place felul cum a fost scris: \u201e<em>C\u0103ci ce zice Scriptura? Avraam a crezut pe Dumnezeu<\/em>.\u201d Nu scrie, \u201eCredea \u00een Dumnezeu,\u201d pentru c\u0103 pe vremea lui Avraam toat\u0103 lumea credea \u00een Dumnezeu. Deci, nu era c\u0103 Avraam credea \u00een Dumnezeu, nu aceasta i s-a socotit ca neprih\u0103nire, ci Avraam a crezut pe Dumnezeu.<\/p>\n\n\n\n<p>Ast\u0103zi, a crede \u00een Dumnezeu, este considerat neprih\u0103nire pentru c\u0103 a\u0219a cum am spus, exist\u0103 milioane \u0219i miliarde de oameni care cred \u00een Dumnezeu, dar c\u00e2\u021bi \u00cel cred pe Dumnezeu? A-L crede pe Dumnezeu \u00eenseamn\u0103 s\u0103 prime\u0219ti Cuv\u00e2ntul S\u0103u, iar a primi Cuv\u00e2ntul S\u0103u, \u00eenseamn\u0103 s\u0103 prime\u0219ti Cuv\u00e2ntul care se aplic\u0103 zilei \u00een care tr\u0103ie\u0219ti. Aceasta \u00eenseamn\u0103 s\u0103-L crezi pe Dumnezeu.<\/p>\n\n\n\n<p>\u201e<em>C\u0103ci ce zice Scriptura? \u201eAvraam a crezut pe Dumnezeu, \u0219i aceasta i s-a socotit ca neprih\u0103nire.<\/em><\/p>\n\n\n\n<p><em>\u00cens\u0103, celui ce lucreaz\u0103, plata cuvenit\u0103 lui i se socote\u0219te nu ca un har, ci ca ceva datorat.\u201d<\/em><\/p>\n\n\n\n<p>Pavel se \u00eentoarce la Lege \u0219i vorbe\u0219te unui popor care se elibereaz\u0103 de Lege \u0219i intr\u0103 \u00een har. Astfel, el spune s\u0103 ne uit\u0103m la Avraam care, atunci c\u00e2nd L-a crezut pe Dumnezeu, i-a fost socotit neprih\u0103nire. El nu s-a bazat pe lucr\u0103rile lui pentru c\u0103 dac\u0103 s-ar fi&nbsp; bazat pe lucr\u0103rile lui, atunci Dumnezeu i-ar fi fost dator, dar Avraam a fost socotit neprih\u0103nit prin har, nu ca ceva care i se datora. Dumnezeu nu i-a fost dator lui Avraam cu nimic, ci El i-a dat neprih\u0103nirea prin har. De ce? Pentru c\u0103 Avraam a avut calitatea de a-L crede pe Dumnezeu, \u0219i c\u00e2nd el \u0219i-a exprimat aceast\u0103 calitate de a-L crede pe Dumnezeu, a ar\u0103tat c\u0103 el era deja \u00een har.<\/p>\n\n\n\n<p>Dac\u0103 nu ar fi fost socotit ca un har, ci ca ceva datorat; dac\u0103 ai fi putut face totul bine, \u0219i Legea a dovedit c\u0103 nici un om nu poate face totul bine, \u0219i dac\u0103 totu\u0219i ai fi putut cumva s\u0103 faci totul bine, atunci Dumnezeu \u021bi-ar fi dator. Dar Dumnezeu nu datoreaz\u0103 nim\u0103nui nimic.<\/p>\n\n\n\n<p>\u201e<em>pe c\u00e2nd, celui ce nu lucreaz\u0103, ci crede \u00een Cel ce socote\u0219te pe p\u0103c\u0103tos neprih\u0103nit, credin\u021ba pe care o are el, \u00eei este socotit\u0103 neprih\u0103nire.<\/em><\/p>\n\n\n\n<p><em>Tot astfel, \u0219i David nume\u0219te fericit pe omul acela, pe care Dumnezeu, f\u0103r\u0103 fapte, \u00eel socote\u0219te neprih\u0103nit.<\/em><\/p>\n\n\n\n<p><em>\u201eFerice,\u201d zice el, \u201ede acela ale c\u0103ror f\u0103r\u0103delegi sunt iertate, \u0219i ale c\u0103ror p\u0103cate sunt acoperite!<\/em><\/p>\n\n\n\n<p><em>Ferice de omul, c\u0103ruia nu-i \u021bine Domnul \u00een seam\u0103 p\u0103catul!\u201d&nbsp; <\/em>(vers.5-8.)<\/p>\n\n\n\n<p>Asculta\u021bi! Este interesant ceea ce spune. Dac\u0103 te \u00eentorci la versetul 6, El spune: \u201eTot astfel, \u0219i David&#8230;\u201d C\u00e2nd te \u00eentorci \u0219i cite\u0219ti c\u0103 David spune c\u0103 Domnul l-a socotit neprih\u0103nit f\u0103r\u0103 fapte, ce \u00een\u021belegem? C\u0103 este ferice de omul pe care Dumnezeu \u00eel socote\u0219te neprih\u0103nit, pentru c\u0103 to\u021bi ne-am n\u0103scut p\u0103c\u0103to\u0219i; to\u021bi ne-am n\u0103scut gre\u0219it; to\u021bi ne-am n\u0103scut \u00een aceast\u0103 lume hibrid\u0103 cu o g\u00e2ndire gre\u0219it\u0103 \u0219i crez\u00e2nd gre\u0219it. Dar exist\u0103 unii oameni c\u0103rora Dumnezeu nu le socote\u0219te p\u0103catul. Amin. Dac\u0103 El nu v\u0103 socote\u0219te p\u0103catul, este la fel cu a v\u0103 socoti neprih\u0103ni\u021bi.<\/p>\n\n\n\n<p>\u201e<em>Ferice de omul, c\u0103ruia nu-i \u021bine Domnul \u00een seam\u0103 p\u0103catul!<\/em><\/p>\n\n\n\n<p><a><em>Fericirea aceasta este numai pentru cei t\u0103ia\u021bi \u00eemprejur sau \u0219i pentru cei net\u0103ia\u021bi \u00eemprejur&#8230;?\u201d<\/em><\/a><\/p>\n\n\n\n<p>Acum, c\u00e2nd spune \u201et\u0103ia\u021bi \u00eemprejur,\u201d sau \u201enet\u0103ia\u021bi \u00eemprejur,\u201d el vorbe\u0219te despre iudei \u0219i neamuri. Ace\u0219tia sunt termeni&nbsp; generici cu referire la evrei \u0219i neamuri. Deci:<\/p>\n\n\n\n<p>\u201e<em>Fericirea aceasta este numai pentru cei t\u0103ia\u021bi \u00eemprejur sau \u0219i pentru cei net\u0103ia\u021bi \u00eemprejur? C\u0103ci zicem c\u0103 lui Avraam, \u201ecredin\u021ba i-a fost socotit\u0103 ca neprih\u0103nire.\u201d<\/em><\/p>\n\n\n\n<p><a><em>Dar cum i-a fost socotit\u0103? Dup\u0103, sau \u00eenainte de t\u0103ierea lui \u00eemprejur? Nu c\u00e2nd era t\u0103iat \u00eemprejur, ci c\u00e2nd era net\u0103iat \u00eemprejur.<\/em><\/a><em>\u201d<\/em><\/p>\n\n\n\n<p>A\u0219adar, Avraam L-a crezut pe Dumnezeu \u00eenainte de a primi porunca t\u0103ierii \u00eemprejur, deci, c\u00e2nd era \u00eenc\u0103 net\u0103iat \u00eemprejur. Aminti\u021bi-v\u0103 c\u0103 Avraam a fost ales de Dumnezeu \u00eenainte de a exista numele de \u201eEvreu.\u201d Numele de Evreu a fost dat familiei lui Avraam mai t\u00e2rziu. Astfel, Avraam era la fel ca to\u021bi ceilal\u021bi, era la fel de uman ca orice alt om. \u00cen vremea aceea oamenii nu erau \u00eenc\u0103 separa\u021bi \u00een evrei \u0219i neamuri, ci to\u021bi erau omenirea. Apoi Dumnezeu a cobor\u00e2t \u00een omenire, \u0219i prin propria Sa suveranitate, a ales un om.<\/p>\n\n\n\n<p>Aminti\u021bi-v\u0103 c\u0103 noi suntem S\u0103m\u00e2n\u021ba lui Avraam prin credin\u021b\u0103, ceea ce \u00eenseamn\u0103 c\u0103 Dumnezeu face cu S\u0103m\u00e2n\u021ba lui Avraam, ce a f\u0103cut cu Avraam. \u0218i ceea ce i-a promis lui Avraam, promite \u0219i Semin\u021bei lui Avraam.<\/p>\n\n\n\n<p>C\u00e2nd Dumnezeu a cobor\u00e2t \u0219i l-a chemat pe Avraam din omenire, El l-a ales nu pentru c\u0103 era mai bun, nici pentru faptele lui, nu a f\u0103cut-o pentru nimic din ce avea Avraam.<\/p>\n\n\n\n<p>Fratele Branham a spus c\u0103 tat\u0103l lui Avraam era un f\u0103c\u0103tor de idoli \u0219i el a cobor\u00e2t din Babilon c\u00e2nd Dumnezeu a distrus turnul Babel. Astfel, tat\u0103l lui a cobor\u00e2t de acolo \u0219i l-a luat \u0219i pe Avraam cu el; a\u0219a c\u0103 Avraam era blocat \u00een acea idolatrie, \u00een religia fals\u0103 a&nbsp; zilei \u00een care tr\u0103ia, lucru pe care Dumnezeu a trebuit s\u0103-l distrug\u0103. Astfel, Avraam \u0219i familia lui au fost prin\u0219i \u00een aceasta, ceea ce \u00eenseamn\u0103 c\u0103 Dumnezeu nu l-a ales pe Avraam dup\u0103 meritele lui, ci l-a ales dup\u0103 hot\u0103r\u00e2rea Sa mai dinainte.<\/p>\n\n\n\n<p>Dumnezeu a ales un singur om. Vom petrece mult timp vorbind despre Avraam pentru c\u0103 Pavel ne spune c\u0103 noi suntem copiii f\u0103g\u0103duin\u021bei, copiii lui Avraam. Acesta este \u00eenceputul Familiei lui Avraam, dar nu a liniei fire\u0219ti, ci a liniei spirituale.<\/p>\n\n\n\n<p>Dar exist\u0103 \u0219i o linie carnal\u0103, fireasc\u0103 a lui Avraam. Aminti\u021bi-v\u0103 c\u0103 nu po\u021bi privi la familia lui Avraam \u0219i s\u0103 spui, \u201es\u0103m\u00e2n\u021ba lui Avraam, copiii lui Avraam,\u201d pentru c\u0103 s\u0103m\u00e2n\u021ba fireasc\u0103 a lui Avraam \u00eel are \u00een descenden\u021b\u0103 pe Isaac, dar \u00eel are \u0219i pe Ismael \u0219i to\u021bi ai lui; \u0219i are \u0219i al\u021bi fii care i s-au n\u0103scut din a doua so\u021bie. To\u021bi ace\u0219tia sunt s\u0103m\u00e2n\u021ba natural\u0103 a lui Avraam, de aceea descenden\u021ba natural\u0103 nu va func\u021biona, ci trebuie s\u0103 existe o descenden\u021b\u0103 spiritual\u0103 care s\u0103 coboare pe linia credin\u021bei; o linie spiritual\u0103 care vine de la Avraam \u0219i c\u0103reia i se aplic\u0103 toate aceste f\u0103g\u0103duin\u021be.<\/p>\n\n\n\n<p>Aceasta nu \u00eenseamn\u0103 c\u0103 nu exist\u0103 nici o f\u0103g\u0103duin\u021b\u0103 pentru s\u0103m\u00e2n\u021ba prin Isaac, descendentul prin care au venit evreii, poporul ales ca fiind poporul lui Dumnezeu. Acolo exist\u0103 \u00eenc\u0103 binecuv\u00e2ntare, exist\u0103 o lucrare de f\u0103cut, exist\u0103 promisiuni pe care Dumnezeu le \u00eempline\u0219te acolo, dar eu vreau s\u0103 iau ceea ce a f\u0103cut Pavel care s-a ocupat de partea spiritual\u0103, descenden\u021ba spiritual\u0103..<\/p>\n\n\n\n<p>S\u0103 citim mai departe versetul 10 din Romani 4:<\/p>\n\n\n\n<p>\u201e<em>Dar cum i-a fost socotit\u0103? Dup\u0103, sau \u00eenainte de t\u0103ierea lui \u00eemprejur? Nu c\u00e2nd era t\u0103iat \u00eemprejur, ci c\u00e2nd era net\u0103iat \u00eemprejur.\u201d<\/em><\/p>\n\n\n\n<p>A\u0219adar, Dumnezeu a chemat un om obi\u0219nuit prin propria Sa cuno\u0219tin\u021b\u0103 dinainte; El l-a chemat prin alegerea Sa \u0219i acest om avea calitatea de a-L&nbsp; crede pe Dumnezeu, dar \u00eenc\u0103 nu avea calitatea de a-L asculta pe deplin pe Dumnezeu, pentru c\u0103 s-a supus, dar numai par\u021bial.<\/p>\n\n\n\n<p>Astfel, i s-a spus s\u0103-\u0219i p\u0103r\u0103seasc\u0103 familia, s\u0103-\u0219i p\u0103r\u0103seasc\u0103 \u021bara \u0219i s\u0103 mearg\u0103 \u00eentr-o \u021bar\u0103 pe care i-o va ar\u0103ta, dar a f\u0103cut-o? Voi \u0219ti\u021bi c\u0103 l-a luat pe tat\u0103l s\u0103u \u0219i pe Lot \u0219i a plecat \u00een Haran unde tat\u0103l s\u0103u a murit, apoi a plecat mai departe \u00eempreun\u0103 cu Lot. Dar el trebuia s\u0103 se despart\u0103 de familia lui, a\u0219a c\u0103 Avraam a avut calitatea de a-L crede pe Dumnezeu, dar nu a fost ascult\u0103tor pe deplin. Totu\u0219i, nu faptele lui, ci credin\u021ba lui i-a fost socotit\u0103 ca neprih\u0103nire. Laud\u0103 lui Dumnezeu!<\/p>\n\n\n\n<p>Noi \u0219tim c\u0103 Avraam a crescut spre o ascultare des\u0103v\u00e2r\u0219it\u0103, dar Dumnezeu i-a atribuit neprih\u0103nirea \u00eenainte de a ajunge la acea ascultare des\u0103v\u00e2r\u0219it\u0103. Pe m\u0103sur\u0103 ce Avraam s-a maturizat \u00een umblarea lui cu Dumnezeu, el a crescut spre o ascultare deplin\u0103 d\u00e2ndu-I lui Dumnezeu \u00eent\u00e2ietate deplin\u0103. Dar Dumnezeu i-a atribuit neprih\u0103nirea \u0219i a pecetluit-o cu semnul t\u0103ierii \u00eemprejur, \u00eenainte ca Avraam s\u0103 ajung\u0103 la o ascultare des\u0103v\u00e2r\u0219it\u0103. O, v\u0103 spun c\u0103&nbsp; este bine s\u0103 fii \u00een aceast\u0103 descenden\u021b\u0103. Acesta este Arborele genealogic corect. Amin.<\/p>\n\n\n\n<p>\u201e..<em>Nu c\u00e2nd era t\u0103iat \u00eemprejur, ci c\u00e2nd era net\u0103iat \u00eemprejur.<\/em><\/p>\n\n\n\n<p><em>Apoi a primit ca semn t\u0103ierea \u00eemprejur, ca o pecete a acelei neprih\u0103niri, pe care o c\u0103p\u0103tase prin credin\u021b\u0103, c\u00e2nd era net\u0103iat \u00eemprejur. \u0218i aceasta, pentru ca s\u0103 fie tat\u0103l tuturor celor care cred, m\u0103car c\u0103 nu sunt t\u0103ia\u021bi \u00eemprejur; ca, adic\u0103, s\u0103 li se socoteasc\u0103 \u0219i lor neprih\u0103nirea aceasta.\u201d<\/em><\/p>\n\n\n\n<p>A\u0219adar, Avraam a primit Adev\u0103rul iar neprih\u0103nirea i-a fost atribuit\u0103 \u00eenainte de a primi pecetea t\u0103ierii \u00eemprejur, astfel \u00eenc\u00e2t s\u0103 poat\u0103 fi tat\u0103l tuturor celor care cred; dac\u0103 po\u021bi s\u0103 crezi c\u0103 Avraam este tat\u0103l t\u0103u.<\/p>\n\n\n\n<p>Dac\u0103 doar crezi \u00een Dumnezeu, \u0219i demonii cred aceasta.<\/p>\n\n\n\n<p>Bine, haide\u021bi s\u0103 continu\u0103m cu versetul 12:<\/p>\n\n\n\n<p>\u201e<em>\u0219i pentru ca s\u0103 fie \u0219i tat\u0103l celor t\u0103ia\u021bi \u00eemprejur (<\/em>tat\u0103l evreilor<em>,) adic\u0103 al acelora care, nu numai c\u0103 sunt t\u0103ia\u021bi \u00eemprejur, dar \u0219i calc\u0103 pe urmele credin\u021bei aceleia, pe care o avea tat\u0103l nostru Avraam, c\u00e2nd nu era t\u0103iat \u00eemprejur.\u201d<\/em><\/p>\n\n\n\n<p>Ceea ce spune el aici, este c\u0103 Avraam este \u0219i tat\u0103l celor net\u0103ia\u021bi \u00eemprejur care pot crede c\u0103 Avraam este tat\u0103l \u0219i a celor t\u0103ia\u021bi \u00eemprejur, care pot continua \u00een credin\u021b\u0103 \u0219i pot crede; cei care nu sunt bloca\u021bi \u00een t\u0103ierea \u00eemprejur, ci pot merge mai departe \u00een credin\u021b\u0103. Deci, Avraam este tat\u0103l credin\u021bei indiferent dac\u0103 este t\u0103iat \u00eemprejur sau net\u0103iat \u00eemprejur; indiferent dac\u0103 este evreu sau dintre neamuri. El este tat\u0103l credin\u021bei.<\/p>\n\n\n\n<p>\u201e<em>\u00cen adev\u0103r, f\u0103g\u0103duin\u021ba f\u0103cut\u0103 lui Avraam, sau semin\u021bei lui, c\u0103 va mo\u0219teni lumea, nu a fost f\u0103cut\u0103 pe temeiul Legii, ci pe temeiul acelei neprih\u0103niri, care se cap\u0103t\u0103 prin credin\u021b\u0103.\u201d<\/em><\/p>\n\n\n\n<p>Eu sunt inclus \u00een versetul 13. F\u0103g\u0103duin\u021ba c\u0103 Avraam va fi mo\u0219tenitorul lumii, f\u0103g\u0103duin\u021ba c\u0103 el sau s\u0103m\u00e2n\u021ba lui, va mo\u0219teni lumea, nu a fost f\u0103cut\u0103 prin Lege, ci prin neprih\u0103nirea care se prime\u0219te prin credin\u021b\u0103. Aceasta \u00eenseamn\u0103 c\u0103 eu sunt parte din s\u0103m\u00e2n\u021ba lui Avraam prin credin\u021b\u0103, nu prin Lege, nici prin fapte bune. Eu fac parte din aceast\u0103 s\u0103m\u00e2n\u021b\u0103 prin credin\u021b\u0103, \u0219i dac\u0103 fac parte din s\u0103m\u00e2n\u021b\u0103, atunci sunt mo\u0219tenitorul lumii. Amin. De aceea am dreptul s\u0103 stau pe tron cu Hristos \u0219i s\u0103 am st\u0103p\u00e2nirea \u00eempreun\u0103 cu El de-a lungul Mileniului. S\u0103 fiu mo\u0219tenitor \u00eempreun\u0103 cu Hristos! De ce? Pentru c\u0103 sunt din s\u0103m\u00e2n\u021ba lui Avraam prin credin\u021b\u0103. Sunt considerat neprih\u0103nit prin credin\u021b\u0103. Laud\u0103 lui Dumnezeu! Aceast\u0103 promisiune este pentru mine.<\/p>\n\n\n\n<p>\u201e<em>\u00cen adev\u0103r, f\u0103g\u0103duin\u021ba f\u0103cut\u0103 lui Avraam, sau semin\u021bei lui, c\u0103 va mo\u0219teni lumea, nu a fost f\u0103cut\u0103 pe temeiul Legii, ci pe temeiul acelei neprih\u0103niri, care se cap\u0103t\u0103 prin credin\u021b\u0103<\/em><\/p>\n\n\n\n<p><em>C\u0103ci dac\u0103 mo\u0219tenitori sunt cei ce se \u021bin de Lege, credin\u021ba este zadarnic\u0103, \u0219i f\u0103g\u0103duin\u021ba este nimicit\u0103;<\/em><\/p>\n\n\n\n<p><em>Pentru c\u0103 Legea aduce m\u00e2nie, \u0219i unde nu este o lege, acolo nu este nici c\u0103lcare de lege.<\/em><\/p>\n\n\n\n<p><em>De aceea, mo\u0219tenitori sunt cei ce se fac prin credin\u021b\u0103, pentru ca s\u0103 fie prin har, \u0219i pentru ca f\u0103g\u0103duin\u021ba s\u0103 fie chez\u0103\u0219uit\u0103 pentru toat\u0103 s\u0103m\u00e2n\u021ba lui Avraam; nu numai pentru s\u0103m\u00e2n\u021ba aceea care este sub Lege, ci \u0219i pentru s\u0103m\u00e2n\u021ba acea care are credin\u021ba lui Avraam, tat\u0103l nostru al tuturor,<\/em><\/p>\n\n\n\n<p><em>Dup\u0103 cum este scris: \u201eTe-am r\u00e2nduit s\u0103 fii tat\u0103l multor neamuri.\u201d El adic\u0103, este tat\u0103l nostru \u00eenaintea lui Dumnezeu, \u00een care a crezut, care \u00eenviaz\u0103 mor\u021bii, \u0219i care cheam\u0103 lucrurile care nu sunt, ca \u0219i cum ar fi.<\/em><\/p>\n\n\n\n<p><em>N\u0103d\u0103jduind \u00eempotriva oric\u0103rei n\u0103dejdi, el a crezut, \u0219i astfel, a ajuns tat\u0103l multor neamuri, dup\u0103 cum i se spusese: \u201eA\u0219a va fi s\u0103m\u00e2n\u021ba ta.\u201d <\/em>(vers.13-18.)<\/p>\n\n\n\n<p>A\u0219a va fi s\u0103m\u00e2n\u021ba ta, din mai multe na\u021biuni, dar nu o descenden\u021b\u0103 natural\u0103, ci o descenden\u021b\u0103 spiritual\u0103, o descenden\u021b\u0103 a credin\u021bei.<\/p>\n\n\n\n<p><em>\u201e\u015ei, fiindc\u0103 n-a fost slab \u00een credin\u0163\u0103, el nu s-a uitat la trupul s\u0103u, care era \u00eemb\u0103tr\u00e2nit \u2013 avea aproape o sut\u0103 de ani \u2013 nici la faptul c\u0103 Sara nu mai putea s\u0103 aib\u0103 copii.<\/em><\/p>\n\n\n\n<p><em>El nu s-a \u00eendoit de f\u0103g\u0103duin\u0163a lui Dumnezeu, prin necredin\u0163\u0103, ci, \u00eent\u0103rit prin credin\u0163a lui, a dat slav\u0103 lui Dumnezeu,<\/em><\/p>\n\n\n\n<p><em>deplin \u00eencredin\u0163at c\u0103 El ce f\u0103g\u0103duie\u015fte poate s\u0103 \u015fi \u00eemplineasc\u0103.<\/em><\/p>\n\n\n\n<p><em>De aceea, credin\u0163a aceasta \u201ei-a fost socotit\u0103 ca neprih\u0103nire\u201d.<\/em><\/p>\n\n\n\n<p><em>Dar nu numai pentru el este scris c\u0103 \u201ei-a fost socotit\u0103 ca neprih\u0103nire\u201d,<\/em><\/p>\n\n\n\n<p><em>&nbsp;ci este scris \u015fi pentru noi, c\u0103rora, de asemenea, ne va fi socotit\u0103, nou\u0103, celor ce credem \u00een Cel ce a \u00eenviat din mor\u0163i pe Isus Hristos, Domnul nostru,<\/em><\/p>\n\n\n\n<p><em>&nbsp;care a fost dat din pricina f\u0103r\u0103delegilor noastre \u015fi a \u00eenviat din pricin\u0103 c\u0103 am fost socoti\u0163i neprih\u0103ni\u0163i.\u201d <\/em>(vers.19-25.)<\/p>\n\n\n\n<p>A\u0219a c\u0103 l\u0103uda\u021bi-L pe Dumnezeu. Romani 4 ne spune c\u0103 dac\u0103 putem crede a\u0219a cum a crezut Avraam, putem avea promisiunea pe care a avut-o Avraam, putem fi socoti\u021bi neprih\u0103ni\u021bi \u0219i putem deveni mo\u0219tenitorii lumii, posesorii binecuv\u00e2nt\u0103rilor \u0219i a promisiunilor. Dac\u0103 avem credin\u021ba pe care a avut-o Avraam, atunci Avraam este tat\u0103l nostru iar noi suntem copiii lui prin credin\u021b\u0103 \u0219i facem parte din descenden\u021ba lui Avraam.<\/p>\n\n\n\n<p>F\u0103g\u0103duin\u021ba a fost dat\u0103 Semin\u021bei lui Avraam iar tu e\u0219ti parte din acea S\u0103m\u00e2n\u021b\u0103 \u0219i parte din fiecare f\u0103g\u0103duin\u021b\u0103 dat\u0103 lui Avraam, dac\u0103 po\u021bi crede a\u0219a cum a crezut el.<\/p>\n\n\n\n<p>S\u0103 mergem la Ioan 8. 31-39:<\/p>\n\n\n\n<p>\u201e<em>\u0218i a zis iudeilor care crezuser\u0103 \u00een El: \u201eDac\u0103 r\u0103m\u00e2ne\u021bi \u00een Cuv\u00e2ntul Meu, sunte\u021bi \u00een adev\u0103r ucenici Mei;<\/em><\/p>\n\n\n\n<p><em>Ve\u021bi cunoa\u0219te Adev\u0103rul \u0219i Adev\u0103rul v\u0103 va face slobozi.\u201d<\/em><\/p>\n\n\n\n<p>&nbsp;\u201e<em>Ei I-au r\u0103spuns: \u201eNoi suntem s\u0103m\u00e2n\u0163a lui Avraam \u015fi n-am fost niciodat\u0103 robii nim\u0103nui. Cum zici Tu: \u201eVe\u0163i fi slobozi\u201d?\u201d<\/em><\/p>\n\n\n\n<p><em>\u201eAdev\u0103rat, adev\u0103rat v\u0103 spun\u201d, le-a r\u0103spuns Isus, \u201ec\u0103 oricine tr\u0103ie\u015fte \u00een p\u0103cat este rob al p\u0103catului.<\/em><\/p>\n\n\n\n<p><em>\u015ei robul nu r\u0103m\u00e2ne pururea \u00een cas\u0103; fiul \u00eens\u0103 r\u0103m\u00e2ne pururea.<\/em><\/p>\n\n\n\n<p><em>Deci, dac\u0103 Fiul v\u0103 face slobozi, ve\u0163i fi cu adev\u0103rat slobozi.<\/em><\/p>\n\n\n\n<p><em>\u015etiu c\u0103 sunte\u0163i s\u0103m\u00e2n\u0163a lui Avraam, dar c\u0103uta\u0163i s\u0103 M\u0103 omor\u00e2\u0163i pentru c\u0103 nu p\u0103trunde \u00een voi Cuv\u00e2ntul Meu.<\/em><\/p>\n\n\n\n<p><em>Eu spun ce am v\u0103zut la Tat\u0103l Meu \u015fi voi face\u0163i ce a\u0163i auzit de la tat\u0103l vostru.\u201d<\/em><\/p>\n\n\n\n<p><em>\u201eTat\u0103l nostru\u201d, I-au r\u0103spuns ei, \u201eeste Avraam.\u201d Isus le-a zis: \u201eDac\u0103 a\u0163i fi copii ai lui Avraam, a\u0163i face faptele lui Avraam<\/em>.\u201d<\/p>\n\n\n\n<p>Aici, Isus a avut o conversa\u021bie cu evreii care pretind c\u0103&nbsp; Avraam este tat\u0103l lor, dar Isus le-a spus: \u201e<em>\u0218tiu c\u0103 sunte\u021bi s\u0103m\u00e2n\u021ba lui Avraam<\/em>&#8230;\u201d Isus vorbea fire\u0219te, \u201e&#8230;<em>dar dac\u0103 Avraam ar fi tat\u0103l vostru<\/em>&#8230;\u201d Ce conversa\u021bie confuz\u0103. \u201e<em>\u0218tiu c\u0103 sunte\u021bi s\u0103m\u00e2n\u021ba lui Avraam, dar dac\u0103 ar fi Avraam tat\u0103l vostru<\/em>&#8230;\u201d Laud\u0103 lui Dumnezeu! \u201e\u0218tiu c\u0103 fire\u0219te, \u00cemi pute\u021bi ar\u0103ta descenden\u021ba voastr\u0103 din Avraam. \u00cen\u021beleg c\u0103 sunte\u021bi s\u0103m\u00e2n\u021ba natural\u0103 a lui Avraam, \u201ed<em>ar c\u0103uta\u021bi s\u0103 M\u0103 omor\u00e2\u021bi pentru c\u0103 Cuv\u00e2ntul Meu nu are loc \u00een voi. Avraam nu a f\u0103cut a\u0219a ceva.<\/em>\u201d A\u0219a c\u0103 Avraam nu este tat\u0103l vostru.\u201d Amin. Vede\u021bi?<\/p>\n\n\n\n<p>Atunci c\u00e2nd nu mai pot continua \u00een credin\u021b\u0103, ei r\u0103m\u00e2n doar s\u0103m\u00e2n\u021ba natural\u0103 a lui Avraam.<\/p>\n\n\n\n<p>A\u0219a cum am spus, au existat \u0219i alte semin\u021be naturale ale lui Avraam, dar ce este important de re\u021binut, este c\u0103 f\u0103g\u0103duin\u021ba a fost dat\u0103 numai pentru S\u0103m\u00e2n\u021ba spiritual\u0103 a lui Avraam.<\/p>\n\n\n\n<p>\u201e<em>Eu spun ce am v\u0103zut la Tat\u0103l Meu; \u0219i voi face\u021bi ce a\u021bi auzit de la tat\u0103l vostru.\u201d<\/em><\/p>\n\n\n\n<p><em>\u201e<a>Tat\u0103l nostru,\u201d I-au r\u0103spuns ei, \u201eeste Avraam.\u201d Isus le-a zis: \u201eDac\u0103 a\u021bi fi copii ai lui Avraam, a\u021bi face faptele lui Avraam.\u201d<\/a><\/em><\/p>\n\n\n\n<p><em>Dar acum c\u0103uta\u021bi s\u0103 M\u0103 omor\u00e2\u021bi, pe Mine, un om, care v-am spus Adev\u0103rul pe care L-am auzit de la Dumnezeu. A\u0219a ceva Avraam nu a f\u0103cut.\u201d <\/em>(vers.38-40.)<\/p>\n\n\n\n<p>De ce nu a f\u0103cut Avraam aceasta? Trebuie s\u0103 v\u0103 g\u00e2ndi\u021bi. El nu spune: \u201eC\u0103uta\u021bi s\u0103 M\u0103 omor\u00e2\u021bi, \u0219i Avraam nu a ucis oameni,\u201d pentru c\u0103 Avraam a ucis oameni atunci c\u00e2nd a mers ca s\u0103-l elibereze pe Lot. El nu a spus: \u201eNu sunte\u021bi s\u0103m\u00e2n\u021ba lui Avraam pentru c\u0103 lupta\u021bi cu Mine \u0219i vre\u021bi s\u0103 m\u0103 omor\u00e2\u021bi,\u201d ci le-a spus: \u201e<em>V-am spus Adev\u0103rul \u0219i nu vre\u021bi s\u0103-l primi\u021bi. Aceasta nu a f\u0103cut Avraam pentru c\u0103 el L-a crezut pe Dumnezeu<\/em>.\u201d Astfel, El spune: \u201e<em>Dar acum c\u0103uta\u021bi s\u0103 m\u0103 omor\u00e2\u021bi pe Mine, un om, care v-am spus Adev\u0103rul pe care l-am auzit de la Dumnezeu. Avraam nu a f\u0103cut a\u0219a ceva<\/em>.\u201d Vede\u021bi?<\/p>\n\n\n\n<p>Isus le spunea: \u201eEu v-am spus Adev\u0103rul pe care l-am auzit de la Dumnezeu, Avraam nu ar fi respins niciodat\u0103 acest Adev\u0103r pentru c\u0103 el L-a crezut pe Dumnezeu \u0219i aceasta i s-a socotit neprih\u0103nire. Deci, dac\u0103 Avraam ar fi fost tat\u0103l vostru, M-a\u021bi fi primit pentru c\u0103 Eu vin cu Cuv\u00e2ntul lui Dumnezeu la voi. Eu sunt Cuv\u00e2ntul lui Dumnezeu \u0219i Avraam nu ar fi respins niciodat\u0103 Cuv\u00e2ntul lui Dumnezeu pentru ziua lui.\u201d<\/p>\n\n\n\n<p>Astfel, ei nu aveau cum s\u0103 fie socoti\u021bi neprih\u0103ni\u021bi pentru c\u0103 s-au scos singuri de sub aceast\u0103 binecuv\u00e2ntare c\u00e2nd au respins Cuv\u00e2ntul lui Dumnezeu.<\/p>\n\n\n\n<p>Isus a putut identifica foarte clar c\u0103 Avraam nu era tat\u0103l lor. El a putut identifica descenden\u021ba lor nu dup\u0103 caracteristicile naturale, ci dup\u0103 r\u0103spunsul pe care l-au dat, dup\u0103 felul cum au r\u0103spuns la Cuv\u00e2nt.<\/p>\n\n\n\n<p>Asculta\u021bi! Acolo erau b\u0103rba\u021bi \u0219i femei care au r\u0103spuns Cuv\u00e2ntului \u00een fiecare zi a vie\u021bii lor pentru c\u0103 aveau poruncile lui Moise, aveau Legea cu r\u00e2nduielile care le-au fost date, citeau Cartea legii \u00een fiecare zi a vie\u021bii lor \u0219i p\u0103strau toate r\u00e2nduielile Legii; toat\u0103 via\u021ba lor a fost structurat\u0103 \u00een jurul Cuv\u00e2ntului lui Dumnezeu. Ei au primit acel Cuv\u00e2nt, umblau \u00een acel Cuv\u00e2nt \u0219i ascultau de Cuv\u00e2nt, \u0219i pentru aceasta, ei se g\u00e2ndeau c\u0103 coboar\u0103 din descenden\u021ba potrivit\u0103: \u201eMoise ne-a dat Cuv\u00e2ntul, venim din Avraam, totul este stabilit.\u201d Dar c\u00e2nd au respins Cuv\u00e2ntul pentru ziua lor, pe Isus, nu a mai contat c\u00e2te r\u00e2nduieli \u021bineau din dispensa\u021bia anterioar\u0103. Ei puteau p\u0103stra toate r\u00e2nduielile, dar c\u00e2nd au respins Cuv\u00e2ntul lui Dumnezeu pentru timpul prezent, El le-a spus c\u0103 Avraam nu era tat\u0103l lor. Amin. Laud\u0103 lui Dumnezeu!<\/p>\n\n\n\n<p>Acesta este motivul pentru care Isus a avut acea disput\u0103 cu evreii. Ei \u0219i-au r\u00e2nduit via\u021ba \u00een jurul a ceea ce au crezut ei c\u0103 este Cuv\u00e2ntul; \u00een jurul a ceea ce \u00eenseamn\u0103 s\u0103 fii un copil al lui Avraam \u0219i \u00een jurul a ceea ce au crezut c\u0103 \u00eenseamn\u0103 s\u0103 fii o na\u021biune aleas\u0103. Ei au primit detaliile \u00een ordinea r\u00e2nduielilor \u0219i \u0219i-au r\u00e2nduit via\u021ba dup\u0103 ele ca s\u0103 se potriveasc\u0103 cu fiecare r\u00e2nduial\u0103, dar c\u00e2nd i-au v\u0103zut pe ucenicii lui Isus merg\u00e2nd pe un c\u00e2mp, culeg\u00e2nd spice \u0219i m\u00e2nc\u00e2ndu-le \u00eentr-o zi de Sabat, ei nu \u0219i-au putut imagina c\u0103 ar fi posibil ca acest lucru s\u0103 aib\u0103 ceva de-a face cu Dumnezeu. Apoi i-au v\u0103zut m\u00e2nc\u00e2nd cu m\u00e2inile nesp\u0103late, ceea ce f\u0103cea parte din Lege dar nu era Cuv\u00e2ntul lui Dumnezeu, ci era ad\u0103ugat de rabini, \u00eenv\u0103\u021b\u0103tori \u0219i preo\u021bi.<\/p>\n\n\n\n<p>Ei erau at\u00e2t de bloca\u021bi \u00een ordinele biserice\u0219ti, \u00eenc\u00e2t pentru ei, totul echivala cu m\u00e2ntuirea pentru c\u0103 ei spuneau c\u0103 to\u021bi sunt s\u0103m\u00e2n\u021ba lui Avraam \u0219i to\u021bi au f\u0103g\u0103duin\u021ba. Astfel, c\u00e2nd au v\u0103zut c\u0103 ucenicii lui Isus nu se conformeaz\u0103 cu ordinea pus\u0103 de ei, ceva a fost \u00een neregul\u0103 \u0219i nu a func\u021bionat. \u201eCum de ei m\u00e2ncau a\u0219a \u00een Sabat \u0219i Isus nu i-a mustrat niciodat\u0103?\u201d<\/p>\n\n\n\n<p>Dar Isus le-a r\u0103spuns: \u201eNu a\u021bi citit \u00een Biblie c\u0103 David a intrat \u0219i a luat p\u00e2inile pentru punerea \u00eenaintea Domnului, care erau numai pentru preo\u021bi, \u0219i le-a dat solda\u021bilor s\u0103i&nbsp; care erau cu el?\u201d Apoi le-a spus c\u0103 Sabatul a fost f\u0103cut pentru om \u0219i nu omul pentru Sabat. El i-a dus \u00eenapoi p\u00e2n\u0103 la principiul din mintea lui Dumnezeu care a stabilit Cuv\u00e2ntul la \u00eenceput. Dar ei au vrut s\u0103 se \u021bin\u0103 de Cuv\u00e2ntul trecut \u0219i au ratat Cuv\u00e2ntul prezent care era realitatea.<\/p>\n\n\n\n<p>Isus putea s\u0103-l identifice at\u00e2t de clar pe tat\u0103l lor \u0219i descenden\u021ba lor pe partea spiritual\u0103 prin felul \u00een care au r\u0103spuns la Cuv\u00e2ntul din ziua lor.<\/p>\n\n\n\n<p>Haide\u021bi s\u0103 citim din nou versetul 39:<\/p>\n\n\n\n<p>\u201e<em>Tat\u0103l nostru,\u201d I-au r\u0103spuns ei, \u201eeste Avraam.\u201d Isus le-a zis: \u201eDac\u0103 a\u021bi fi copii ai lui Avraam, a\u021bi face faptele lui Avraam.\u201d<\/em><\/p>\n\n\n\n<p><em>\u201eDar acum c\u0103uta\u021bi s\u0103 M\u0103 omor\u00e2\u021bi pe Mine, un om, care v-am spus Adev\u0103rul, pe care L-am auzit de la Dumnezeu. A\u0219a ceva Avraam nu a f\u0103cut.<\/em><\/p>\n\n\n\n<p><em>Voi face\u021bi faptele tat\u0103lui vostru.\u201d&nbsp; <\/em>(vers. 40-41.)<\/p>\n\n\n\n<p>Isus a mers un pas mai departe \u0219i a vorbit chiar despre Cartea Vie\u021bii. Aici, Isus le spune: \u201e<em>Voi sunte\u021bi de la tat\u0103l vostru<\/em>.\u201d De ce a spus \u201e<em>Voi sunte\u021bi de la tat\u0103l vostru<\/em>?\u201d Pentru c\u0103 se luptau cu Cuv\u00e2ntul pentru ziua lor; \u00eencercau s\u0103 distrug\u0103 Vasul care purta Cuv\u00e2ntul; \u00eencercau s\u0103 distrug\u0103 Cuv\u00e2ntul f\u0103cut trup \u00een ziua lor; \u00eencercau s\u0103-L \u00eenchid\u0103, s\u0103-L opreasc\u0103 s\u0103 vorbeasc\u0103. Oamenii aceia se luptau direct \u00eempotriva Cuv\u00e2ntului pentru ziua lor. De aceea Isus a spus: \u201eVoi nu sunte\u021bi din Avraam. Nu Avraam este tat\u0103l vostru, voi sunte\u021bi de la tat\u0103l vostru.\u201d Iar ei au \u0219tiut imediat ce \u00eensemna acele cuvinte de aceea I-au r\u0103spuns: \u201e<em>Noi nu suntem n\u0103scu\u021bi din curvie, avem un singur Tat\u0103: pe Dumnezeu<\/em>. Noi nu venim din acea linie a lui Cain. \u0218tim ce spui, dar noi nu suntem n\u0103scu\u021bi din curvie. Avem un singur Tat\u0103: pe Dumnezeu.\u201d<\/p>\n\n\n\n<p>Cum puteau spune c\u0103 Dumnezeu este Tat\u0103l lor? Dac\u0103 ar fi venit de la Adam, Adam a fost fiul lui Dumnezeu, \u0219i dac\u0103 genealogia lor mergea p\u00e2n\u0103 acolo, Dumnezeu era Tat\u0103l lor. Dar ei au spus: \u201eNoi nu suntem n\u0103scu\u021bi din curvie, nu suntem din linia lui Cain.\u201d Aceasta \u00eenseamn\u0103 c\u0103 ei \u0219tiau exact despre ce le vorbea Isus. Dar Isus nu vorbea despre ADN-ul lor, nu se uita la arborele lor genealogic, ci privea la linia spiritual\u0103, la linia Vie\u021bii, la linia de S\u00e2nge care cobora p\u00e2n\u0103 la cap\u0103t \u0219i acea linie de S\u00e2nge era Via\u021ba Cuv\u00e2ntului, \u0219i Via\u021ba Cuv\u00e2ntului cobora \u00eempreun\u0103 cu Cuv\u00e2ntul; etap\u0103 cu etap\u0103; zi de zi;&nbsp; epoc\u0103 dup\u0103 epoc\u0103, p\u00e2n\u0103 c\u00e2nd, \u00een cele din urm\u0103, a venit acel \u201eColac de salvare\u201d. Acum, totul se afla \u00een Vasul care st\u0103tea \u00een fa\u021ba lor \u0219i vorbea cu ei. Tot Cuv\u00e2ntul st\u0103tea acolo vorbindu-le Cuv\u00e2ntul pe care L-a auzit de la Tat\u0103l. Deci, El era Dumnezeu, era Cuv\u00e2ntul lui Dumnezeu vorbit prin gura acelui Vas iar c\u00e2nd ei au luptat \u00eempotriva Lui, El a \u0219tiut cine era tat\u0103l lor.<\/p>\n\n\n\n<p>Isus nu a spus aceasta oamenilor care spuneau: \u201eNu am \u00een\u021beles, nu am auzit&#8230;\u201d Nu a spus-o celor care st\u0103teau la \u0219edin\u021be \u0219i c\u0103rora le-a trecut peste cap, ci le-a spus-o celor care se opuneau direct Cuv\u00e2ntului \u0219i se luptau cu El. El nu le-a spus-o celor care nu au intrat niciodat\u0103 \u00een contact cu El, celor care nu au luat niciodat\u0103 o decizie \u00een leg\u0103tur\u0103 cu aceasta; nu cu aceia vorbea, ci vorbea cu aceia care se luptau cu El; acelora le-a spus: \u201e<em>Voi sunte\u021bi de la tat\u0103l vostru<\/em>.\u201d<\/p>\n\n\n\n<p>Haide\u021bi s\u0103 mergem mai departe la versetul 42:<\/p>\n\n\n\n<p>\u201e<em>Isus le-a zis: \u201edac\u0103 ar fi Dumnezeu tat\u0103l vostru, M-a\u021bi iubi.\u201d<\/em><\/p>\n\n\n\n<p>C\u00e2\u021bi oameni, c\u00e2te milioane de oameni de pe p\u0103m\u00e2nt pot spune \u00eentr-o diminea\u021b\u0103 de duminic\u0103, \u201e\u00cel iubesc pe Isus?\u201d Ei to\u021bi spun c\u0103 \u00cel iubesc pe Isus \u0219i \u00ee\u0219i imagineaz\u0103 c\u0103 Isus Hristos de acum dou\u0103 mii de ani a murit \u00een locul lor. Ei \u00cel iubesc pe acel Isus, dar eu v\u0103 spun c\u0103 Isus Hristos este aici ast\u0103zi. Cuv\u00e2ntul care a fost \u00een El, este aici ast\u0103zi; \u0219i a-L iubi pe Isus, \u00eenseamn\u0103 a iubi manifestarea Cuv\u00e2ntului pentru ziua ta.<\/p>\n\n\n\n<p>Isus a fost Cuv\u00e2ntul f\u0103cut trup \u00een timpul lor, \u0219i El a spus&#8230; Asculta\u021bi, pentru c\u0103 voi citi din nou: \u201e<em>El le-a zis: \u201eDac\u0103 Dumnezeu ar fi Tat\u0103l vostru, M-a\u021bi iubi<\/em>.\u201d Amin. Dac\u0103 Dumnezeu ar fi cu adev\u0103rat Tat\u0103l vostru, M-a\u021bi iubi, nu v-a\u021bi lupta cu Mine, nu a\u021bi fi indiferen\u021bi fa\u021b\u0103 de Mine ca \u0219i cum ar fi trei moduri de a r\u0103spunde. Voi, ori \u00cel iubi\u021bi, ori lupta\u021bi \u00eempotriva Lui; ori nu a\u021bi auzit niciodat\u0103 despre El, ori nu ai nici o p\u0103rere \u0219i nu \u0219tii. Amin.<\/p>\n\n\n\n<p>Isus a fost invitat \u00een casa lui Simon, dar Simon nu L-a iubit, ci Isus a fost iubit de femeia curv\u0103 care I-a sp\u0103lat picioarele. \u0218i Isus a iubit-o. Simon avea un tat\u0103 diferit de Tat\u0103l acelei femei. Marele Preot a vrut s\u0103-L omoare dar femeia samaritean\u0103 L-a recunoscut ca fiind Mesia, dovedind c\u0103 tat\u0103l ei vechi a murit \u0219i c\u0103 ea era din Avraam. \u201eO, ea era o samaritean\u0103.\u201d Da, dar era din s\u0103m\u00e2n\u021ba lui Avraam iar marele preot era de la tat\u0103l s\u0103u diavolul. Niciodat\u0103 nu este ceea ce pare a fi, de aceea c\u00e2nd ajungem la Adev\u0103r, la ceea ce a f\u0103cut Mesajul pentru noi, este at\u00e2t de remarcabil!<\/p>\n\n\n\n<p>C\u00e2nd a venit Mesajul, Pece\u021bile s-au deschis \u0219i Biblia a devenit o Carte nou\u0103, a\u0219a c\u0103 acum te po\u021bi \u00eentoarce \u0219i po\u021bi citi Cartea.<\/p>\n\n\n\n<p>Fratele Branham ne-a plasat Biblia \u00een ziua \u00een care tr\u0103im, de aceea nu o mai citim doar ca o istorie trecut\u0103 de dou\u0103 mii de ani. Astfel, ne putem \u00eentoarce la acea zi \u0219i la acea or\u0103 \u00een care Isus predica, \u0219i vedem acum c\u0103 acea predic\u0103 i-a \u00eentors total pe dos pe to\u021bi pentru c\u0103 vorbirea Lui era at\u00e2t de contrar\u0103 cu tot ce auziser\u0103, \u00eenc\u00e2t ceea ce le spunea Isus, era o blasfemie pentru ei. Ceea ce spune El, era absolut gre\u0219it pentru ei. Conform Bibliei pe care o citeau, ei erau s\u0103m\u00e2n\u021ba lui Avraam, erau descenden\u021bi din Isaac; se tr\u0103geau din cei doisprezece fii ai lui Iacov; citeau Biblia \u0219i \u00ee\u0219i vedeau pozi\u021bia \u00een mod natural, dar c\u00e2nd a venit Isus, le-a spus: \u201eDac\u0103 ar fi Dumnezeu Tat\u0103l vostru, M-a\u021bi iubi, dar voi face\u021bi lucr\u0103rile tat\u0103lui vostru care de la \u00eenceput a fost mincinos.\u201d El le-a spus: \u201eDac\u0103 Dumnezeu ar fi Tat\u0103l vostru, M-a\u021bi iubi. Dac\u0103 Avraam ar fi tat\u0103l vostru, M-a\u021bi crede.\u201d Dup\u0103 ce L-au auzit, ei \u0219i-au luat Biblia, au citit, apoi s-au g\u00e2ndit c\u0103 Omul acela era nebun.<\/p>\n\n\n\n<p>Aminti\u021bi-v\u0103 c\u0103 aceasta s-a \u00eent\u00e2mplat \u00eenainte de distrugerea Templului \u0219i \u00eenainte ca toate genealogiile lor s\u0103 fie distruse. Atunci, ei puteau merge la Templu, s\u0103-\u0219i urm\u0103reasc\u0103 linia familiei p\u00e2n\u0103 la cap\u0103t; s\u0103-l afle pe tat\u0103l lor din tribul lor \u0219i s\u0103 vad\u0103 c\u0103 genealogia lor mergea p\u00e2n\u0103 la Iacov, Iacov mergea la Isaac iar Isaac mergea la Avraam. Pentru c\u0103 ei puteau r\u0103sfoi pergamentele \u0219i \u00ee\u0219i g\u0103seau linia genealogic\u0103 \u00eenapoi pe cale natural\u0103, au crezut c\u0103 sunt s\u0103m\u00e2n\u021ba lui Avraam. Dar a venit Isus \u0219i le-a spus: \u201e\u0218tiu c\u0103 sunte\u021bi s\u0103m\u00e2n\u021ba lui Avraam, nici nu trebuie s\u0103 verific, dar nu Avraam este tat\u0103l vostru.\u201d<\/p>\n\n\n\n<p>Ei \u0219tiau despre ce vorbea Isus, dar vede\u021bi, Isus f\u0103cea afirma\u021bia despre originea lor pe baza comportamentului lor fa\u021b\u0103 de Cuv\u00e2ntul viu din ziua lor.<\/p>\n\n\n\n<p>Acest lucru se potrive\u0219te cu \u00eentreaga Biblie, nu doar pentru ziua lui Isus. Acest Mesaj pe care ni l-a dat Dumnezeu, a deschis Pece\u021bile \u0219i a deblocat \u00eentregul Cuv\u00e2nt, \u00eentreaga Biblie este deblocat\u0103. Nu doar un pasaj de aici sau un pasaj de acolo, ci \u00eentreaga Biblie este deblocat\u0103.<\/p>\n\n\n\n<p>\u0218ti\u021bi, acolo sunt ni\u0219te biserici care se numesc biserici ale Noului Testament \u0219i predic\u0103 numai Noul Testament pentru c\u0103 ei cred c\u0103 Vechiul Testament este pentru evrei iar Noul Testament este pentru&nbsp; neamuri. Astfel, ei se numesc biserici ale Noului Testament \u0219i citesc numai din Noul Testament. Exist\u0103 o mul\u021bime de confesiuni care fac aceasta.<\/p>\n\n\n\n<p>Dar asculta\u021bi! Promisiunea care a fost dat\u0103 pentru mine nu o g\u0103si\u021bi \u00een Noul Testament, ci ea \u00ee\u0219i are originea \u00een Vechiul Testament, pentru c\u0103 sunt s\u0103m\u00e2n\u021ba lui Avraam, iar promisiunea lui Avraam este \u0219i promisiunea mea. Promisiunea c\u0103 el este mo\u0219tenitorul lumii, este \u0219i promisiunea mea pentru c\u0103 fac parte din s\u0103m\u00e2n\u021ba lui Avraam. De aceea, eu vreau \u00eentreaga Carte! Nu doar Noul Testament, nu doar aceste c\u0103r\u021bi, nu doar aceast\u0103 parte, ci vreau totul pentru c\u0103 \u00eemi pot g\u0103si descenden\u021ba prin \u00eentreaga Scriptur\u0103.<\/p>\n\n\n\n<p>S\u0103 citim din nou versetul 42:<\/p>\n\n\n\n<p>\u201e<em>Isus le-a zis: \u201edac\u0103 ar fi Dumnezeu Tat\u0103l vostru, M-a\u021bi iubi \u0219i pe Mine, c\u0103ci Eu am ie\u0219it \u0219i vin de la Dumnezeu; n-am venit de la Mine \u00censumi, ci El M-a trimis.<\/em><\/p>\n\n\n\n<p><em>Pentru ce nu \u00een\u021belege\u021bi vorbirea Mea? Pentru c\u0103 nu pute\u021bi asculta Cuv\u00e2ntul Meu.\u201d <\/em>&nbsp;(vers. 43.)<\/p>\n\n\n\n<p>Iubesc Scriptura aceasta! Isus dialoga cu ei a\u0219a c\u0103 ei \u00cel auzeau. Dac\u0103 ar fi fost surzi, ar fi venit la El pentru rug\u0103ciune \u0219i i-ar fi vindecat, dar Isus le-a vorbit la un alt nivel \u0219i le-a zis: \u201e<em>De ce nu pute\u021bi \u00een\u021belege vorbirea Mea? Pentru c\u0103 nu pute\u021bi asculta Cuv\u00e2ntul Meu<\/em>.\u201d Isus le-a vorbit, le-a vorbit \u0219i le-a vorbit o alt\u0103 limb\u0103, de\u0219i vorbea aramaica iar ei \u00een\u021belegeau aramaica. Dar Isus vorbea o alt\u0103 limb\u0103, vorbea limba pe care o primise de la tat\u0103l S\u0103u, o limb\u0103 cereasc\u0103. El putea vorbi limba aramaic\u0103, ebraic\u0103, iar tu po\u021bi vorbi limba greac\u0103, englez\u0103 sau rus\u0103 pentru c\u0103 Hristos este azi, aici pe p\u0103m\u00e2nt, iar Mireasa Lui vorbe\u0219te, dar vorbe\u0219te o alt\u0103 limb\u0103. Ea vorbe\u0219te limba cereasc\u0103 dar unii nu \u00een\u021beleg.<\/p>\n\n\n\n<p>Isus a spus: \u201e<em>De ce nu \u00een\u021belege\u021bi vorbirea Mea? Pentru c\u0103 nu pute\u021bi asculta Cuv\u00e2ntul Meu<\/em>.\u201d A\u0219adar, Dumnezeu, Hristos apeleaz\u0103 la o alt\u0103 pereche de urechi. \u201eVoi ave\u021bi de tat\u0103 pe diavolul.\u201d Despre cine vorbea El? Tot acest concept spune c\u0103 pentru a fi cre\u0219tin trebuie s\u0103 fii \u00eentotdeauna foarte dulce, dar eu nu L-am v\u0103zut pe Isus s\u0103 fie dulce \u0219i amabil, ci El le spune Adev\u0103rul \u0219i \u00eel spunea \u00een dragoste. Omule, El nu-i ura, dar le spunea Adev\u0103rul, le ar\u0103ta exact de unde veneau ei, \u201evoi sunte\u021bi de la tat\u0103l vostru diavolul.\u201d<\/p>\n\n\n\n<p>Cum a ajuns El la aceast\u0103 \u00een\u021belegere? Aminti\u021bi-v\u0103 c\u0103 totul s-a bazat pe felul cum au reac\u021bionat ei la Cuv\u00e2ntul f\u0103cut trup \u00een ziua lor. \u201e<em>Voi ave\u021bi de tat\u0103 pe diavolul \u0219i vre\u021bi s\u0103 \u00eemplini\u021bi poftele tat\u0103lui vostru<\/em>.\u201d<\/p>\n\n\n\n<p>B\u0103iete, El explic\u0103 totul \u00een versetul 45:<\/p>\n\n\n\n<p>\u201e<em>Iar pe Mine, pentru c\u0103 v\u0103 spun Adev\u0103rul, nu M\u0103 crede\u021bi.\u201d<\/em><\/p>\n\n\n\n<p>Versetele 46-48:<\/p>\n\n\n\n<p>\u201e<em>Cine din voi M\u0103 poate dovedi c\u0103 am p\u0103cat? Dac\u0103 v\u0103 spun Adev\u0103rul, pentru ce nu M\u0103 crede\u021bi?<\/em><\/p>\n\n\n\n<p><em>Cine este din Dumnezeu, ascult\u0103 Cuvintele lui Dumnezeu; voi de aceea nu asculta\u021bi, pentru c\u0103 nu sunte\u021bi din Dumnezeu.<\/em><\/p>\n\n\n\n<p><em>Iudeii I-au r\u0103spuns: \u201eNu zicem noi bine c\u0103 e\u0219ti Samaritean \u0219i c\u0103 ai drac?\u201d<\/em><\/p>\n\n\n\n<p>Ce altceva puteau spune? Ei I-au zis: \u201eP\u0103i, nu aveam dreptate c\u00e2nd am spus c\u0103 e\u0219ti Samaritean \u0219i ai drac?\u201d Ei nu au vrut s\u0103-L asculte pentru c\u0103 nu credeau, \u0219i nu credeau fiindc\u0103 erau fire\u0219ti. Descenden\u021ba lor natural\u0103 venea din Avraam, a\u0219a c\u0103 nu le venea s\u0103 cread\u0103 ce li se spunea.<\/p>\n\n\n\n<p>Dar \u00een ziua aceea au fost \u0219i al\u021bi oameni care au crezut c\u0103 Cuv\u00e2ntul s-a f\u0103cut trup \u00een ziua lor, \u0219i c\u00e2nd au primit acel Cuv\u00e2nt, \u0219i-au dovedit originea, cine era Tat\u0103l lor, din care descenden\u021b\u0103 f\u0103ceau parte \u0219i ce promisiuni puteau primi.<\/p>\n\n\n\n<p>S\u0103 mergem la Galateni 3. \u00cemi place acest studiu biblic.<\/p>\n\n\n\n<p>Galateni 3.6-7:<\/p>\n\n\n\n<p>\u201e<em>Tot a\u0219a \u0219i Avraam a crezut pe Dumnezeu, \u0219i credin\u021ba aceasta i-a fost socotit\u0103 ca neprih\u0103nire.<\/em><\/p>\n\n\n\n<p><em>\u00cen\u021belege\u021bi \u0219i voi dar, c\u0103 fii ai lui Avraam, sunt cei ce au credin\u021b\u0103.\u201d<\/em><\/p>\n\n\n\n<p>\u00cen ordine. Deci, unde suntem? \u00cen Biblie, \u00een Galateni 3.7. Acesta sunt eu: \u201e<em>\u00cen\u021belege\u021bi \u0219i voi dar, c\u0103 fii ai lui Avraam, sunt cei ce au credin\u021b\u0103.<\/em>\u201d Vom citi mai departe p\u00e2n\u0103 la versetul 16:<\/p>\n\n\n\n<p>\u201e<em>Scriptura, de asemenea, fiindc\u0103 prevedea c\u0103 Dumnezeu va socoti neprih\u0103nite pe Neamuri, prin credin\u0163\u0103, a vestit mai dinainte lui Avraam aceast\u0103 veste bun\u0103: \u201eToate neamurile vor fi binecuv\u00e2ntate \u00een tine.\u201d<\/em><\/p>\n\n\n\n<p><em>A\u015fa c\u0103 cei ce se bizuie pe credin\u0163\u0103 sunt binecuv\u00e2nta\u0163i \u00eempreun\u0103 cu Avraam cel credincios.<\/em><\/p>\n\n\n\n<p><em>C\u0103ci to\u0163i cei ce se bizuie pe faptele Legii sunt sub blestem; pentru c\u0103 este scris: \u201eBlestemat este oricine nu st\u0103ruie \u00een toate lucrurile scrise \u00een cartea Legii, ca s\u0103 le fac\u0103.\u201d<\/em><\/p>\n\n\n\n<p><em>\u015ei c\u0103 nimeni nu este socotit neprih\u0103nit \u00eenaintea lui Dumnezeu, prin Lege, este \u00eenvederat, c\u0103ci \u201ecel neprih\u0103nit prin credin\u0163\u0103 va tr\u0103i.\u201d<\/em><\/p>\n\n\n\n<p><em>\u00cens\u0103 Legea nu se \u00eentemeiaz\u0103 pe credin\u0163\u0103; ci ea zice: \u201eCine va face aceste lucruri va tr\u0103i prin ele.\u201d<\/em><\/p>\n\n\n\n<p><em>Hristos ne-a r\u0103scump\u0103rat din blestemul Legii, f\u0103c\u00e2ndu-Se blestem pentru noi \u2013 fiindc\u0103 este scris: \u201eBlestemat e oricine este at\u00e2rnat pe lemn\u201d \u2013<\/em><\/p>\n\n\n\n<p><em>pentru ca binecuv\u00e2ntarea vestit\u0103 lui Avraam s\u0103 vin\u0103 peste Neamuri, \u00een Hristos Isus, a\u015fa ca, prin credin\u0163\u0103, noi s\u0103 primim Duhul f\u0103g\u0103duit.<\/em><\/p>\n\n\n\n<p><em>Fra\u0163ilor, (vorbesc \u00een felul oamenilor) un testament, chiar al unui om, odat\u0103 \u00eent\u0103rit, totu\u015fi nimeni nu-l desfiin\u0163eaz\u0103, nici nu-i mai adaug\u0103 ceva.<\/em><\/p>\n\n\n\n<p><em>Acum, f\u0103g\u0103duin\u0163ele au fost f\u0103cute \u201elui Avraam \u015fi semin\u0163ei lui.\u201d Nu zice: \u201e\u015fi semin\u0163elor\u201d (ca \u015fi cum ar fi vorba de mai multe), ci ca \u015fi cum ar fi vorba numai de una: \u201e\u015fi semin\u0163ei tale\u201d, adic\u0103 Hristos.\u201d<\/em><\/p>\n\n\n\n<p>Aici, fratele Pavel o bate \u00een cuie, o aduce la zero, o \u00eent\u0103re\u0219te spun\u00e2nd c\u0103 f\u0103g\u0103duin\u021ba nu a fost f\u0103cut\u0103 pentru \u201esemin\u021bele lui,\u201d ca si cum ar fi vorba de mai multe, ci f\u0103g\u0103duin\u021ba a fost dat\u0103 pentru o singur\u0103 S\u0103m\u00e2n\u021b\u0103, care este Hristos.<\/p>\n\n\n\n<p>Noi vedem aceasta chiar \u0219i \u00een natural pentru c\u0103 Avraam l-a avut mai \u00eent\u00e2i pe Ismael care nu era s\u0103m\u00e2n\u021ba promis\u0103, ci Isaac era s\u0103m\u00e2n\u021ba promis\u0103. Apoi, dup\u0103 ce a murit Sara, Avraam s-a c\u0103s\u0103torit \u0219i a avut mai mul\u021bi fii, dar nici o s\u0103m\u00e2n\u021b\u0103 natural\u0103 dintre ace\u0219tia nu a fost s\u0103m\u00e2n\u021ba promis\u0103. S\u0103m\u00e2n\u021ba promis\u0103 a fost Isaac. Isaac a fost Cuv\u00e2ntul f\u0103cut trup pentru c\u0103 Dumnezeu i-a spus mai dinainte: \u201e&#8230;vei avea un fiu ce va ie\u0219i din tine&#8230;din Sara\u201d. Acesta a fost fiul f\u0103g\u0103duit \u0219i c\u00e2nd s-a n\u0103scut Isaac, a fost Cuv\u00e2ntul f\u0103cut trup. A\u0219adar, vedem aceasta \u00een natural, vedem c\u0103 Avraam a avut mai multe semin\u021be, dar a existat o singur\u0103 s\u0103m\u00e2n\u021b\u0103 promis\u0103, Isaac.<\/p>\n\n\n\n<p>Acum, Pavel o aduce \u00een partea spiritual\u0103 \u0219i spune: \u201e<em>Acum, f\u0103g\u0103duin\u021bele au fost f\u0103cute lui Avraam \u0219i Semin\u021bei lui<\/em>,\u201d astfel \u00eenc\u00e2t, promisiunile s\u0103 nu se \u00eendrepte spre fiecare s\u0103m\u00e2n\u021b\u0103 natural\u0103 a lui Avraam. El a spus: \u201e&#8230;<em>lui Avraam \u0219i Semin\u021bei lui.<\/em>\u201d Cui \u00eei este f\u0103cut\u0103 promisiunea? Pavel nu spune: \u201e<em>\u0219i semin\u021belor<\/em>,\u201d ca \u0219i cum ar fi mai multe, ci ca \u0219i cum ar fi vorba numai de una, el spune: \u201e&#8230;<em>\u0219i Semin\u021bei tale, adic\u0103 Hristos.<\/em>\u201d Deci, care este s\u0103m\u00e2n\u021ba lui Avraam? Hristos! Care sunt promisiunile lui Hristos? Hristos este S\u0103m\u00e2n\u021ba \u00cemp\u0103r\u0103teasc\u0103! Hristos este credin\u021ba! Vede\u021bi? Hristos este S\u0103m\u00e2n\u021ba f\u0103g\u0103duit\u0103! Suntem de acord cu aceasta? Amin.<\/p>\n\n\n\n<p>\u201e<em>Iat\u0103 ce vreau s\u0103 zic: un testament pe care l-a \u00eent\u0103rit Dumnezeu mai \u00eenainte, nu poate fi desfiin\u0163at, a\u015fa ca f\u0103g\u0103duin\u0163a s\u0103 fie nimicit\u0103 de Legea venit\u0103 dup\u0103 patru sute treizeci de ani.<\/em><\/p>\n\n\n\n<p><em>C\u0103ci, dac\u0103 mo\u015ftenirea ar veni din Lege, nu mai vine din f\u0103g\u0103duin\u0163\u0103; \u015fi Dumnezeu printr-o f\u0103g\u0103duin\u0163\u0103 a dat-o lui Avraam.<\/em> \u201d (vers.17-18.)<\/p>\n\n\n\n<p>Deci, mo\u0219tenirea vine prin f\u0103g\u0103duin\u021b\u0103, este prin Cuv\u00e2ntul lui Dumnezeu, prin cuno\u0219tin\u021ba mai dinainte a lui Dumnezeu pentru c\u0103 a fost dat\u0103 prin f\u0103g\u0103duin\u021b\u0103 cu privire la ce va fi \u00een viitor. Aceasta este cuno\u0219tin\u021ba mai dinainte a lui Dumnezeu.<\/p>\n\n\n\n<p>S\u0103 mergem s\u0103 citim de la versetul 26-29:<\/p>\n\n\n\n<p><em>\u201eC\u0103ci to\u021bi sunte\u021bi fii ai lui Dumnezeu, prin credin\u021b\u0103 \u00een&nbsp; Hristos Isus.<\/em><\/p>\n\n\n\n<p><em>To\u021bi c\u00e2\u021bi a\u021bi fost boteza\u021bi pentru Hristos, v-a\u021bi \u00eembr\u0103cat cu Hristos.<\/em><\/p>\n\n\n\n<p><em>Nu mai este nici iudeu, nici grec; nu mai este nici rob nici slobod; nu mai este nici parte b\u0103rb\u0103teasc\u0103, nici parte femeiasc\u0103, fiindc\u0103 to\u021bi sunte\u021bi una \u00een Hristos Isus.<\/em><\/p>\n\n\n\n<p><em>\u0218i dac\u0103 sunte\u021bi ai lui Hristos, sunte\u021bi \u201eS\u0103m\u00e2n\u021ba\u201d lui Avraam, mo\u0219tenitori prin f\u0103g\u0103duin\u021b\u0103.\u201d<\/em><\/p>\n\n\n\n<p>L\u0103udat s\u0103 fie Dumnezeu! Dac\u0103 te-ai \u00eembr\u0103cat cu Hristos prin na\u0219terea din nou, dac\u0103 e\u0219ti Hristos prin na\u0219terea din nou, prin Duhul lui Dumnezeu, atunci e\u0219ti \u201eS\u0103m\u00e2n\u021ba\u201d lui Avraam \u0219i mo\u0219tenitor al f\u0103g\u0103duin\u021bei. Amin. Aceasta \u00eenseamn\u0103 c\u0103 tot ce i s-a promis lui Avraam, este promis \u0219i pentru mine. El mi-a d\u0103ruit orice lucru pe care l-a avut Avraam; fiecare binecuv\u00e2ntare pe care a avut-o Avraam, este \u0219i binecuv\u00e2ntarea mea.<\/p>\n\n\n\n<p>Astfel, vedem c\u0103 aici, vine apostolul Pavel \u0219i dezv\u0103luie clar \u00eenv\u0103\u021b\u0103tura bisericii \u0219i aduce&#8230;uh, \u0219ti\u021bi, timp de mii de ani ei au \u00een\u021beles aceast\u0103 Biblie \u00eentr-un anumit fel, dar a venit Pavel, care este \u00eenv\u0103\u021bat de \u00censu\u0219i Dumnezeu, Hristos \u00censu\u0219i a fost \u00cenv\u0103\u021b\u0103torul lui, \u0219i a primit o descoperire. Astfel, c\u00e2nd s-a uitat la acel Cuv\u00e2nt, a spus: \u201eAsculta\u021bi! Voi face\u021bi o gre\u0219eal\u0103 c\u00e2nd vorbi\u021bi despre acea s\u0103m\u00e2n\u021b\u0103; v\u0103 g\u00e2ndi\u021bi c\u0103 a fost ADN-ul care a intrat \u00een Isaac \u0219i a mers mai departe de la Isaac la Iacov, \u0219i de la Iacov la cei doisprezece fii ai s\u0103i.\u201d El le-a spus: \u201eVoi g\u00e2ndi\u021bi gre\u0219it. Nu este ADN-ul acea s\u0103m\u00e2n\u021b\u0103, pentru c\u0103 acea \u201eS\u0103m\u00e2n\u021b\u0103,\u201d a fost Hristos.<\/p>\n\n\n\n<p>Deci, ce a fost Isaac? Isaac a fost Hristos. \u201eFrate Chad, cum po\u021bi spune a\u0219a ceva?\u201d Pentru c\u0103 a\u0219a a spus fratele Branham.<\/p>\n\n\n\n<p>S\u0103 mergem \u00een mesajul <strong>Trei feluri de credincio\u0219i<\/strong>, din anul 1963:<\/p>\n\n\n\n<p>\u201e<em>Cine ascult\u0103 Cuvintele Mele, \u0219i crede \u00een Cel ce M-a trimis, a trecut deja de la moarte la Via\u021b\u0103.\u201d<\/em><\/p>\n\n\n\n<p><em>Dar pute\u021bi primi Cuv\u00e2ntul? Pute\u021bi primi tot Cuv\u00e2ntul, totul din Hristos? Hristos este Cuv\u00e2ntul uns! El este Cuv\u00e2ntul uns. \u201eHristos,\u201d \u00eenseamn\u0103 \u201eCel uns,\u201d Cuv\u00e2ntul uns \u0219i manifestat pentru acea zi; Salvatorul, R\u0103scump\u0103r\u0103torul<\/em>.\u201d<\/p>\n\n\n\n<p>Voi citi aceasta din nou: \u201e<em>Hristos\u201d \u00eenseamn\u0103 \u201eCel uns,\u201d Cuv\u00e2ntul uns \u0219i manifestat pentru acea zi. <\/em>Deci, ce este \u201eHristos?\u201d \u201e<em>Cuv\u00e2ntul uns \u0219i manifestat pentru acea zi.\u201d<\/em><\/p>\n\n\n\n<p>Ce a fost Isaac? Isaac a fost \u00eemplinirea unei f\u0103g\u0103duin\u021be a lui Dumnezeu pentru acea zi, el a fost \u00eemplinirea Cuv\u00e2ntului lui Dumnezeu. Isaac a fost o profe\u021bie, o f\u0103g\u0103duin\u021b\u0103 dat\u0103 de Dumnezeu, iar f\u0103g\u0103duin\u021ba lui Dumnezeu care a ie\u0219it dintr-un Cuv\u00e2nt rostit, s-a manifestat c\u00e2nd s-a n\u0103scut Isaac, acesta fiind s\u0103m\u00e2n\u021ba f\u0103g\u0103duit\u0103 lui Avraam. Acesta a fost Hristos, Cuv\u00e2ntul uns \u0219i manifestat pentru acea zi. Amin.<\/p>\n\n\n\n<p>Deci, Isaac a fost o manifestare a lui Hristos, a fost Hristos \u00een Isaac, a\u0219a c\u0103 nu este vorba despre linia c\u0103rnii, ci vorbim despre Linia spiritual\u0103 a\u0219a cum Cuvintele se mi\u0219c\u0103 \u00een jos.<\/p>\n\n\n\n<p>Fratele Branham a spus c\u0103 Cuv\u00e2ntul este Duh, pentru c\u0103 Isus a spus: \u201e<em>Cuvintele mele sunt Duh \u0219i Via\u021b\u0103<\/em>,\u201d a\u0219a c\u0103 nimic nu are Via\u021b\u0103 f\u0103r\u0103 Duh. Duhul este Cel care d\u0103 Via\u021b\u0103, iar c\u00e2nd Duhul iese din ceva, este mort. Cuv\u00e2ntul are \u00een El un Duh; exist\u0103 Cuv\u00e2ntul \u0219i exist\u0103 Duhul, dar este acela\u0219i lucru. Astfel, pe m\u0103sur\u0103 ce Cuv\u00e2ntul se mi\u0219c\u0103 \u00een timp, Cuv\u00e2ntul prezent sau Cuv\u00e2ntul pentru ziua ta, are via\u021b\u0103 \u00een El, este Via\u021ba, este locul Vie\u021bii \u00een care se afl\u0103 Hristos. Deci, ce este Hristos? Hristos este Cel uns, Cuv\u00e2ntul manifestat pentru timpul prezent.<\/p>\n\n\n\n<p>A\u0219adar, f\u0103g\u0103duin\u021ba i-a fost dat\u0103 lui Avraam, dar cum s-a mutat f\u0103g\u0103duin\u021ba la neamurile care nu aveau nici o leg\u0103tur\u0103 genetic\u0103 cu Avraam? Ceea ce predica Pavel era revolu\u021bionar, ceea ce predica Pavel suna ca o blasfemie pentru urechile lor pentru c\u0103 din genera\u021bii \u00een genera\u021bii, ei au fost lega\u021bi de o \u00eemplinire natural\u0103; ei au fost bloca\u021bi \u00een genealogia na\u0219terii lui Isaac, \u00een genealogia lui Iacov \u0219i a celor doisprezece fii ai lui. Ei au fost at\u00e2t de \u00eenchi\u0219i \u00een aceasta \u00eenc\u00e2t au ratat s\u0103 vad\u0103 c\u0103 Acesta era Cuv\u00e2ntul care a venit la manifestare \u00een timpul lor.<\/p>\n\n\n\n<p>Ei au v\u0103zut acele na\u0219teri, dar nu \u0219i-au dat seama c\u0103 acele na\u0219teri aveau loc prin cuno\u0219tin\u021ba mai dinainte a lui Dumnezeu. \u0218i pe m\u0103sur\u0103 ce veneau la via\u021b\u0103 pe p\u0103m\u00e2nt \u0219i s-au manifestat ca cei doisprezece fii ai lui Iacov, ei au fost Cuv\u00e2ntul lui Dumnezeu manifestat \u00een acea zi.<\/p>\n\n\n\n<p>C\u00e2nd s-a n\u0103scut Moise ca un copil promis, el a venit prin cuno\u0219tin\u021ba mai dinainte a lui Dumnezeu, a fost Cuv\u00e2ntul din g\u00e2ndurile lui Dumnezeu \u0219i Dumnezeu a \u0219tiut c\u0103 acel Cuv\u00e2nt vine la \u00eemplinire. Oh, laud\u0103 lui Dumnezeu!<\/p>\n\n\n\n<p>Unde \u0218i-a scris Dumnezeu Biblia prima dat\u0103? \u00cen ceruri. Unde \u0218i-a scris Biblia a doua oar\u0103? \u00cen piramid\u0103. \u0218i noi avem o \u00eenregistrare a celor dou\u0103 Biblii \u00een Cuv\u00e2ntul scris iar Dumnezeu a manifestat ceea ce era scris \u00een ceruri \u0219i \u00een piramid\u0103 de-a lungul timpului. Ce a f\u0103cut El? A scris manifestarea acelui Cuv\u00e2nt \u00een via\u021b\u0103, a\u0219a c\u0103, atunci c\u00e2nd s-a n\u0103sut Moise, un copil potrivit, el a fost Hristos. De ce a fost Hristos? Pentru c\u0103 Avraam a primit profe\u021bia c\u0103: \u201eDup\u0103 patru sute de ani, voi elibera pe copiii t\u0103i cu m\u00e2n\u0103 puternic\u0103.\u201d Astfel, aceast\u0103 profe\u021bie&nbsp; cerea un eliberator, iar eliberatorul era deja \u00een mintea lui Dumnezeu care este locul de unde vine Cuv\u00e2ntul. \u0218i c\u00e2nd Dumnezeu roste\u0219te un Cuv\u00e2nt, acel Cuv\u00e2nt se mi\u0219c\u0103 la locul lui, \u0219i c\u00e2nd vine la manifestare \u00een zilele lui, este Hristos \u0219i are Via\u021b\u0103 \u00een sine.<\/p>\n\n\n\n<p>De aceea, s\u0103 primesc acest Cuv\u00e2nt, este Via\u021b\u0103; iar s\u0103-L resping este moarte. Laud\u0103 lui Dumnezeu!<\/p>\n\n\n\n<p>Acum, dac\u0103 prin har ai o S\u0103m\u00e2n\u021b\u0103 de credin\u021b\u0103 \u00een interior, calitatea de a crede Cuv\u00e2ntul manifestat pentru ziua ta, aceasta arat\u0103 c\u0103 tu e\u0219ti Hristos. \u0218i dac\u0103 e\u0219ti Hristos, e\u0219ti S\u0103m\u00e2n\u021ba lui Avraam \u0219i mo\u0219tenitor al promisiunilor. A\u0219adar, dac\u0103 ne putem g\u0103si \u00een aceast\u0103 pozi\u021bie prin Cuv\u00e2nt, nu ar trebui s\u0103 existe nimic care s\u0103 ne tulbure. Prieteni, nu ar trebui s\u0103 existe nimic, pentru c\u0103 Dumnezeu a v\u0103zut totul dinainte de \u00eentemeierea lumii.<\/p>\n\n\n\n<p>Cuv\u00e2ntul Lui a cobor\u00e2t printr-o Linie a Vie\u021bii, o Linie a Cuv\u00e2ntului, o Linie de S\u00e2nge, o Linie de Salvare sau cum vrei s\u0103 o nume\u0219ti, care este Cartea Vie\u021bii Mielului scris\u0103 \u00een fiecare epoc\u0103 din genera\u021bie \u00een genera\u021bie. Iar c\u00e2nd tu vii \u0219i te reg\u0103se\u0219ti pe acea Linie, g\u0103se\u0219ti c\u0103, prin har e\u0219ti plasat acolo printr-o descoperire pe care \u021bi-a dat-o Dumnezeu. Atunci e\u0219ti pe Linia Vie\u021bii, faci parte din acea exprimare iar Dumnezeu Se exprim\u0103 prin tine \u00een ziua ta, e\u0219ti unit cu Hristos, e\u0219ti Hristos \u0219i e\u0219ti S\u0103m\u00e2n\u021ba lui Avraam.<\/p>\n\n\n\n<p>Dac\u0103 Dumnezeu poate avea grij\u0103 de descenden\u021ba Lui p\u00e2n\u0103 la cap\u0103t, nu poate avea grij\u0103 de ea acum? Dac\u0103 Dumnezeu a vegheat asupra acesteia, asculta\u021bi: aceasta era \u00een g\u00e2ndirea lui Dumnezeu \u00eenainte de \u00eentemeierea lumii. Astfel, Dumnezeu a \u0219tiut cine va veni, \u00een ce epoc\u0103 vor fi exprima\u021bi \u0219i tot ce vor face. El \u00ce\u0219i cuno\u0219tea S\u0103m\u00e2n\u021ba, cuno\u0219tea Linia lui Hristos, cuno\u0219tea Linia Cuv\u00e2ntului; El \u0219tia totul \u00eenainte de \u00eentemeierea lumii, \u0219i pe m\u0103sur\u0103 ce coboar\u0103 \u00een timp prin epoci, vegheaz\u0103 asupra ei \u0219i o pune \u00een pozi\u021bie.<\/p>\n\n\n\n<p>El reorganizeaz\u0103 politica \u00eentregii lumi, restructureaz\u0103 totul pentru a men\u021bine Linia Lui \u00een mi\u0219care. Dac\u0103 te po\u021bi g\u0103si ca parte a acestui Cuv\u00e2nt, ce m\u00e2ng\u00e2iere ar trebui s\u0103-\u021bi aduc\u0103, ce pace, ce lini\u0219te \u0219i ce satisfac\u021bie \u0219tiind c\u0103 Dumnezeu nu S-a \u00eencurcat \u0219i nu Se va \u00eencurca acum.<\/p>\n\n\n\n<p>Haide\u021bi s\u0103 mergem la Romani 9. Iubesc acest Cuv\u00e2nt! Romani 9.6:<\/p>\n\n\n\n<p>\u201e<em>Dar aceasta nu \u00eenseamn\u0103 c\u0103 a r\u0103mas f\u0103r\u0103 putere Cuv\u00e2ntul lui Dumnezeu. C\u0103ci nu to\u021bi cei ce coboar\u0103 din Israel, sunt Israel.\u201d<\/em><\/p>\n\n\n\n<p>Aici, Pavel spune acela\u0219i lucru. Ei pot fi din Israel, dar nu sunt Israel; pot fi natural dar nu sunt spiritual.<\/p>\n\n\n\n<p>\u201e<em>\u0219i, m\u0103car c\u0103 sunt s\u0103m\u00e2n\u021ba lui Avraam, nu to\u021bi sunt copiii lui Avraam, ci este scris: \u201e\u00cen Isaac vei avea o s\u0103m\u00e2n\u021b\u0103, care-\u021bi va purta numele.\u201d<\/em><\/p>\n\n\n\n<p><a><em>Aceasta \u00eensemneaz\u0103 c\u0103 nu copiii trupe\u0219ti sunt copii ai lui Dumnezeu, ci copiii f\u0103g\u0103duin\u021bei sunt socoti\u021bi ca s\u0103m\u00e2n\u021b\u0103<\/em><\/a><em>.\u201d<\/em><\/p>\n\n\n\n<p>\u00cen ordine. Pavel spune aici c\u0103 nu este vorba despre descenden\u021ba natural\u0103. \u201eNu tot Israelul este Israel,\u201d ci doar S\u0103m\u00e2n\u021ba f\u0103g\u0103duit\u0103 este s\u0103m\u00e2n\u021ba lui Avraam. Atunci c\u00e2nd vine ceea ce a promis Dumnezeu c\u0103 va veni, aceea este s\u0103m\u00e2n\u021ba f\u0103g\u0103duit\u0103, aceea este S\u0103m\u00e2n\u021ba. Deci, dac\u0103 a fost promis\u0103 prin Cuv\u00e2ntul lui Dumnezeu, atunci vine la \u00eemplinire \u00een timpul s\u0103u prin voia lui Dumnezeu. Acea S\u0103m\u00e2n\u021b\u0103 vine \u00een manifestare \u0219i este S\u0103m\u00e2n\u021ba lui Dumnezeu.<\/p>\n\n\n\n<p>Ce a promis Dumnezeu? El a promis c\u0103 \u00een timpul sf\u00e2r\u0219itului va avea o Mireas\u0103 f\u0103r\u0103 pat\u0103 sau zb\u00e2rcitur\u0103, \u0219i aceast\u0103 promisiune este pentru to\u021bi cei care \u00eemplinesc aceast\u0103 parte a Cuv\u00e2ntului, \u0219i fac parte din Hristos, fac parte din S\u0103m\u00e2n\u021b\u0103, singura S\u0103m\u00e2n\u021b\u0103, Linia Semin\u021bei Lui. Laud\u0103 lui Dumnezeu!<\/p>\n\n\n\n<p>Haide\u021bi s\u0103 continu\u0103m s\u0103 citim. Vreau s\u0103 citesc din nou versetul 8:<\/p>\n\n\n\n<p>\u201e<em>Aceasta \u00eensemneaz\u0103 c\u0103 nu copiii trupe\u0219ti sunt copii ai lui Dumnezeu, ci copiii f\u0103g\u0103duin\u021bei sunt socoti\u021bi ca s\u0103m\u00e2n\u021b\u0103.\u201d<\/em><\/p>\n\n\n\n<p>Imagineaz\u0103-\u021bi c\u0103 e\u0219ti evreu&nbsp; \u0219i auzi c\u0103 \u021bi se spune, \u201e&#8230;<em>nu copiii trupe\u0219ti sunt copii ai lui Dumnezeu, ci copiii f\u0103g\u0103duin\u021bei sunt socoti\u021bi ca S\u0103m\u00e2n\u021b\u0103.\u201d<\/em><\/p>\n\n\n\n<p><em>\u201eC\u0103ci cuv\u00e2ntul acesta este o f\u0103g\u0103duin\u021b\u0103: \u201ePe vremea aceasta M\u0103 voi \u00eentoarce, \u0219i Sara va avea un fiu.\u201d<\/em><\/p>\n\n\n\n<p><em>Ba mai mult; tot a\u0219a a fost cu Rebeca. Ea a z\u0103mislit doi gemeni numai de la p\u0103rintele nostru Isaac.<\/em><\/p>\n\n\n\n<p><em>C\u0103ci, m\u0103car c\u0103 cei doi gemeni nu se n\u0103scuser\u0103 \u00eenc\u0103, \u0219i nu f\u0103cuser\u0103 nici bine nici r\u0103u, &#8211; ca s\u0103 r\u0103m\u00e2n\u0103 \u00een picioare hot\u0103r\u00e2rea mai dinainte a lui Dumnezeu, prin care se f\u0103cea o alegere, nu prin fapte, ci prin Cel ce cheam\u0103, &#8211;<\/em><\/p>\n\n\n\n<p><em>s-a zis Rebec\u0103i: \u201eCel mai mare va fi rob celui mai mic,\u201d<\/em><\/p>\n\n\n\n<p><em>dup\u0103 cum este scris: \u201ePe Iacov l-am iubit, iar pe Esau l-am ur\u00e2t.\u201d<\/em><\/p>\n\n\n\n<p>O, prieteni, ce Scripturi extraordinare! Aici, el spune c\u0103 nu copiii naturali sunt copii ai lui Dumnezeu. S\u0103 ne \u00eentoarcem la versetul 8: \u201e<em>Nu copiii trupe\u0219ti sunt copii ai lui Dumnezeu, ci copiii f\u0103g\u0103duin\u021bei sunt socoti\u021bi ca s\u0103m\u00e2n\u021b\u0103<\/em>.\u201d Este foarte important pentru c\u0103 atunci c\u00e2nd ajungi la Isaac, f\u0103g\u0103duin\u021ba merge de la Avraam la Isaac, Isaac fiind Cuv\u00e2ntul promis pentru ziua aceea. El a fost Hristos, lui i s-a dat o mireas\u0103 adus\u0103 de Eliezer. Eliezer i-a adus-o \u00eenapoi, ea fiind mireasa pentru ziua aceea, \u0219i c\u00e2nd cei doi au venit \u00eempreun\u0103, au fost Cuv\u00e2ntul pentru ziua aceea; ei s-au unit \u00eentr-o unire natural\u0103 \u0219i din unirea lor natural\u0103 s-au n\u0103scut gemeni.<\/p>\n\n\n\n<p>Oh, apostolul Pavel este at\u00e2t de bun aici, el este at\u00e2t de bun \u00eenc\u00e2t a luat Biblia pe care o citeau evreii, \u0219i dovede\u0219te cu Biblia pe care o citeau ei \u00eentorc\u00e2ndu-se p\u00e2n\u0103 la Isaac \u0219i Iacov \u0219i spune: \u201eIsaac a fost f\u0103g\u0103duit.\u201d Isaac \u0219i Rebeca \u00eemplinesc \u00eempreun\u0103 Cuv\u00e2ntul promis. Ei s-au unit pentru a produce o alt\u0103&nbsp; s\u0103m\u00e2n\u021b\u0103 care era tot Cuv\u00e2ntul promis, dar ei au avut gemeni; au avut doi copii care au ie\u0219it din acela\u0219i tat\u0103 \u0219i din aceea\u0219i mam\u0103, dar acest lucru era firesc, ace\u0219ti doi copii au venit pe cale natural\u0103, de aceea nu copiii trupe\u0219ti sunt copii ai lui Dumnezeu pentru c\u0103 dac\u0103 ar fi a\u0219a, Esau ar trebui s\u0103 fie un copil al lui Dumnezeu.<\/p>\n\n\n\n<p>Dar \u00eenainte ca cei doi copii s\u0103 se nasc\u0103, Dumnezeu i-a spus Rebec\u0103i, \u201ecel mai mare va fi robul celui mai mic.\u201d&nbsp; Dumnezeu rostise Cuv\u00e2ntul iar c\u00e2nd Esau \u0219i Iacov au venit la suprafa\u021b\u0103, \u0219i-au tr\u0103it via\u021ba \u0219i \u0219i-au f\u0103cut lucrul lor.<\/p>\n\n\n\n<p>Profetul ne-a spus c\u0103 Esau era mai bun dec\u00e2t Iacov, avea mai mult\u0103 grij\u0103 de tat\u0103l s\u0103u, era un fiu mai bun, dar Iacov era timid, trebuia ajutat tot timpul \u0219i era un \u00een\u0219el\u0103tor; l-a \u00een\u0219elat pe tat\u0103l s\u0103u, pe fratele s\u0103u apoi a fugit \u0219i dup\u0103 o vreme s-a \u00eentors, totu\u0219i el era s\u0103m\u00e2n\u021ba f\u0103g\u0103duit\u0103.<\/p>\n\n\n\n<p>Dumnezeu a \u0219tiut c\u0103 Esau nu era s\u0103m\u00e2n\u021ba Lui, \u0219i aceasta prin cuno\u0219tin\u021ba Lui mai dinainte \u0219i prin hot\u0103r\u00e2rea Lui; prin predestinarea \u0219i alegerea pe care Dumnezeu a f\u0103cut-o mai dinainte. Dumnezeu nu S-a bazat pe faptele lui Esau, dac\u0103 s-ar fi bazat pe faptele lui, Esau ar fi fost cel ales, nu Iacov. Dar Dumnezeu a avut deja un g\u00e2nd \u00eenainte de \u00eentemeierea lumii: \u201ePe Iacov l-am iubit, iar pe Esau l-am ur\u00e2t.\u201d Dumnezeu i-a profe\u021bit deja Rebec\u0103i locul plasat fiilor ei \u00eenainte ca s\u0103 se nasc\u0103.<\/p>\n\n\n\n<p>Astfel, Iacov nu este cel cu care ne-ar fi pl\u0103cut s\u0103 fim prieteni, nu este cel pe care l-am alege ca s\u0103m\u00e2n\u021b\u0103 pentru c\u0103 a f\u0103cut tot felul de lucruri familiei sale. \u0218i te \u00eentrebi ce fel de om este acela care \u00ee\u0219i \u00een\u0219al\u0103 propria familie? Cum poate fi un om ca acesta un copil al lui Dumnezeu?<\/p>\n\n\n\n<p>Prieteni, iubesc aceast\u0103 Biblie, pentru c\u0103 ceea ce conteaz\u0103 cel mai mult \u00een lumea aceasta, este ceea ce a crezut Dumnezeu despre Iacov \u00eenainte de \u00eentemeierea lumii. Aceasta este tot ce conteaz\u0103! Aceasta este fundamental! Este Cuv\u00e2ntul! Este Via\u021ba! Este S\u0103m\u00e2n\u021ba, este totul.<\/p>\n\n\n\n<p>A\u0219adar, evreii sunt to\u021bi linia natural\u0103, linia natural\u0103, linia natural\u0103, dar acum vine Pavel, ia Biblia \u0219i spune: \u201eLinia natural\u0103? Bine, s\u0103 ne \u00eentoarcem la Esau \u0219i Iacov.\u201d Vede\u021bi? Linia lui Dumnezeu, S\u0103m\u00e2n\u021ba lui Dumnezeu este prin alegere, prin cuno\u0219tin\u021ba Lui mai dinainte; prin alegerea lui Dumnezeu \u00eenainte de \u00eentemeierea lumii, a\u0219a c\u0103, atunci c\u00e2nd cei doi copii s-au n\u0103scut, au exprimat dou\u0103 naturi diferite \u0219i au tr\u0103it dou\u0103 vie\u021bi diferite. Esau era cel care ar fi trebuit s\u0103 primeasc\u0103 steaua de aur pentru meritele lui, iar Iacov trebuia trimis la o \u0219coal\u0103 de corec\u021bie. Dar chiar Iacov a fost locul \u00een care era Cuv\u00e2ntul, a\u0219a c\u0103 Iacov era Cuv\u00e2ntul promis pentru ziua lui. Iacov a devenit Hristos pentru ziua lui pentru c\u0103 Dumnezeu l-a ales nu prin faptele lui, ci prin alegere. Nu prin alegerea lui Iacov, ci prin alegerea lui Dumnezeu, \u0219i c\u00e2nd a venit jos, el era s\u0103m\u00e2n\u021ba promis\u0103. Nu Esau era s\u0103m\u00e2n\u021ba promis\u0103.<\/p>\n\n\n\n<p>Acum, descenden\u021ba continu\u0103 \u00een jos prin cei doisprezece fii ai s\u0103i, \u0219i prin acesta, \u0219i prin acela, \u0219i prin cel\u0103lalt; \u0219i to\u021bi au fost lega\u021bi de cel n\u0103scut din acesta, \u0219i din acela, \u0219i din cel\u0103lalt, dar Pavel a privit mai departe, acolo unde ochii fire\u0219ti nu puteau vedea. El s-a \u00eentors \u00een mintea lui Dumnezeu, \u0219i a spus: \u201eOh, are sens, pentru c\u0103 Dumnezeu l-a hot\u0103r\u00e2t deja pe Iacov, nu pe Esau.\u201d<\/p>\n\n\n\n<p>A\u0219adar, Iacov a fost s\u0103m\u00e2n\u021ba promis\u0103, de aceea Linia Semin\u021bei a cobor\u00e2t direct din el. F\u0103r\u0103 aceast\u0103 \u00een\u021belegere, privim la Iacov \u0219i Esau, \u0219i spunem: \u201eCum a ales Dumnezeu a\u0219a?\u201d \u201eCe au f\u0103cut ei?\u201d \u201eCe ar trebui s\u0103 fac eu ca s\u0103 fiu cel potrivit? Ce fel de fapte trebuie s\u0103 fac eu ca s\u0103 fiu cel ales de Dumnezeu?\u201d<\/p>\n\n\n\n<p>El prive\u0219te la via\u021ba lui Iacov \u0219i a lui Esau \u0219i arat\u0103 c\u0103 nu po\u021bi privi la via\u021ba lor \u0219i s\u0103 decizi care din ei este s\u0103m\u00e2n\u021ba cunoscut\u0103 \u00eenainte de \u00eentemeierea lumii. Hot\u0103r\u00e2rea lui Dumnezeu va aduce schimbarea la timpul potrivit pentru c\u0103 ei nu au putut deveni s\u0103m\u00e2n\u021ba f\u0103c\u00e2nd ei \u00een\u0219i\u0219i o schimbare, iar g\u00e2ndul lui Dumnezeu nu va fi z\u0103d\u0103rnicit de atitudinea cuiva, de comportamentul cuiva. Dumnezeu are felul S\u0103u de a orchestra circumstan\u021bele p\u00e2n\u0103 ob\u021bine, \u00een sf\u00e2r\u0219it, o predare pentru ca Cuv\u00e2ntul S\u0103u s\u0103 poat\u0103 veni \u00een manifestare. De ce? Pentru c\u0103 Iacov a fost predestinat mai dinainte s\u0103 fie Hristos \u00een zilele lui. Laud\u0103 lui Dumnezeu!<\/p>\n\n\n\n<p>S\u0103 ne \u00eentoarcem la Geneza 12.1-3:<\/p>\n\n\n\n<p>\u201e<em>Domnul zisese lui Avram: \u201eIe\u015fi din \u0163ara ta, din rudenia ta \u015fi din casa tat\u0103lui t\u0103u \u015fi vino \u00een \u0163ara pe care \u0163i-o voi ar\u0103ta.<\/em><\/p>\n\n\n\n<p><em>Voi face din tine un neam mare \u015fi te voi binecuv\u00e2nta; \u00ee\u0163i voi face un nume mare \u015fi vei fi o binecuv\u00e2ntare.<\/em><\/p>\n\n\n\n<p><a><em>Voi binecuv\u00e2nta pe cei ce te vor binecuv\u00e2nta \u015fi voi blestema pe cei ce te vor blestema \u015fi toate familiile p\u0103m\u00e2ntului vor fi binecuv\u00e2ntate \u00een tine.<\/em><\/a>\u201d<\/p>\n\n\n\n<p>Vreau s\u0103 m\u0103 opresc pu\u021bin aici. Privi\u021bi la aceast\u0103 f\u0103g\u0103duin\u021b\u0103 dat\u0103 lui Avraam, dar aminti\u021bi-v\u0103 c\u0103 f\u0103g\u0103duin\u021ba lui Avraam merge la S\u0103m\u00e2n\u021ba lui Avraam. To\u021bi \u00eenv\u0103\u021b\u0103torii \u0219i c\u0103rturarii Bibliei vor spune c\u0103 versetele doi \u0219i trei din Geneza 12, arat\u0103 venirea lui Hristos, ca Isus Hristos din Nazaret, dar ce nu au v\u0103zut ei, este c\u0103 venirea lui Hristos este ar\u0103tat\u0103 peste tot. Hristos vine de fiecare dat\u0103 c\u00e2nd Cuv\u00e2ntul promis este manifestat \u00een acel timp, aceea este promisiunea lui Avraam.<\/p>\n\n\n\n<p>Asculta\u021bi ce spune aici: \u201e<em>Voi face din tine un neam mare \u015fi te voi binecuv\u00e2nta; \u00ee\u0163i voi face un nume mare \u015fi vei fi o binecuv\u00e2ntare.\u201d <\/em>Astfel, Avraam nu a venit doar pentru a fi binecuv\u00e2ntat, ci pentru a fi o binecuv\u00e2ntare. De ce? Pentru c\u0103 Hristos este \u00eentotdeauna o binecuv\u00e2ntare. Oriunde merge Hristos, este o binecuv\u00e2ntare dac\u0103 o po\u021bi primi.<\/p>\n\n\n\n<p>\u201e<em>Voi binecuv\u00e2nta pe cei ce te vor binecuv\u00e2nta \u015fi voi blestema pe cei ce te vor blestema \u015fi toate familiile p\u0103m\u00e2ntului vor fi binecuv\u00e2ntate \u00een tine.<\/em>\u201d<\/p>\n\n\n\n<p>\u0218i eu spun: \u201eDac\u0103 ne g\u0103sim \u00een Hristos.\u201d C\u00e2\u021bi crede\u021bi c\u0103 sunte\u021bi \u00een Hristos? (Amin.) Atunci e\u0219ti o S\u0103m\u00e2n\u021b\u0103 a lui Avraam. Crede\u021bi? (Amin.) Voi sunte\u021bi S\u0103m\u00e2n\u021ba lui Avraam \u0219i v\u0103 afla\u021bi sub f\u0103g\u0103duin\u021ba lui Avraam. Crede\u021bi c\u0103 sunte\u021bi sub f\u0103g\u0103duin\u021ba lui Avraam? (Amin.) Atunci, conform Bibliei, aceast\u0103 f\u0103g\u0103duin\u021b\u0103 este a ta \u0219i e\u0219ti pe p\u0103m\u00e2nt ca s\u0103 fii o binecuv\u00e2ntare. De aceea e\u0219ti aici, ca s\u0103 fii o binecuv\u00e2ntare, deoarece f\u0103g\u0103duin\u021ba lui Avraam este asupra ta. Atunci, oricine te va binecuv\u00e2nta va fi binecuv\u00e2ntat; \u0219i oricine te va blestema va fi blestemat, pentru c\u0103 Cuv\u00e2ntul lui Dumnezeu pentru aceast\u0103 zi, este oriunde se g\u0103se\u0219te o S\u0103m\u00e2n\u021b\u0103 a lui Avraam.<\/p>\n\n\n\n<p>A binecuv\u00e2nta Cuv\u00e2ntul lui Dumnezeu \u00eenseamn\u0103 s\u0103 fii binecuv\u00e2ntat, \u0219i a blestema Cuv\u00e2ntul lui Dumnezeu \u00eenseamn\u0103 s\u0103 fii blestemat.<\/p>\n\n\n\n<p>Eu vreau ca \u00een\u021belegerea acestei descoperiri s\u0103 se scufunde \u00een mine, pentru c\u0103 ea \u00eemi va schimba conduita \u00een fiecare zi \u0219i \u00eemi voi da seama c\u0103 sunt o S\u0103m\u00e2n\u021b\u0103 a lui Dumnezeu, prin credin\u021b\u0103; c\u0103 sunt o S\u0103m\u00e2n\u021b\u0103 a lui Dumnezeu prin unirea cu Hristos; c\u0103 sunt o S\u0103m\u00e2n\u021b\u0103 a lui Avraam iar f\u0103g\u0103duin\u021ba lui Avraam este asupra mea \u0219i sunt aici pentru a fi o binecuv\u00e2ntare pentru oricine poate primi aceast\u0103 binecuv\u00e2ntare.<\/p>\n\n\n\n<p>Haide\u021bi s\u0103 mergem la Evrei 6 \u0219i s\u0103 mai citim c\u00e2teva versete. Cred c\u0103 v\u0103 place acest studiu biblic pentru c\u0103 sunt at\u00e2t de multe Scripturi pentru acest subiect. Mi se pare uimitor. Am spus de multe ori aceasta \u0219i probabil o voi spune \u00eenc\u0103 de o mie de ori.<\/p>\n\n\n\n<p>Dac\u0103 te ui\u021bi la felul cum a tratat Isus Cuv\u00e2ntul \u00een zilele Lui, c\u00e2nd a vorbit despre ce a \u00eenv\u0103\u021bat Moise \u0219i toate acestea, chiar \u0219i de la Iona; vezi c\u0103 El a luat acele Scripturi de la David, de la Iona \u0219i Ioel, de la Zaharia \u0219i to\u021bi ceilal\u021bi \u0219i a predicat \u00eentr-un fel \u00een care ei nu mai auziser\u0103 niciodat\u0103 \u00eenainte, \u0219i nu au \u00een\u021beles c\u0103 se aplic\u0103 \u00een felul acela.<\/p>\n\n\n\n<p>Pentru ei nu avea nici un sens felul cum Isus prezenta Cuv\u00e2ntul, deoarece \u00cel prezenta total diferit de \u00een\u021belegerea lor intelectual\u0103. Apoi a venit apostolul Pavel \u0219i a f\u0103cut acela\u0219i lucru cu Scripturile pe care le citim. Pentru noi este greu s\u0103 ne \u00eentoarcem \u0219i s\u0103 g\u00e2ndim ca un evreu. Noi nu am g\u00e2ndit niciodat\u0103 ca un evreu, dar dac\u0103 am putea s\u0103 ne \u00eentoarcem \u0219i s\u0103 g\u00e2ndim ca un evreu \u0219i l-am asculta pe Pavel, atunci ne-ar dobor\u00ee toat\u0103 \u00een\u021belegerea noastr\u0103 \u0219i ar strica tot ce am \u00eenv\u0103\u021bat. \u0218i eu v\u0103 spun c\u0103 profetul lui Dumnezeu din zilele noastre, a f\u0103cut acela\u0219i lucru cu \u00een\u021belegerea denomina\u021bional\u0103 a Cuv\u00e2ntului. Astfel, c\u00e2nd Cuv\u00e2ntul ajunge la \u00cemplinire, \u00eemplinirea Lui este \u00eentotdeauna diferit\u0103 de \u00een\u021belegerea umanist\u0103 care este capabil\u0103 doar s\u0103 citeasc\u0103 cuvinte \u0219i s\u0103 \u00een\u021beleag\u0103 limbajul.<\/p>\n\n\n\n<p>C\u00e2nd a venit Isus, a sf\u00e2\u0219iat aceasta \u00een buc\u0103\u021bi; c\u00e2nd a venit Pavel, a sf\u00e2\u0219iat aceasta \u00een buc\u0103\u021bi, \u0219i c\u00e2nd a venit fratele Branham a sf\u00e2\u0219iat aceasta \u00een buc\u0103\u021bi. De aceea oamenii spun: \u201eEu nu am nevoie de altceva, vreau doar Biblia.\u201d Biblia este minunat\u0103 dac\u0103 ai ochi s\u0103 vezi \u0219i urechi s\u0103 auzi. Atunci vei fi bine, dar dac\u0103 cite\u0219ti a\u0219a cum au citit evreii Biblia c\u00e2nd Isus a fost aici, vei fi la fel de pierdut ca evreii care L-au respins pe Isus pentru c\u0103 nu L-au vrut pe El, ci au vrut doar Biblia lor. Dar EL era Biblia lor!<\/p>\n\n\n\n<p>Noi am ajuns la sf\u00e2r\u0219itul timpului c\u00e2nd, prin mila Lui, Dumnezeu ne-a trimis un profet \u00een aceast\u0103 epoc\u0103 pentru a ne aduce interpretarea corect\u0103 a Cuv\u00e2ntului, astfel \u00eenc\u00e2t s\u0103 putem vedea Scripturile a\u0219a cum a vrut Dumnezeu s\u0103 fie v\u0103zute.<\/p>\n\n\n\n<p>Totu\u0219i, sunt oameni care au \u00eendr\u0103znit s\u0103 spun\u0103: \u201eEu nu vreau aceasta, eu vreau doar Biblia mea.\u201d Dar, prin aceasta te-ai pus exact unde erau evreii \u00een ziua c\u00e2nd a fost Isus aici, pentru c\u0103 acest Mesaj este Hristos. Pe mine m\u0103 deranjeaz\u0103&nbsp; c\u00e2nd aud asemenea afirma\u021bii pentru c\u0103 aceasta \u00eemi arat\u0103 c\u0103 acolo nu exist\u0103 nici o descoperire. Ceea ce m\u0103 doare mai mult dec\u00e2t orice, este c\u00e2nd credincio\u0219ii Mesajului iau acest fel de limbaj, \u0219i spun: \u201e\u0218tii, nu vreau s\u0103-l citez pe fratele Branham at\u00e2t de mult. Nu vreau s\u0103 fac aceasta, ci vreau s\u0103 r\u0103m\u00e2n doar cu Biblia.\u201d<\/p>\n\n\n\n<p>Fratele Branham a stat cu Biblia. Crede\u021bi c\u0103 a spus ceva diferit de Biblie? Care este descoperirea ta cu privire la ce este Mesajul? Fratele Branham a spus c\u0103 nu putem separa niciodat\u0103 mesagerul de Mesajul lui, a\u0219a c\u0103 nu m\u0103 deranjeaz\u0103 s\u0103 trec pe cineva prin Scriptur\u0103, nu am nici o problem\u0103 cu aceasta. Dar nu cred c\u0103 este corect s\u0103 ne fie fric\u0103 s\u0103 primim mesagerul trimis de Dumnezeu \u00een zilele noastre ca s\u0103 ne dea acest Cuv\u00e2nt. Nu cred c\u0103 este corect. Orice autoritate ai avea, indiferent c\u00e2t de multe studii biblice faci, \u00een cele din urm\u0103 te vei bloca undeva, unde tu vezi o Scriptur\u0103 \u00een felul acesta iar altcineva ia aceea\u0219i Scriptur\u0103 \u0219i o vede altfel. Tu citezi acea Scriptur\u0103 \u0219i nu adaugi comentariul nim\u0103nui, ci doar \u00een\u021belegerea ta cu privire la acea Scriptur\u0103, iar la sf\u00e2r\u0219itul zilei vor fi dou\u0103 concluzii diferite. Aceasta \u00eenseamn\u0103 c\u0103 trebuie s\u0103 fie cineva care s\u0103 aib\u0103 autoritate s\u0103 spun\u0103: \u201eAceasta este interpretarea corect\u0103 a acelei Scripturi.\u201d<\/p>\n\n\n\n<p>Dac\u0103 nu ave\u021bi un profet legitimat, cine este capabil s\u0103 spun\u0103: \u201eAceasta este interpretarea corect\u0103 a acelui Cuv\u00e2nt.\u201d? Astfel, c\u00e2nd l\u0103s\u0103m Mesajul \u0219i mesagerul Mesajului \u0219i lu\u0103m doar Biblia, asculta\u021bi prieteni; tu nu vei merge mult pentru c\u0103 undeva de-a lungul liniei, vei fi blocat \u00eentr-un loc, de aceea singurul mod \u00een care po\u021bi avea dreptate cu privire la acea Scriptur\u0103, este dac\u0103 Dumnezeu a trimis un profet legitimat cu interpretarea corect\u0103 a acelei Scripturi. Dac\u0103 nu, atunci poate fi doar punctul t\u0103u de vedere versus punctul celorlal\u021bi de vedere; \u00een\u021belegerea ta versus \u00een\u021belegerea lor.<\/p>\n\n\n\n<p>Asculta\u021bi, dac\u0103 ai ajuns vreodat\u0103 la acele discu\u021bii, la un moment dat vei spune: \u201eHei, iat\u0103 cum \u0219tiu eu.\u201d Dar, de unde \u0219tii c\u0103 ai dreptate?<\/p>\n\n\n\n<p>\u0218i iat\u0103 cum \u0219tiu eu: \u201eDumnezeu a trimis un profet legitimat \u00een mod supranatural, astfel \u00eenc\u00e2t s\u0103 \u00een\u021beleg c\u0103 el este autoritatea trimis\u0103 de Dumnezeu cu privire a Cuv\u00e2ntul S\u0103u.\u201d<\/p>\n\n\n\n<p>Asculta\u021bi, dac\u0103 \u00eel punem deoparte pe acest profet, separat de Biblie, \u00eenseamn\u0103 c\u0103 ignor\u0103m legitimarea dat\u0103 de Dumnezeu. Privi\u021bi la efortul Lui: Dumnezeu a venit s\u0103 legitimeze slujba acestui om, a\u0219a c\u0103 nu-l&nbsp; arunca\u021bi pe acest om la o parte pentru c\u0103 Dumnezeu l-a legitimat pentru o nou\u0103 perioad\u0103 de timp pentru ca el s\u0103 aib\u0103 dreptul s\u0103 spun\u0103: \u201eAceasta este interpretarea corect\u0103 a Scripturii.\u201d<\/p>\n\n\n\n<p>A\u0219adar, noi vrem interpretarea corect\u0103 a Scripturii.&nbsp; F\u0103r\u0103 legitimarea unui profet, nu ave\u021bi autoritatea s\u0103 o face\u021bi. Aceasta este interpretarea corect\u0103 a Duhului! Noi trebuia s\u0103 avem un profet legitimat iar el a venit \u0219i a predicat Biblia diferit de oricine altcineva care a predicat-o vreodat\u0103, \u00een afar\u0103 de Pavel. El a venit \u0219i le-a f\u0103cut confesiunilor ceea ce le-a f\u0103cut Pavel evreilor l\u0103s\u00e2ndu-i total n\u0103uci\u021bi.<\/p>\n\n\n\n<p>Iat\u0103 cum o face fratele Branham: el ia Biblia \u0219i spune: \u201e\u0218ti\u021bi, Avraam \u0219i Sara, dup\u0103 vizita pe care au avut-o \u00een C\u00e2mpiile Mamre, au primit o schimbare a trupurilor lor.\u201d Cum ai putea spune a\u0219a ceva? Vom merge \u0219i vom citi \u00een continuare. \u0218ti\u021bi c\u0103 Sara avea cam optzeci de ani c\u00e2nd a mers \u00een Gherar, iar Regele din Gherar putea lua orice fecioar\u0103 voia \u0219i s\u0103 se c\u0103s\u0103toreasc\u0103 cu ea. Ce a f\u0103cut fratele Branham? A f\u0103cut la fel ca Pavel care a spus: \u201eVoi crede\u021bi c\u0103 sunte\u021bi copii ai lui Dumnezeu dup\u0103 trup. Bine, s\u0103 ne uit\u0103m la Isaac \u0219i Rebeca; s\u0103 privim la Iacov \u0219i Esau.\u201d Iar fratele Branham face exact acela\u0219i lucru.<\/p>\n\n\n\n<p>Eu am spus toate acestea pentru a v\u0103 ar\u0103ta c\u0103 fratele Branham a predicat \u00eentotdeauna Biblia, de aceea nu l\u0103sa\u021bi pe nimeni s\u0103 v\u0103 pun\u0103 vreodat\u0103 un alt g\u00e2nd \u00een minte. Fratele Branham a predicat \u00eentotdeauna Biblia, \u0219i pentru c\u0103 tu nu ai v\u0103zut-o \u00eenc\u0103, nu \u00eenseamn\u0103 c\u0103 nu este acolo. El a predicat \u00eentotdeauna Biblia!<\/p>\n\n\n\n<p>Dac\u0103 vei respecta aceast\u0103 slujb\u0103, Dumnezeu \u00ee\u021bi va deschide \u00een\u021belegerea Bibliei, dar dac\u0103 nu o respec\u021bi, nu vei vedea nimic. Unii se vor uita, se vor uita \u0219i vor spune: \u201eEu nu v\u0103d nimic; nu v\u0103d, nu \u00een\u021beleg,\u201d \u0219i aceasta pentru c\u0103 nu respec\u021bi ceea ce Dumnezeu a legitimat at\u00e2t de temeinic; nu onorezi ceea ce ne-a trimis Dumnezeu, ci respingi Cuv\u00e2ntul pe care El ni L-a trimis, care a fost Hristos. Tu nu vrei s\u0103-L \u00een\u021belegi pe Hristos, dar mai \u00eent\u00e2i trebuie s\u0103 ar\u0103\u021bi respect.<\/p>\n\n\n\n<p>Evreii L-au \u00eentrebat pe Isus:<\/p>\n\n\n\n<p><em>\u201eCe s\u0103 facem ca s\u0103 s\u0103v\u00e2r\u0219im lucr\u0103rile lui Dumnezeu?\u201d<\/em><\/p>\n\n\n\n<p><em>Isus le-a r\u0103spuns: \u201eLucrarea pe care o cere Dumnezeu, este aceasta: s\u0103 crede\u021bi \u00een Acela pe care L-a trimis El.\u201d <\/em>(Ioan 6. 28-29.)<\/p>\n\n\n\n<p>Dac\u0103 nu respecta\u021bi aceast\u0103 slujb\u0103, cum ve\u021bi primi Adev\u0103rul Cuv\u00e2ntului? Cum ve\u021bi primi ochi ca s\u0103 vede\u021bi \u0219i urechi ca s\u0103 auzi\u021bi? Acest lucru este valabil pentru fiecare.<\/p>\n\n\n\n<p>Fratele Branham a spus: \u201eTe pot ajuta numai dac\u0103 ai \u00eencredere \u00een mine.\u201d Dac\u0103 nu respec\u021bi slujba, nu respec\u021bi p\u0103storul, vei sta \u00een biseric\u0103 \u0219i vei spune: \u201eNu \u00een\u021beleg despre ce vorbe\u0219te. Nu \u00een\u021beleg ce vorbe\u0219te.\u201d Respecta\u021bi sau nu respecta\u021bi darul pe care Dumnezeu l-a pus acolo? Dac\u0103 nu-l respecta\u021bi, nu ve\u021bi \u00een\u021belege nimic. Cei din jur vor striga \u201eAmin,\u201d \u0219i \u201eAleluia,\u201d iar tu vei sta acolo \u0219i vei spune: \u201eCum de eu nu \u00een\u021beleg ce spune?\u201d Pentru c\u0103 trebuie s\u0103 respec\u021bi slujba unui profet pentru a primi \u00een\u021belegerea \u0219i descoperirea dat\u0103 de Dumnezeu prin acel profet. Amin.<\/p>\n\n\n\n<p>S\u0103 citim din Evrei 6.13:<\/p>\n\n\n\n<p><em>\u201eDumnezeu, c\u00e2nd a dat lui Avraam f\u0103g\u0103duin\u021ba, fiindc\u0103 nu putea s\u0103 Se jure pe unul mai mare dec\u00e2t El, S-a jurat pe Sine \u00eensu\u0219i.\u201d<\/em><\/p>\n\n\n\n<p>Laud\u0103 lui Dumnezeu!&nbsp; S\u0103 ne g\u00e2ndim la aceasta un moment: \u201e<em>C\u00e2nd Dumnezeu a dat f\u0103g\u0103duin\u021ba lui Avraam<\/em>&#8230;\u201d Vreau s\u0103 v\u0103 \u00eentreb: \u201eC<em>\u00e2nd Dumnezeu i-a dat f\u0103g\u0103duin\u021ba lui Avraam<\/em>&#8230;\u201d unde este f\u0103g\u0103duin\u021ba ta? Unde este f\u0103g\u0103duin\u021ba pentru tine? F\u0103g\u0103duin\u021ba ta este chiar ceea ce a f\u0103g\u0103duit lui Avraam. \u021ai-a f\u0103g\u0103duit c\u0103 vei fi mo\u0219tenitorul lumii pentru c\u0103 toate f\u0103g\u0103duin\u021bele date lui Avraam sunt \u0219i pentru S\u0103m\u00e2n\u021ba lui Avraam.<\/p>\n\n\n\n<p>C\u00e2nd i-a f\u0103cut o promisiune lui Avraam, se aplic\u0103 \u0219i Semin\u021bei lui Avraam, \u0219i mi se aplic\u0103 \u0219i mie. \u201e<em>Fiindc\u0103 nu putea s\u0103 Se jure pe unul mai mare dec\u00e2t El, S-a jurat pe Sine \u00eensu\u0219i<\/em>.\u201d Dumnezeu a jurat pe Sine \u00eensu\u0219i c\u0103 va confirma f\u0103g\u0103duin\u021ba mea, c\u0103 o va respecta \u0219i o va sus\u021bine. A jurat pe Cel mai mare pe care S-ar fi putut jura; S-a jurat pe El \u00eensu\u0219i pentru c\u0103 nu exista cineva mai mare ca El.<\/p>\n\n\n\n<p>\u00cen versetul 14, El a spus:<\/p>\n\n\n\n<p>\u201e<em>Cu adev\u0103rat te voi binecuv\u00e2nta, \u0219i \u00ee\u021bi voi \u00eenmul\u021bi foarte mult s\u0103m\u00e2n\u021ba.\u201d<\/em><\/p>\n\n\n\n<p><em>\u0218i astfel, fiindc\u0103 a a\u0219teptat cu r\u0103bdare, a ob\u021binut f\u0103g\u0103duin\u021ba.\u201d (<\/em>vers. 15.)<\/p>\n\n\n\n<p>Deci, jur\u0103m\u00e2ntul pune cap\u0103t oric\u0103rei ne\u00een\u021belegeri, nu mai este nici o disput\u0103 pentru c\u0103 s-a stabilit. F\u0103g\u0103duin\u021ba dat\u0103 lui Avraam \u0219i Semin\u021bei lui, a fost stabilit\u0103 prin&nbsp; acest jur\u0103m\u00e2nt. O f\u0103g\u0103duin\u021b\u0103 dat\u0103 de Dumnezeu care este Cuv\u00e2ntul S\u0103u, \u0219i este stabilit\u0103 printr-un jur\u0103m\u00e2nt, \u00eenseamn\u0103 c\u0103 El S-a obligat prin jur\u0103m\u00e2ntul S\u0103u s\u0103 \u00eemplineasc\u0103 acea f\u0103g\u0103duin\u021b\u0103.<\/p>\n\n\n\n<p>\u201e<em>Oamenii, ce-i drept, obi\u0219nuiesc s\u0103 jure pe cineva mai mare; jur\u0103m\u00e2ntul este o chez\u0103\u0219ie, care pune cap\u0103t oric\u0103rei ne\u00een\u021belegeri dintre ei.<\/em><\/p>\n\n\n\n<p><em>De aceea, \u0219i Dumnezeu, fiindc\u0103 voia s\u0103 dovedeasc\u0103 cu mai mult\u0103 t\u0103rie mo\u0219tenitorilor f\u0103g\u0103duin\u021bei nestr\u0103mutarea hot\u0103r\u00e2rii Lui, a venit cu un jur\u0103m\u00e2nt;<\/em><\/p>\n\n\n\n<p><a><em>Pentru ca prin dou\u0103 lucruri care nu se pot schimba, \u0219i \u00een care este cu neputin\u021b\u0103 ca Dumnezeu s\u0103 mint\u0103, s\u0103 g\u0103sim o puternic\u0103 m\u00e2ng\u00e2iere noi, a c\u0103ror sc\u0103pare a fost s\u0103 apuc\u0103m n\u0103dejdea care ne era pus\u0103 \u00eenainte.\u201d <\/em><\/a><em>(Evrei 6.16-18.)<\/em><\/p>\n\n\n\n<p>Ce \u00eenseamn\u0103: \u201e&#8230;<em>care nu se pot schimba<\/em>&#8230;\u201d? C\u0103 este imposibil s\u0103 se schimbe. Este neschimb\u0103tor. \u201e<em>Pentru ca prin dou\u0103 lucruri care nu se pot schimba, \u0219i \u00een care este cu neputin\u021b\u0103 ca Dumnezeu s\u0103 mint\u0103, s\u0103 g\u0103sim o puternic\u0103 m\u00e2ng\u00e2iere noi, a c\u0103ror sc\u0103pare a fost s\u0103 apuc\u0103m n\u0103dejdea care ne era pus\u0103 \u00eenainte.\u201d <\/em>Pavel r\u0103m\u00e2ne acum la lucrul pe care tocmai l-am citit \u0219i pe care vreau s\u0103-l citesc din nou: \u201e<em>Pentru ca prin dou\u0103 lucruri care nu se pot schimba, \u0219i \u00een care este cu neputin\u021b\u0103 ca Dumnezeu s\u0103 mint\u0103, s\u0103 g\u0103sim o puternic\u0103 m\u00e2ng\u00e2iere noi&#8230;\u201d <\/em>Pavel a \u00eenceput s\u0103 spun\u0103 c\u0103 Dumnezeu i-a dat lui Avraam o f\u0103g\u0103duin\u021b\u0103, apoi el vorbe\u0219te despre \u201e<em>m\u00e2ng\u00e2ierea noastr\u0103\u201d,<\/em> deoarece m\u00e2ng\u00e2ierea noastr\u0103 este \u00een f\u0103g\u0103duin\u021ba lui Avraam.<\/p>\n\n\n\n<p>F\u0103g\u0103duin\u021ba lui Avraam a venit la noi conform cuvintelor lui Pavel, care \u00eencepe s\u0103 spun\u0103 c\u0103: \u201eatunci c\u00e2nd Dumnezeu a f\u0103cut o f\u0103g\u0103duin\u021b\u0103 lui Avraam&#8230;\u201d Acum, Pavel vorbe\u0219te despre Cuv\u00e2ntul lui Dumnezeu \u0219i jur\u0103m\u00e2ntul S\u0103u \u0219i spune c\u0103 acesta este asigurarea noastr\u0103:<\/p>\n\n\n\n<p>\u201e&#8230;<em>o puternic\u0103 m\u00e2ng\u00e2iere pentru noi, a c\u0103ror sc\u0103pare a fost s\u0103 apuc\u0103m n\u0103dejdea care ne era pus\u0103 \u00eenainte,<\/em><\/p>\n\n\n\n<p><em>pe care o avem ca o ancor\u0103 a sufletului; o n\u0103dejde tare \u0219i neclintit\u0103 care p\u0103trunde dincolo de perdeaua dinl\u0103untrul Templului,<\/em><\/p>\n\n\n\n<p><em>unde Isus a intrat pentru noi, ca \u00eenainte merg\u0103tor, c\u00e2nd a fost f\u0103cut \u201eMare Preot dup\u0103 r\u00e2nduiala lui Melhisedec.\u201d <\/em>(vers. 18-20.) Amin.<\/p>\n\n\n\n<p>Pavel ne spune c\u0103 atunci c\u00e2nd Dumnezeu a f\u0103g\u0103duit aceasta Semin\u021bei lui Avraam \u0219i care vine \u0219i la noi, pentru c\u0103 nu putea s\u0103 Se jure pe unul mai mare ca El, a jurat pe Sine \u00eensu\u0219i. Aceasta \u00eenseamn\u0103 c\u0103 dac\u0103 f\u0103g\u0103duin\u021ba lui Dumnezeu nu ar veni asupra ta, Dumnezeu ar trebui s\u0103 Se distrug\u0103 pe Sine. Dar Dumnezeu nu poate fi distrus, Dumnezeu nu poate disp\u0103rea, a\u0219a c\u0103 Dumnezeu nu Se poate schimba. Aceasta \u00eenseamn\u0103 c\u0103 tu e\u0219ti at\u00e2t de sigur de f\u0103g\u0103duin\u021ba Lui, pe c\u00e2t este de sigur c\u0103 Dumnezeu a dat-o \u0219i aceasta nu se poate schimba.<\/p>\n\n\n\n<p>C\u00e2nd tu faci o depunere sau devii un garant pentru cineva, sau semnezi pentru ceva, promi\u021bi c\u0103, dac\u0103 el nu poate pl\u0103ti, \u00ee\u021bi asumi obliga\u021bia c\u0103 vei pl\u0103ti tu.<\/p>\n\n\n\n<p>Sigur, Dumnezeu, pentru c\u0103 nu putea jura pe altcineva, a jurat pe Sine \u00eensu\u0219i, de aceea promisiunea nu poate disp\u0103rea at\u00e2ta timp c\u00e2t exist\u0103 Dumnezeu. Ar trebui ca Dumnezeu s\u0103 \u00eenceteze s\u0103 existe pentru ca promisiunea f\u0103cut\u0103 lui Avraam s\u0103 dispar\u0103. At\u00e2t este de sigur\u0103 f\u0103g\u0103duin\u021ba pentru tine.<\/p>\n\n\n\n<p>Prieteni, El nu Se schimb\u0103, El este neschimb\u0103tor; El nu poate disp\u0103rea, nu merge nic\u0103ieri \u0219i eu sunt sub f\u0103g\u0103duin\u021ba c\u0103 voi fi un binecuv\u00e2ntat. \u0218i tot ce a binecuv\u00e2ntat acest Cuv\u00e2nt manifestat, va fi binecuv\u00e2ntat; \u0219i tot ce a blestemat, va fi blestemat. De ce? Pentru c\u0103 este manifestarea Cuv\u00e2ntului lui Dumnezeu care coboar\u0103 prin&#8230; este Cartea Vie\u021bii Mielului. Amin.<\/p>\n\n\n\n<p>Vreau s\u0103 citesc ceva din <strong>Epoca Bisericii Smirna<\/strong>, din cartea <strong>Epocile Bisericii. <\/strong>Profetul lui Dumnezeu spune:<\/p>\n\n\n\n<p>\u201eC<em>onform Romani 8.16, afl\u0103m c\u0103 Dumnezeu a dat o f\u0103g\u0103duin\u021b\u0103 sigur\u0103 \u00eentregii Semin\u021be a lui Avraam, iar Pavel se pune pe sine \u0219i pe to\u021bi credincio\u0219ii sub aceast\u0103 denumire, pentru c\u0103 spune: \u201eAvraam care este p\u0103rintele nostru, al tuturor.\u201d Apoi continu\u0103 \u0219i nu numai c\u0103 \u00ee\u0219i restr\u00e2nge denumirea, ci mai degrab\u0103 o finalizeaz\u0103 pentru c\u0103 \u00een Galateni 3 identific\u0103 S\u0103m\u00e2n\u021ba (singular,) cu Isus \u0219i a socotit copiii S\u0103m\u00e2n\u021b\u0103, drept copii ai f\u0103g\u0103duin\u021bei, f\u0103g\u0103duin\u021b\u0103 care are de-a face cu alegerea, sunt ale\u0219ii lui Dumnezeu.\u201d Aceasta este exact ceea ce suntem noi. Cei care sunt din S\u0103m\u00e2n\u021ba \u00cemp\u0103r\u0103teasc\u0103, sunt ale\u0219ii lui Dumnezeu, sunt cei predestina\u021bi, cunoscu\u021bi mai dinainte de Dumnezeu \u0219i erau \u00een mintea lui Dumnezeu, \u00een g\u00e2ndurile lui Dumnezeu. \u00centr-un limbaj foarte simplu, adev\u0103rata Mireas\u0103 a lui Hristos era ve\u0219nic \u00een mintea lui Dumnezeu, de\u0219i nu a fost exprimat\u0103 p\u00e2n\u0103 c\u00e2nd a ap\u0103rut la vremea hot\u0103r\u00e2t\u0103; pe m\u0103sur\u0103 ce a venit fiecare m\u0103dular care a fost exprimat \u0219i \u0219i-a ocupat locul \u00een \u00cemp\u0103r\u0103\u021bie.<\/em><\/p>\n\n\n\n<p><em>Astfel, aceast\u0103 Mireas\u0103, este Mireasa Semin\u021bei Cuv\u00e2ntului vorbit literal, \u0219i cu toate c\u0103 este feminin\u0103 \u00een denumire, ea este numit\u0103 \u0219i Trupul lui Hristos. Este foarte clar c\u0103 ea trebuie s\u0103 fie denumit\u0103 a\u0219a pentru c\u0103 a fost predestinat\u0103 \u00een El, a venit din aceea\u0219i surs\u0103, a fost ve\u0219nic cu El iar acum \u00cel manifest\u0103 pe Dumnezeu \u00eentr-un Trup cu mai multe m\u0103dulare; dup\u0103 cum odat\u0103, Dumnezeu a fost manifestat \u00eentr-un singur m\u0103dular, \u00een Domnul nostru Isus Hristos. Amin.\u201d<\/em><\/p>\n\n\n\n<p>Voi \u00eencerca s\u0103 explic ce este \u00een inima mea.<\/p>\n\n\n\n<p>Prin Vechiul Testament, Dumnezeu a reconstituit capodopera Lui c\u0103zut\u0103 \u00een Eden. \u00cen aceast\u0103 capodoper\u0103, El a trebuit mai \u00eent\u00e2i s\u0103 aduc\u0103 omul c\u0103zut \u00eenapoi, a\u0219a c\u0103 a trebuit s\u0103-l ia pe al doilea Adam prin care l-a restaurat pe omul c\u0103zut.<\/p>\n\n\n\n<p>Astfel, El a \u00eenceput s\u0103 lucreze \u0219i a venit prin Vechiul Testament \u0219i a reconstruit imaginea omului dar nu a folosit un singur tip, ci l-a folosit pe Moise, i-a folosit pe judec\u0103tori, pe David \u0219i pe to\u021bi ceilal\u021bi; de aceea po\u021bi s\u0103 te \u00eentorci la acele povestiri \u0219i po\u021bi s\u0103 g\u0103se\u0219ti \u00een ele Noul Testament. De ce? Pentru c\u0103 El reconstruie\u0219te imaginea omului.<\/p>\n\n\n\n<p>Asculta\u021bi, c\u00e2nd Dumnezeu l-a creat prima dat\u0103 pe Adam, l-a creat sub form\u0103 de duh \u0219i \u00een aceast\u0103 form\u0103 spiritual\u0103, el avea at\u00e2t partea b\u0103rb\u0103teasc\u0103 c\u00e2t \u0219i partea femeiasc\u0103. Noi privim la aceasta de multe ori \u0219i spunem: \u201eDa, Adam era b\u0103rbat \u0219i femeie,\u201d dar \u00ee\u021bi dai seama ce f\u0103cea Dumnezeu? El demonstra Pecetea a \u0219aptea. El \u00eencerca s\u0103 ne ajute s\u0103 \u00een\u021belegem restul Bibliei atunci c\u00e2nd S-a manifestat Hristos.<\/p>\n\n\n\n<p>Adam \u00een form\u0103 de duh, era parte b\u0103rb\u0103teasc\u0103 \u0219i parte femeiasc\u0103, apoi a fost luat \u0219i format \u00eentr-un trup material, din \u021b\u0103r\u00e2na p\u0103m\u00e2ntului, iar acea Via\u021b\u0103 a intrat \u00een acel trup, acela fiind un fiu al lui Dumnezeu, un fiu creat a lui Dumnezeu care avea \u00een el \u0219i atribute feminine.<\/p>\n\n\n\n<p>Asculta\u021bi, eu nu vreau s\u0103 spun c\u0103 Eva a fost \u00een Adam; nu este gre\u0219it s\u0103 spui \u00een felul acesta, dar \u00ee\u021bi aduce \u00een minte o imagine gre\u0219it\u0103. Partea feminin\u0103 a lui Adam se afla \u00een el, dar era Adam, singular, partea masculin\u0103 \u0219i partea feminin\u0103 \u00eempreun\u0103; el era unul singur \u0219i Dumnezeu a adus aceasta la exprimare la timpul potrivit. El a avut nevoie de un ajutor ca s\u0103 prefigureze ceva, voia s\u0103 arate ceva ce era \u00eentotdeauna \u00een mintea Lui \u0219i prefigura ceea ce avea s\u0103 fac\u0103 \u00een timp.<\/p>\n\n\n\n<p>Astfel, El a luat o parte din trupul lui Adam, Cuv\u00e2ntul, \u0219i a f\u0103cut femeia. El a desp\u0103r\u021bit acel duh feminin din el \u0219i l-a pus \u00een femeie. Nu Eva, ci duhul feminin al lui Adam l-a plasat \u00een acel vas, \u00een femeie, pe care l-a numit \u201eAdam\u201d, \u0219i acum, Adam era b\u0103rbat \u0219i femeie. A\u0219a c\u0103 am de g\u00e2nd s\u0103 spun aceasta \u00een felul cel mai simplu \u00een care pot.<\/p>\n\n\n\n<p>Dumnezeu nu l-a format pe Adam, apoi a format-o pe Eva, ci Dumnezeu l-a format pe Adam \u0219i prin Cuv\u00e2ntul lui Dumnezeu, Adam a devenit femeia Adam (fiind luat\u0103 din el). Prin mutarea f\u0103cut\u0103 de Dumnezeu, prin Duhul lui Dumnezeu \u0219i lucrarea Lui f\u0103cut\u0103 prin Cuv\u00e2ntul vorbit, Adam a devenit, femeia Adam, dar ea nu a primit nici un nume p\u00e2n\u0103 c\u00e2nd nu \u0219i-a p\u0103r\u0103sit so\u021bul \u0219i a comis adulter, doar atunci a primit numele Eva. \u00cenainte nu avea nevoie de un nume pentru c\u0103 numele ei era \u201eAdam,\u201d deoarece era expresia suplimentar\u0103 feminin\u0103 a lui Adam, era femeia Adam. Deci, mai \u00eent\u00e2i a fost Adam spiritual singur, masculin \u0219i feminin, apoi a fost b\u0103rbatul Adam \u0219i femeia Adam, uni\u021bi ca unul: Adam.<\/p>\n\n\n\n<p>A\u0219adar, Vechiul Testament \u00eel aduce \u00eenapoi pe Adam, dar ultimul Adam este din nou masculin \u0219i feminin. De aceea fratele Branham vorbe\u0219te at\u00e2t de clar \u00een acest sens pentru c\u0103 L-a putut vedea a\u0219ezat \u00een Geneza. El a spus despre Pecetea a \u0219aptea c\u0103 a fost&nbsp; vorbit\u0103 la \u00eenceput, este a\u0219ezat\u0103 chiar acolo, a\u0219a c\u0103 Mireasa a fost \u00een Isus Hristos la Calvar. El a fost lovit \u00een lateral, sub coast\u0103 de un duh, de unde au ie\u0219it afar\u0103 ingredientele pentru Mireasa Sa. Apoi, El S-a \u00eentors \u00een Duhul, \u00een ziua Cincizecimii \u0219i acea Mireas\u0103 a fost format\u0103 din Cuv\u00e2nt pentru c\u0103 El a fost Cuv\u00e2ntul f\u0103cut trup, \u0219i Via\u021ba lui Hristos, Via\u021ba Cuv\u00e2ntului, formeaz\u0103 acum Femeia.<\/p>\n\n\n\n<p>Deci, aceasta nu este Eva, ci este Isus Hristos care Se formeaz\u0103 \u00eentr-o Mireas\u0103. Acesta este Adev\u0103rul pe care \u00eel credem, sau nu-l credem, El este Adev\u0103rul pe care noi \u00eel credem.<\/p>\n\n\n\n<p>\u00cemi doresc s\u0103 am un limbaj mai bun, dar oricum, nu este nevoie de un limbaj, ci de descoperire pentru c\u0103 Dumnezeu reconstituie capodopera. El trimitea Via\u021ba lui Hristos jos, c\u00e2nd trimitea Cuv\u00e2ntul. Aminti\u021bi-v\u0103 c\u0103:<\/p>\n\n\n\n<p>&nbsp;\u201e<em>La \u00eenceput a fost Cuv\u00e2ntul, \u0219i Cuv\u00e2ntul era cu Dumnezeu, \u0219i Cuv\u00e2ntul era Dumnezeu.<\/em><\/p>\n\n\n\n<p><em>El era la \u00eenceput cu Dumnezeu, \u0219i \u00een El era Via\u021ba iar acea Via\u021b\u0103 era Lumina oamenilor.\u201d<\/em><\/p>\n\n\n\n<p>Noi am \u00een\u021beles c\u0103 Acesta era Cuv\u00e2ntul \u0219i pe m\u0103sur\u0103 ce Cuv\u00e2ntul a cobor\u00e2t ca s\u0103 exprime o por\u021biune din El \u00een fiecare epoc\u0103, acel Cuv\u00e2nt era Hristos care exprima reconstituirea capodoperei lui Dumnezeu, exprima Via\u021ba Cuv\u00e2ntului lui Dumnezeu care manifesta Cartea Vie\u021bii Mielului. Aceasta vine \u00een manifestare pas cu pas \u0219i toate acestea construiau chipul omului iar Via\u021ba era acolo. Apoi, toat\u0103 aceast\u0103 Via\u021b\u0103 s-a \u00eenvelit \u00eentr-un singur Vas c\u00e2nd Ioan a spus: \u201e<em>\u0219i Cuv\u00e2ntul s-a f\u0103cut trup \u0219i a locuit printre noi<\/em>.\u201d Cuv\u00e2ntul care a fost exprimat \u00een fiecare zi, acum este f\u0103cut trup.<\/p>\n\n\n\n<p>Fratele Branham a spus c\u0103 tu ai fost \u00een El c\u00e2nd a mers la Calvar. Dac\u0103 tu ai fost g\u00e2ndul lui Dumnezeu, acesta era Cuv\u00e2ntul, acea parte din g\u00e2ndul lui Dumnezeu care a devenit Cuv\u00e2ntul; \u0219i c\u00e2nd a ap\u0103rut acel Cuv\u00e2nt, a fost Hristos iar tu ai fost acolo pentru c\u0103 faci parte din Cuv\u00e2nt, \u0219i c\u00e2nd a fost exprimat, ai fost \u0219i tu acolo.<\/p>\n\n\n\n<p>Asculta\u021bi, fratele Branham a spus c\u0103 ai fost acolo c\u00e2nd Moise a deschis Marea Ro\u0219ie. Nu am to\u021bi termenii corec\u021bi, dar ai fost acolo c\u00e2nd el a f\u0103cut aceasta. De ce? Pentru c\u0103 Via\u021ba acelui Cuv\u00e2nt este acum \u00een mine; Via\u021ba care a fost acolo atunci, este acum aici, deci, eu eram acolo. \u201e\u00ce\u021bi aminte\u0219ti aceasta?\u201d Nu \u0219tiu, eu nu pot s\u0103 v\u0103 spun detaliile, nu \u0219tiu ce culoare purta Moise c\u00e2nd s-a ridicat, a \u00eentins toiagul \u0219i a desp\u0103r\u021bit Marea Ro\u0219ie, dar \u00een mine este Ceva care atunci era acolo. De aceea pot primi Cuv\u00e2ntul.<\/p>\n\n\n\n<p>Permite\u021bi-mi s\u0103 m\u0103 \u00eentorc la Vechiul Testament: Noe L-a exprimat; Moise L-a exprimat; judec\u0103torii L-au exprimat. Pe cine au exprimat ei? Pe Hristos! El Se manifest\u0103, El este Cuv\u00e2ntul manifestat, Hristos care devine manifest, este S\u0103m\u00e2n\u021ba lui Avraam care se mi\u0219c\u0103 \u00een jos prin ea; este manifestarea C\u0103r\u021bii Vie\u021bii Mielului. Sunt toate acele lucruri care au ap\u0103rut \u0219i L-au format pe Hristos. \u00cemplinirea tuturor a fost c\u00e2nd El a cobor\u00e2t \u00een toat\u0103 plin\u0103tatea; \u0219i acum nu mai era o parte, ci era toat\u0103 plin\u0103tatea iar noi am fost acolo.<\/p>\n\n\n\n<p>C\u00e2nd venim \u00een Noul Testament \u00eencep\u00e2nd cu primul secol, apoi celelalte epoci, ce face prin toate acestea? Construie\u0219te imaginea unei Mirese. Dar are o Via\u021b\u0103 diferit\u0103 sau aceea\u0219i Via\u021b\u0103? Este un Cuv\u00e2nt diferit sub o alt\u0103 f\u0103g\u0103duin\u021b\u0103 sau este acela\u0219i Cuv\u00e2nt cu aceea\u0219i f\u0103g\u0103duin\u021b\u0103? Dac\u0103 eu sunt acolo, El este aici. Deci, acum acea S\u0103m\u00e2n\u021b\u0103 coboar\u0103 cu promisiunea lui Avraam \u0219i se mi\u0219c\u0103 \u00een jos prin aceea\u0219i Via\u021b\u0103. Acela\u0219i Cuv\u00e2nt care a fost \u00een g\u00e2ndul lui Dumnezeu \u0219i a fost rostit, Cuv\u00e2ntul care a fost cu Dumnezeu, Cuv\u00e2ntul care a fost Dumnezeu, acel Cuv\u00e2nt vine acum la exprimare \u00een epocile bisericii, \u0219i \u00een sf\u00e2r\u0219it, se \u00eentoarce pentru a fi descoperit\u0103 din nou plin\u0103tatea Vie\u021bii lui Hristos care se \u00eentoarce \u00eenapoi. Dar nu se \u00eentoarce \u00een aceea\u0219i imagine fizic\u0103 la fel ca atunci c\u00e2nd a cobor\u00e2t Piatra de v\u00e2rf acolo, ci Aceasta este C\u0103petenia Hristos, \u00eentoarcerea plin\u0103t\u0103\u021bii Cuv\u00e2ntului cu plin\u0103tatea Vie\u021bii \u00een imaginea unei Mirese din mai multe m\u0103dulare.<\/p>\n\n\n\n<p>De-a lungul epocilor bisericii, a fost Hristos care se forma pe El \u00eensu\u0219i \u00een imaginea unei Mirese. De ce explici toate acestea, frate Chad? Pentru c\u0103 \u00een orice loc \u00een care este exprimat Hristos, credem c\u0103 este Hristos. Sunt pe deplin convins c\u0103 El era Cuv\u00e2ntul, iar Hristos era Cuv\u00e2ntul uns \u0219i manifestat pentru acea zi, a\u0219a c\u0103 \u00een fiecare zi, a fost Cuv\u00e2ntul manifestat la timpul prezent. A fost Hristos! \u00cen ordine.<\/p>\n\n\n\n<p>Hristos este Cuv\u00e2ntul care este Via\u021ba \u0219i Lumina oamenilor, \u0219i acel Cuv\u00e2nt era acolo pentru a te binecuv\u00e2nta dac\u0103 \u00eel prime\u0219ti \u0219i pentru a te blestema dac\u0103 \u00eel respingi. To\u021bi cei care au f\u0103cut parte din acea Via\u021b\u0103, au recunoscut-o, au devenit una cu Ea \u0219i au fost exprimarea acelei Vie\u021bi.<\/p>\n\n\n\n<p>Astfel, vedem c\u0103 nu a fost numai Adam, apoi a fost Eva, ci a fost Adam \u0219i Adam; astfel, nu este Hristos \u0219i Mireasa, ci este Hristos \u0219i Hristos. De aceea, a respinge mesajul lui Luther, a \u00eensemnat s\u0103 respingi Via\u021ba din ziua aceea pentru c\u0103 mesajul lui Luther a fost Hristos, Cuv\u00e2ntul uns \u0219i manifestat pentru acea zi. A\u0219adar, \u00eentotdeauna se \u00eentoarce acela\u0219i lucru iar \u0219i iar \u0219i iar. De aceea, \u00een <strong>Epoca bisericii Smirna<\/strong>, fratele Branham a spus:<\/p>\n\n\n\n<p>\u201e<em>Fiecare a ap\u0103rut la timpul hot\u0103r\u00e2t, a\u0219a c\u0103 fiecare m\u0103dular a ap\u0103rut, a fost exprimat \u0219i \u0219i-a luat locul \u00een trup, astfel Mireasa este Mireasa Semin\u021bei Cuv\u00e2ntului vorbit literal \u0219i de\u0219i este feminin\u0103 \u00een denumire, ea este numit\u0103 \u0219i Trupul lui Hristos. Este evident c\u0103 trebuie numit\u0103 a\u0219a pentru c\u0103 a fost predestinat\u0103 \u00een El, vine din aceea\u0219i Surs\u0103, a fost ve\u0219nic cu El \u0219i acum \u00cel manifest\u0103 pe Dumnezeu \u00eentr-un trup cu mai multe m\u0103dulare, dup\u0103 cum odat\u0103 Dumnezeu a fost manifestat \u00eentr-un singur m\u0103dular, chiar \u00een Domnul nostru Isus Hristos.\u201d<\/em><\/p>\n\n\n\n<p>S\u0103 mergem la Evrei 2.10:<\/p>\n\n\n\n<p>\u201e<a><em>Se cuvenea, \u00een adev\u0103r, ca Acela pentru care \u0219i prin care sunt toate..<\/em>.\u201d <\/a>Cine este Acela? Cuv\u00e2ntul! Corect.<\/p>\n\n\n\n<p>Dac\u0103 te \u00eentorci la Ioan 1.1: \u201e<em>La \u00eenceput era Cuv\u00e2ntul \u0219i Cuv\u00e2ntul era cu Dumnezeu \u0219i Cuv\u00e2ntul era Dumnezeu<\/em>.\u201d, vedem c\u0103<em>: \u201etoate lucrurile au fost f\u0103cute prin El, \u0219i nimic din ce a fost f\u0103cut, nu a fost f\u0103cut f\u0103r\u0103 El.<\/em>\u201d Am \u00cen\u021beles?<\/p>\n\n\n\n<p>S\u0103 mergem mai departe: \u201e<em>Se cuvenea, \u00een adev\u0103r, ca Acela pentru care \u0219i prin care sunt toate..<\/em>.\u201d Acela este Cuv\u00e2ntul! \u201e&#8230;<em>\u0219i care voia s\u0103 duc\u0103 pe mul\u021bi fii la slav\u0103, s\u0103 des\u0103v\u00e2r\u0219easc\u0103, prin suferin\u021be, pe C\u0103petenia m\u00e2ntuirii lor.<\/em><\/p>\n\n\n\n<p><em>C\u0103ci Cel ce sfin\u021be\u0219te \u0219i cei ce sunt sfin\u021bi\u021bi, sunt to\u021bi unul.\u201d<\/em><\/p>\n\n\n\n<p>Deci, Cel care sfin\u021be\u0219te, \u0219i voi, care sunte\u021bi sfin\u021bi\u021bi, to\u021bi sunte\u021bi ai lui Hristos, to\u021bi sunte\u021bi parte din El, \u201e<em>de aceea Lui nu-I este ru\u0219ine s\u0103-i numeasc\u0103 \u201efra\u021bi.<\/em>\u201d<\/p>\n\n\n\n<p>\u201e<em>C\u0103ci negre\u0219it, nu \u00een ajutorul \u00eengerilor vine El, ci \u00een ajutorul Semin\u021bei lui Avraam.\u201d <\/em>(vers.16.)<\/p>\n\n\n\n<p>Laud\u0103 lui Dumnezeu! M\u0103 voi opri aici. Este prea mult, dar vreau s\u0103 mai spun ceva: nu rata\u021bi ceea ce face Dumnezeu! Nu rata promisiunea care este \u00een via\u021ba ta!<\/p>\n\n\n\n<p>Ascult\u0103, promisiunea care a fost \u00een via\u021ba lui Iacov, a fost promisiunea lui Avraam care a venit la Iacov. Iacov se uita la gre\u0219elile lui, la e\u0219ecurile \u0219i la deficien\u021bele lui \u0219i \u0219tia c\u0103 nu putea s\u0103 primeasc\u0103 promisiunea. Dar am v\u0103zut c\u0103 aceasta nu depindea de gre\u0219elile lui, de e\u0219ecurile lui \u0219i de defectele lui, ci s-a bazat pe cuno\u0219tin\u021ba mai dinainte a lui Dumnezeu, pe alegerea lui Dumnezeu; a\u0219a c\u0103, atunci c\u00e2nd Dumnezeu l-a chemat, i-a schimbat numele din Iacov, \u00een Israel, iar Israel a devenit o binecuv\u00e2ntare pentru toate na\u021biunile.<\/p>\n\n\n\n<p>El a fost aici ca s\u0103-L arate pe Hristos, el trebuia s\u0103 manifeste Cuv\u00e2ntul care este binecuv\u00e2ntarea tuturor.<\/p>\n\n\n\n<p>Astfel, acum venim la alegerea na\u021biunilor str\u0103ine de Dumnezeu, care nu erau carnea lui Iacov, dar era o alegere special\u0103 pentru c\u0103 era sfatul mai dinainte al lui Dumnezeu; era o carne \u00een care se afla Via\u021ba care \u00cel va manifesta pe Dumnezeu. C\u00e2nd vine vorba despre noi, carnea nu este special\u0103 dar este r\u00e2nduit\u0103 de Dumnezeu \u00eenainte de \u00eentemeierea lumii, pentru a ad\u0103posti o Via\u021b\u0103 care va fi \u00eent\u0103rit\u0103 de Duhul lui Dumnezeu.<\/p>\n\n\n\n<p>Aceast\u0103 manifestare va fi o manifestare a Cuv\u00e2ntului uns pentru aceast\u0103 zi \u0219i ea este aici pentru a fi o binecuv\u00e2ntare, pentru a fi o parte a Semin\u021bei lui Avraam \u0219i pentru a primi f\u0103g\u0103duin\u021bele lui Dumnezeu. Astfel, \u00een\u021belegem c\u0103 acum vine o S\u0103m\u00e2n\u021b\u0103 a lui Avraam care vorbe\u0219te despre Cartea Vie\u021bii Mielului care este aici pentru a fi o binecuv\u00e2ntare.<\/p>\n\n\n\n<p>Aminti\u021bi-v\u0103 c\u0103 miercuri am vorbit c\u0103 cei din jurul acelei Vie\u021bi, care au binecuv\u00e2ntarea acelei Vie\u021bi, f\u0103ceau parte din Cartea Vie\u021bii \u0219i au primit Via\u021b\u0103. De ce? Pentru c\u0103 acea Via\u021b\u0103 era o binecuv\u00e2ntare. Dar cei care au blestemat acea Via\u021b\u0103, au fost blestema\u021bi la judecata de la tronul alb. V\u0103 aminti\u021bi de judecata de la tronul alb din Matei 25? C\u00e2nd Dumnezei \u00eei desparte a\u0219a cum desparte un p\u0103stor oile de capre, \u0219i le zice oilor sau celor din dreapta: \u201ePentru c\u0103 Mi-a\u021bi dat s\u0103 m\u0103n\u00e2nc c\u00e2nd am fost fl\u0103m\u00e2nd; M-a\u021bi \u00eembr\u0103cat c\u00e2nd eram gol; M-a\u021bi ajutat c\u00e2nd eram s\u0103rac; M-a\u021bi vizitat c\u00e2nd eram la \u00eenchisoare.\u201d \u0218i ei au \u00eentrebat: \u201eDoamne, c\u00e2nd am f\u0103cut noi toate acestea?\u201d \u201eC\u00e2nd a\u021bi f\u0103cut-o Semin\u021bei lui Avraam.\u201d Frate Chad, citezi gre\u0219it Scriptura.\u201d Eu spun acest lucru: \u201eC\u00e2nd a\u021bi f\u0103cut aceasta Semin\u021bei lui Avraam, Mie Mi-a\u021bi f\u0103cut.\u201d<\/p>\n\n\n\n<p>Celor din st\u00e2nga, le va zice: \u201ePentru c\u0103 nu M-a\u021bi hr\u0103nit, nu a\u021bi f\u0103cut aceasta \u0219i cealalt\u0103, merge\u021bi \u00een os\u00e2nda ve\u0219nic\u0103.\u201d \u201eDoamne, c\u00e2nd Te-am v\u0103zut \u0219i nu Te-am ajutat?\u201d \u0218i El le va r\u0103spunde: \u201eNu a\u021bi f\u0103cut-o atunci c\u00e2nd nu a\u021bi ajutat nici m\u0103car una din acele Semin\u021be ale lui Avraam, Mie nu Mi-a\u021bi f\u0103cut.\u201d Aceasta este scena judec\u0103\u021bii de la tronul alb.<\/p>\n\n\n\n<p>Astfel, pot s\u0103 v\u0103d c\u0103 acea binecuv\u00e2ntare este la fel de sigur\u0103 ca Dumnezeu. Este sigur\u0103 pentru c\u0103 Dumnezeu a confirmat-o printr-un jur\u0103m\u00e2nt \u0219i o va sus\u021bine la judecata de la tronul alb. Noi suntem aici, aceast\u0103 manifestare a Cuv\u00e2ntului este aici pentru a fi o binecuv\u00e2ntare. Dac\u0103 aduce blestem, atunci este pentru cineva care a refuzat. \u201eL-am ur\u00e2t, nu l-am iubit.\u201d<\/p>\n\n\n\n<p>Avraam era o binecuv\u00e2ntare, a\u0219a c\u0103 el a devenit o binecuv\u00e2ntare pentru cei care l-au primit, dar pentru cei care l-au blestemat sau i-au gre\u0219it cu ceva, a devenit un blestem.<\/p>\n\n\n\n<p>A\u0219adar, Avraam a devenit o binecuv\u00e2ntare pentru cei ce l-au binecuv\u00e2ntat \u0219i aceea\u0219i f\u0103g\u0103duin\u021b\u0103 coboar\u0103 \u0219i peste S\u0103m\u00e2n\u021ba lui Avraam care este pe acest p\u0103m\u00e2nt. Atunci c\u00e2nd S\u0103m\u00e2n\u021ba lui Avraam nu va mai exista pe p\u0103m\u00e2nt, va fi un lucru r\u0103u pentru lumea aceasta. Dar noi suntem aici cu o f\u0103g\u0103duin\u021b\u0103 care este sigur\u0103, a\u0219a cum Dumnezeu este sigur.<\/p>\n\n\n\n<p>Eu vreau s\u0103-mi tr\u0103iesc via\u021ba sub f\u0103g\u0103duin\u021ba lui Avraam \u0219i sub binecuv\u00e2ntarea lui Avraam. Oh, sunt at\u00e2t de multe lucruri la care vreau s\u0103 ajung! Ruga\u021bi-v\u0103 pentru mine \u0219i ne vom \u00eentoarce miercuri. Nu cred c\u0103 vom \u00een\u021belege pe deplin c\u00e2t suntem de binecuv\u00e2nta\u021bi, sau poate c\u0103 \u00eencepem s\u0103 \u00een\u021belegem \u0219i poate c\u0103 odat\u0103 cu trecerea zilelor, vom primi o \u00een\u021belegere \u0219i mai mare, dar oh, a\u0219 vrea s\u0103 v\u0103d. A\u0219 vrea s\u0103 m\u0103 v\u0103d a\u0219a cum m\u0103 vede Dumnezeu, pentru c\u0103 atunci nu m-a\u0219 mai lupta niciodat\u0103; atunci a\u0219 putea vedea c\u00e2t este de sigur\u0103 pozi\u021bia noastr\u0103, c\u00e2t este de sigur\u0103 binecuv\u00e2ntarea \u0219i c\u00e2t de sigur\u0103 este f\u0103g\u0103duin\u021ba \u0219i nu am mai transpira at\u00e2t de mult ca acum.<\/p>\n\n\n\n<p>Cred c\u0103 ar sc\u0103dea nivelul de anxietate c\u00e2nd am vedea c\u00e2t de solid\u0103 \u0219i de sigur\u0103 este aceast\u0103 f\u0103g\u0103duin\u021b\u0103, dar \u00eentrebarea este: ave\u021bi credin\u021b\u0103 ca s\u0103 crede\u021bi aceasta?<\/p>\n\n\n\n<p>S\u0103m\u00e2n\u021b\u0103 a lui Avraam, nu ar trebui s\u0103 ne mai \u00eendoim de f\u0103g\u0103duin\u021b\u0103 \u0219i de binecuv\u00e2ntare pentru c\u0103 Dumnezeu le-a asigurat. A\u0219a c\u0103, nu ar trebui s\u0103 avem nici o \u00eendoial\u0103. Diavolul va \u00eencerca s\u0103 te fac\u0103 s\u0103 te \u00eendoie\u0219ti c\u0103 e\u0219ti sau nu e\u0219ti o S\u0103m\u00e2n\u021b\u0103 a lui Avraam, dar eu \u00ee\u021bi spun: scutur\u0103-te de diavolul, ia Cuv\u00e2ntul lui Dumnezeu, crede-L \u0219i spune: \u201eSunt un copil al lui Dumnezeu prin credin\u021ba pe care Dumnezeu a s\u0103dit-o \u00een inima mea. Cred acest Cuv\u00e2nt, \u0219tiu cine sunt, \u0219tiu c\u0103 sunt parte din S\u0103m\u00e2n\u021ba lui Hristos \u0219i vreau s\u0103 tr\u0103iesc a\u0219a, vreau s\u0103 vorbesc a\u0219a \u0219i vreau s\u0103 m\u0103 rog a\u0219a. Vreau s\u0103 tr\u0103iesc cu scopul acesta.\u201d<\/p>\n\n\n\n<p>S\u0103 ne plec\u0103m capetele \u0219i s\u0103 ne rug\u0103m. Doamne, Isuse, \u00ce\u021bi mul\u021bumesc pentru bun\u0103tatea ta, Doamne; pentru Cuv\u00e2ntul T\u0103u care este at\u00e2t de sigur! Sunt at\u00e2t de recunosc\u0103tor Doamne, pentru c\u0103 ai scris Biblia Ta \u0219i ai dat-o apostolului Pavel care a prins bine descoperirea despre S\u0103m\u00e2n\u021ba spiritual\u0103 a lui Avraam, S\u0103m\u00e2n\u021ba lui Hristos. \u0218i acum, \u00een aceast\u0103 zi, ai trimis un profet ca s\u0103 ne aduc\u0103 \u00eenapoi la ceea ce a \u00eenv\u0103\u021bat Pavel, \u0219i noi \u00een\u021belegem Doamne, c\u0103 nu este prin merit, ci prin alegere \u0219i aceast\u0103 alegere este s\u0103dit\u0103 \u00een noi, \u201e&#8230;c\u0103ci prin har suntem m\u00e2ntui\u021bi, prin credin\u021b\u0103 \u0219i aceasta nu vine de la noi \u00een\u0219ine, ci este darul T\u0103u care ni l-ai dat.\u201d A\u0219a c\u0103 suntem copiii T\u0103i prin credin\u021b\u0103 \u0219i suntem sub f\u0103g\u0103duin\u021ba \u0219i binecuv\u00e2ntarea lui Avraam pentru c\u0103 ne-ai dat o s\u0103m\u00e2n\u021b\u0103 de credin\u021b\u0103 ca s\u0103-L credem pe Dumnezeu.<\/p>\n\n\n\n<p>Doamne, vrem s\u0103 ridic\u0103m m\u00e2na spre Tine \u0219i s\u0103-\u021ai mul\u021bumim. Te iubim Tat\u0103, pentru c\u0103 nu am fi putut face aceasta singuri niciodat\u0103, dar Tu ai f\u0103cut-o Doamne, \u00eenainte de \u00eentemeierea lumii \u0219i ne deschizi ochii ca s\u0103 vedem c\u00e2t de sigur\u0103 este f\u0103g\u0103duin\u021ba \u0219i ce suntem noi aici. Dumnezeule, ia-ne \u00een m\u00e2inile Tale \u0219i folose\u0219te-ne pentru gloria ta. Lucreaz\u0103 Doamne, prin aceste vase, vorbe\u0219te prin aceste guri; atinge prin aceste m\u00e2ini \u0219i folose\u0219te-ne pentru scopul pentru care ne-ai trimis \u00een aceast\u0103 via\u021b\u0103. \u00ce\u021bi dau toat\u0103 lauda \u0219i slava \u0219i Te chem s\u0103 iei \u00eent\u00e2ietate printre noi, \u00een Numele Domnului Isus Hristos. Dumnezeu s\u0103 v\u0103 binecuv\u00e2nteze. <strong>Amin<\/strong>.<\/p>\n\n\n\n<p><strong>-Amin-<\/strong><\/p>\n","protected":false},"excerpt":{"rendered":"<p>Dumnezeu s\u0103 v\u0103 binecuv\u00e2nteze. S\u0103 ne plec\u0103m capetele \u0219i s\u0103 ne rug\u0103m \u00eempreun\u0103. Doamne Isuse, \u00ce\u021bi mul\u021bumesc Tat\u0103, pentru privilegiul de a ne aduna din&hellip;<\/p>\n","protected":false},"author":4,"featured_media":0,"comment_status":"open","ping_status":"open","sticky":false,"template":"","format":"standard","meta":{"footnotes":""},"categories":[7,6],"tags":[41,15],"class_list":["post-7516","post","type-post","status-publish","format-standard","hentry","category-chad-lamb","category-william-branham","tag-41","tag-predici-crestine"],"yoast_head":"<!-- This site is optimized with the Yoast SEO Premium plugin v19.4 (Yoast SEO v26.8) - https:\/\/yoast.com\/product\/yoast-seo-premium-wordpress\/ -->\n<title>S\u0102M\u00c2N\u021aA F\u0102G\u0102DUIN\u021aEI - Partea \u00eent\u00e2i - THE FIVEFOLD MINISTRY - SLUJBA INCINCITA<\/title>\n<meta name=\"robots\" content=\"index, follow, max-snippet:-1, max-image-preview:large, max-video-preview:-1\" \/>\n<link rel=\"canonical\" href=\"https:\/\/infomesaj.ro\/index.php\/william-branham\/samanta-fagaduintei-partea-intai\/\" \/>\n<meta property=\"og:locale\" content=\"ro_RO\" \/>\n<meta property=\"og:type\" content=\"article\" \/>\n<meta property=\"og:title\" content=\"S\u0102M\u00c2N\u021aA F\u0102G\u0102DUIN\u021aEI - Partea \u00eent\u00e2i - THE FIVEFOLD MINISTRY - SLUJBA INCINCITA\" \/>\n<meta property=\"og:description\" content=\"Dumnezeu s\u0103 v\u0103 binecuv\u00e2nteze. S\u0103 ne plec\u0103m capetele \u0219i s\u0103 ne rug\u0103m \u00eempreun\u0103. Doamne Isuse, \u00ce\u021bi mul\u021bumesc Tat\u0103, pentru privilegiul de a ne aduna din&hellip;\" \/>\n<meta property=\"og:url\" content=\"https:\/\/infomesaj.ro\/index.php\/william-branham\/samanta-fagaduintei-partea-intai\/\" \/>\n<meta property=\"og:site_name\" content=\"THE FIVEFOLD MINISTRY - SLUJBA INCINCITA\" \/>\n<meta property=\"article:published_time\" content=\"2021-11-27T20:35:58+00:00\" \/>\n<meta property=\"article:modified_time\" content=\"2024-01-24T12:59:37+00:00\" \/>\n<meta name=\"author\" content=\"CHAD LAMB\" \/>\n<meta name=\"twitter:card\" content=\"summary_large_image\" \/>\n<meta name=\"twitter:label1\" content=\"Scris de\" \/>\n\t<meta name=\"twitter:data1\" content=\"CHAD LAMB\" \/>\n\t<meta name=\"twitter:label2\" content=\"Timp estimat pentru citire\" \/>\n\t<meta name=\"twitter:data2\" content=\"66 de minute\" \/>\n<script type=\"application\/ld+json\" class=\"yoast-schema-graph\">{\"@context\":\"https:\/\/schema.org\",\"@graph\":[{\"@type\":\"Article\",\"@id\":\"https:\/\/infomesaj.ro\/index.php\/william-branham\/samanta-fagaduintei-partea-intai\/#article\",\"isPartOf\":{\"@id\":\"https:\/\/infomesaj.ro\/index.php\/william-branham\/samanta-fagaduintei-partea-intai\/\"},\"author\":{\"name\":\"CHAD LAMB\",\"@id\":\"https:\/\/infomesaj.ro\/#\/schema\/person\/4e144df0ecd0fce6b8f394a14f205fec\"},\"headline\":\"S\u0102M\u00c2N\u021aA F\u0102G\u0102DUIN\u021aEI &#8211; Partea \u00eent\u00e2i\",\"datePublished\":\"2021-11-27T20:35:58+00:00\",\"dateModified\":\"2024-01-24T12:59:37+00:00\",\"mainEntityOfPage\":{\"@id\":\"https:\/\/infomesaj.ro\/index.php\/william-branham\/samanta-fagaduintei-partea-intai\/\"},\"wordCount\":17634,\"commentCount\":0,\"publisher\":{\"@id\":\"https:\/\/infomesaj.ro\/#organization\"},\"keywords\":[\"2021\",\"predici cre\u0219tine\"],\"articleSection\":[\"CHAD LAMB\",\"WILLIAM M. BRANHAM\"],\"inLanguage\":\"ro-RO\",\"potentialAction\":[{\"@type\":\"CommentAction\",\"name\":\"Comment\",\"target\":[\"https:\/\/infomesaj.ro\/index.php\/william-branham\/samanta-fagaduintei-partea-intai\/#respond\"]}]},{\"@type\":\"WebPage\",\"@id\":\"https:\/\/infomesaj.ro\/index.php\/william-branham\/samanta-fagaduintei-partea-intai\/\",\"url\":\"https:\/\/infomesaj.ro\/index.php\/william-branham\/samanta-fagaduintei-partea-intai\/\",\"name\":\"S\u0102M\u00c2N\u021aA F\u0102G\u0102DUIN\u021aEI - Partea \u00eent\u00e2i - THE FIVEFOLD MINISTRY - SLUJBA INCINCITA\",\"isPartOf\":{\"@id\":\"https:\/\/infomesaj.ro\/#website\"},\"datePublished\":\"2021-11-27T20:35:58+00:00\",\"dateModified\":\"2024-01-24T12:59:37+00:00\",\"breadcrumb\":{\"@id\":\"https:\/\/infomesaj.ro\/index.php\/william-branham\/samanta-fagaduintei-partea-intai\/#breadcrumb\"},\"inLanguage\":\"ro-RO\",\"potentialAction\":[{\"@type\":\"ReadAction\",\"target\":[\"https:\/\/infomesaj.ro\/index.php\/william-branham\/samanta-fagaduintei-partea-intai\/\"]}]},{\"@type\":\"BreadcrumbList\",\"@id\":\"https:\/\/infomesaj.ro\/index.php\/william-branham\/samanta-fagaduintei-partea-intai\/#breadcrumb\",\"itemListElement\":[{\"@type\":\"ListItem\",\"position\":1,\"name\":\"Prima pagin\u0103\",\"item\":\"https:\/\/infomesaj.ro\/\"},{\"@type\":\"ListItem\",\"position\":2,\"name\":\"S\u0102M\u00c2N\u021aA F\u0102G\u0102DUIN\u021aEI &#8211; Partea \u00eent\u00e2i\"}]},{\"@type\":\"WebSite\",\"@id\":\"https:\/\/infomesaj.ro\/#website\",\"url\":\"https:\/\/infomesaj.ro\/\",\"name\":\"THE FIVEFOLD MINISTRY - SLUJBA INCINCITA\",\"description\":\"Si El a dat pe unii Apostoli; pe altii, Proroci; pe altii, Evanghelisti; pe altii, Pastori si Invatatori, pentru Desavarsirea Sfintilor, in vederea lucrarii de Slujire, pentru zidirea Trupului Lui Hristos, pana vom ajunge toti la unirea Credintei si a Cunostintei Fiului Lui Dumnezeu; la starea de Om Mare, la inaltimea Staturii Plinatatii Lui Hristos\",\"publisher\":{\"@id\":\"https:\/\/infomesaj.ro\/#organization\"},\"potentialAction\":[{\"@type\":\"SearchAction\",\"target\":{\"@type\":\"EntryPoint\",\"urlTemplate\":\"https:\/\/infomesaj.ro\/?s={search_term_string}\"},\"query-input\":{\"@type\":\"PropertyValueSpecification\",\"valueRequired\":true,\"valueName\":\"search_term_string\"}}],\"inLanguage\":\"ro-RO\"},{\"@type\":\"Organization\",\"@id\":\"https:\/\/infomesaj.ro\/#organization\",\"name\":\"SLUJBA INCINCITA - THE FIVEFOLD MINISTRY\",\"url\":\"https:\/\/infomesaj.ro\/\",\"logo\":{\"@type\":\"ImageObject\",\"inLanguage\":\"ro-RO\",\"@id\":\"https:\/\/infomesaj.ro\/#\/schema\/logo\/image\/\",\"url\":\"https:\/\/infomesaj.ro\/wp-content\/uploads\/2022\/11\/grau-camp.jpg\",\"contentUrl\":\"https:\/\/infomesaj.ro\/wp-content\/uploads\/2022\/11\/grau-camp.jpg\",\"width\":740,\"height\":444,\"caption\":\"SLUJBA INCINCITA - THE FIVEFOLD MINISTRY\"},\"image\":{\"@id\":\"https:\/\/infomesaj.ro\/#\/schema\/logo\/image\/\"}},{\"@type\":\"Person\",\"@id\":\"https:\/\/infomesaj.ro\/#\/schema\/person\/4e144df0ecd0fce6b8f394a14f205fec\",\"name\":\"CHAD LAMB\",\"image\":{\"@type\":\"ImageObject\",\"inLanguage\":\"ro-RO\",\"@id\":\"https:\/\/infomesaj.ro\/#\/schema\/person\/image\/\",\"url\":\"https:\/\/secure.gravatar.com\/avatar\/754511dcf2e00fe4f807189a38e2576c?s=96&d=mm&r=g\",\"contentUrl\":\"https:\/\/secure.gravatar.com\/avatar\/754511dcf2e00fe4f807189a38e2576c?s=96&d=mm&r=g\",\"caption\":\"CHAD LAMB\"},\"url\":\"https:\/\/infomesaj.ro\/index.php\/author\/chad-lamb\/\"}]}<\/script>\n<!-- \/ Yoast SEO Premium plugin. -->","yoast_head_json":{"title":"S\u0102M\u00c2N\u021aA F\u0102G\u0102DUIN\u021aEI - Partea \u00eent\u00e2i - THE FIVEFOLD MINISTRY - SLUJBA INCINCITA","robots":{"index":"index","follow":"follow","max-snippet":"max-snippet:-1","max-image-preview":"max-image-preview:large","max-video-preview":"max-video-preview:-1"},"canonical":"https:\/\/infomesaj.ro\/index.php\/william-branham\/samanta-fagaduintei-partea-intai\/","og_locale":"ro_RO","og_type":"article","og_title":"S\u0102M\u00c2N\u021aA F\u0102G\u0102DUIN\u021aEI - Partea \u00eent\u00e2i - THE FIVEFOLD MINISTRY - SLUJBA INCINCITA","og_description":"Dumnezeu s\u0103 v\u0103 binecuv\u00e2nteze. S\u0103 ne plec\u0103m capetele \u0219i s\u0103 ne rug\u0103m \u00eempreun\u0103. Doamne Isuse, \u00ce\u021bi mul\u021bumesc Tat\u0103, pentru privilegiul de a ne aduna din&hellip;","og_url":"https:\/\/infomesaj.ro\/index.php\/william-branham\/samanta-fagaduintei-partea-intai\/","og_site_name":"THE FIVEFOLD MINISTRY - SLUJBA INCINCITA","article_published_time":"2021-11-27T20:35:58+00:00","article_modified_time":"2024-01-24T12:59:37+00:00","author":"CHAD LAMB","twitter_card":"summary_large_image","twitter_misc":{"Scris de":"CHAD LAMB","Timp estimat pentru citire":"66 de minute"},"schema":{"@context":"https:\/\/schema.org","@graph":[{"@type":"Article","@id":"https:\/\/infomesaj.ro\/index.php\/william-branham\/samanta-fagaduintei-partea-intai\/#article","isPartOf":{"@id":"https:\/\/infomesaj.ro\/index.php\/william-branham\/samanta-fagaduintei-partea-intai\/"},"author":{"name":"CHAD LAMB","@id":"https:\/\/infomesaj.ro\/#\/schema\/person\/4e144df0ecd0fce6b8f394a14f205fec"},"headline":"S\u0102M\u00c2N\u021aA F\u0102G\u0102DUIN\u021aEI &#8211; Partea \u00eent\u00e2i","datePublished":"2021-11-27T20:35:58+00:00","dateModified":"2024-01-24T12:59:37+00:00","mainEntityOfPage":{"@id":"https:\/\/infomesaj.ro\/index.php\/william-branham\/samanta-fagaduintei-partea-intai\/"},"wordCount":17634,"commentCount":0,"publisher":{"@id":"https:\/\/infomesaj.ro\/#organization"},"keywords":["2021","predici cre\u0219tine"],"articleSection":["CHAD LAMB","WILLIAM M. BRANHAM"],"inLanguage":"ro-RO","potentialAction":[{"@type":"CommentAction","name":"Comment","target":["https:\/\/infomesaj.ro\/index.php\/william-branham\/samanta-fagaduintei-partea-intai\/#respond"]}]},{"@type":"WebPage","@id":"https:\/\/infomesaj.ro\/index.php\/william-branham\/samanta-fagaduintei-partea-intai\/","url":"https:\/\/infomesaj.ro\/index.php\/william-branham\/samanta-fagaduintei-partea-intai\/","name":"S\u0102M\u00c2N\u021aA F\u0102G\u0102DUIN\u021aEI - Partea \u00eent\u00e2i - THE FIVEFOLD MINISTRY - SLUJBA INCINCITA","isPartOf":{"@id":"https:\/\/infomesaj.ro\/#website"},"datePublished":"2021-11-27T20:35:58+00:00","dateModified":"2024-01-24T12:59:37+00:00","breadcrumb":{"@id":"https:\/\/infomesaj.ro\/index.php\/william-branham\/samanta-fagaduintei-partea-intai\/#breadcrumb"},"inLanguage":"ro-RO","potentialAction":[{"@type":"ReadAction","target":["https:\/\/infomesaj.ro\/index.php\/william-branham\/samanta-fagaduintei-partea-intai\/"]}]},{"@type":"BreadcrumbList","@id":"https:\/\/infomesaj.ro\/index.php\/william-branham\/samanta-fagaduintei-partea-intai\/#breadcrumb","itemListElement":[{"@type":"ListItem","position":1,"name":"Prima pagin\u0103","item":"https:\/\/infomesaj.ro\/"},{"@type":"ListItem","position":2,"name":"S\u0102M\u00c2N\u021aA F\u0102G\u0102DUIN\u021aEI &#8211; Partea \u00eent\u00e2i"}]},{"@type":"WebSite","@id":"https:\/\/infomesaj.ro\/#website","url":"https:\/\/infomesaj.ro\/","name":"THE FIVEFOLD MINISTRY - SLUJBA INCINCITA","description":"Si El a dat pe unii Apostoli; pe altii, Proroci; pe altii, Evanghelisti; pe altii, Pastori si Invatatori, pentru Desavarsirea Sfintilor, in vederea lucrarii de Slujire, pentru zidirea Trupului Lui Hristos, pana vom ajunge toti la unirea Credintei si a Cunostintei Fiului Lui Dumnezeu; la starea de Om Mare, la inaltimea Staturii Plinatatii Lui Hristos","publisher":{"@id":"https:\/\/infomesaj.ro\/#organization"},"potentialAction":[{"@type":"SearchAction","target":{"@type":"EntryPoint","urlTemplate":"https:\/\/infomesaj.ro\/?s={search_term_string}"},"query-input":{"@type":"PropertyValueSpecification","valueRequired":true,"valueName":"search_term_string"}}],"inLanguage":"ro-RO"},{"@type":"Organization","@id":"https:\/\/infomesaj.ro\/#organization","name":"SLUJBA INCINCITA - THE FIVEFOLD MINISTRY","url":"https:\/\/infomesaj.ro\/","logo":{"@type":"ImageObject","inLanguage":"ro-RO","@id":"https:\/\/infomesaj.ro\/#\/schema\/logo\/image\/","url":"https:\/\/infomesaj.ro\/wp-content\/uploads\/2022\/11\/grau-camp.jpg","contentUrl":"https:\/\/infomesaj.ro\/wp-content\/uploads\/2022\/11\/grau-camp.jpg","width":740,"height":444,"caption":"SLUJBA INCINCITA - THE FIVEFOLD MINISTRY"},"image":{"@id":"https:\/\/infomesaj.ro\/#\/schema\/logo\/image\/"}},{"@type":"Person","@id":"https:\/\/infomesaj.ro\/#\/schema\/person\/4e144df0ecd0fce6b8f394a14f205fec","name":"CHAD LAMB","image":{"@type":"ImageObject","inLanguage":"ro-RO","@id":"https:\/\/infomesaj.ro\/#\/schema\/person\/image\/","url":"https:\/\/secure.gravatar.com\/avatar\/754511dcf2e00fe4f807189a38e2576c?s=96&d=mm&r=g","contentUrl":"https:\/\/secure.gravatar.com\/avatar\/754511dcf2e00fe4f807189a38e2576c?s=96&d=mm&r=g","caption":"CHAD LAMB"},"url":"https:\/\/infomesaj.ro\/index.php\/author\/chad-lamb\/"}]}},"_links":{"self":[{"href":"https:\/\/infomesaj.ro\/index.php\/wp-json\/wp\/v2\/posts\/7516","targetHints":{"allow":["GET"]}}],"collection":[{"href":"https:\/\/infomesaj.ro\/index.php\/wp-json\/wp\/v2\/posts"}],"about":[{"href":"https:\/\/infomesaj.ro\/index.php\/wp-json\/wp\/v2\/types\/post"}],"author":[{"embeddable":true,"href":"https:\/\/infomesaj.ro\/index.php\/wp-json\/wp\/v2\/users\/4"}],"replies":[{"embeddable":true,"href":"https:\/\/infomesaj.ro\/index.php\/wp-json\/wp\/v2\/comments?post=7516"}],"version-history":[{"count":2,"href":"https:\/\/infomesaj.ro\/index.php\/wp-json\/wp\/v2\/posts\/7516\/revisions"}],"predecessor-version":[{"id":7518,"href":"https:\/\/infomesaj.ro\/index.php\/wp-json\/wp\/v2\/posts\/7516\/revisions\/7518"}],"wp:attachment":[{"href":"https:\/\/infomesaj.ro\/index.php\/wp-json\/wp\/v2\/media?parent=7516"}],"wp:term":[{"taxonomy":"category","embeddable":true,"href":"https:\/\/infomesaj.ro\/index.php\/wp-json\/wp\/v2\/categories?post=7516"},{"taxonomy":"post_tag","embeddable":true,"href":"https:\/\/infomesaj.ro\/index.php\/wp-json\/wp\/v2\/tags?post=7516"}],"curies":[{"name":"wp","href":"https:\/\/api.w.org\/{rel}","templated":true}]}}