{"id":407,"date":"2018-03-31T16:11:43","date_gmt":"2018-03-31T14:11:43","guid":{"rendered":"https:\/\/infomesaj.ro\/?p=407"},"modified":"2019-09-14T22:00:07","modified_gmt":"2019-09-14T22:00:07","slug":"o-perspectiva-mai-inalta","status":"publish","type":"post","link":"https:\/\/infomesaj.ro\/index.php\/chad-lamb\/o-perspectiva-mai-inalta\/","title":{"rendered":"O PERSPECTIVA MAI INALTA"},"content":{"rendered":"<p>A\u015f vrea s\u0103 citim din <u>Apocalipsa 4.1-2<\/u>:<\/p>\n<p>\u201e<em>Dup\u0103 aceste lucruri, m-am uitat \u015fi iat\u0103 c\u0103 o u\u015f\u0103 era deschis\u0103 \u00een cer. Glasul cel dint\u00e2i, pe care-l auzisem ca sunetul unei tr\u00e2mbi\u0163e \u015fi care vorbea cu mine, mi-a zis: \u201eSuie-te aici \u015fi-\u0163i voi ar\u0103ta ce are s\u0103 se \u00eent\u00e2mple dup\u0103 aceste lucruri!\u201d<\/em><\/p>\n<p><em>Numaidec\u00e2t am fost r\u0103pit \u00een Duhul. \u015ei iat\u0103 c\u0103 \u00een cer era pus un scaun de domnie, \u015fi pe scaunul acesta de domnie \u015fedea Cineva<\/em>.\u201d<\/p>\n<p>A\u015f vrea s\u0103 facem o scurt\u0103 recapitulare, dup\u0103 care vom merge mai departe.<\/p>\n<p>Ioan a fost luat sus prin U\u015fa care s-a deschis \u00een cer. El a auzit un Glas ca de Tr\u00e2mbi\u0163\u0103 care l-a chemat sus, iar c\u00e2nd a mers acolo, i s-au ar\u0103tat lucruri care urmau s\u0103 vin\u0103. Astfel, primul lucru pe care l-a v\u0103zut, a fost: \u201e\u2026<em>un scaun de domnie, \u015fi pe scaunul acesta de domnie \u015fedea Cineva<\/em>.\u201d<\/p>\n<p><u>Ioan nu a v\u0103zut trei dumnezei, ci doar Unul<\/u>, aceasta fiind una din descoperirile pe care le-a avut atunci c\u00e2nd a mers prin U\u015fa deschis\u0103 \u00een cer, \u00een r\u0103pirea sa duhovniceasc\u0103.<\/p>\n<p>Eu cred c\u0103 Dumnezeu ne-a ar\u0103tat \u015fi nou\u0103 acela\u015fi lucru, fiindc\u0103 \u015fi noi am fost lua\u0163i prin U\u015fa deschis\u0103 \u015fi am v\u0103zut Unul singur care st\u0103tea pe acel scaun, nu trei.<\/p>\n<p>\u00cen timp ce st\u0103m \u00een picioare, a\u015f vrea s\u0103 citim \u015fi din <u>Ioan 14.28-29<\/u>:<\/p>\n<p>\u201e<em>A\u0163i auzit c\u0103 v-am spus: \u201eM\u0103 duc \u015fi M\u0103 voi \u00eentoarce la voi.\u201d Dac\u0103 M-a\u0163i iubi, v-a\u0163i fi bucurat c\u0103 v-am zis: \u201eM\u0103 duc la Tat\u0103l\u201d, c\u0103ci Tat\u0103l este mai mare dec\u00e2t Mine.<\/em><\/p>\n<p><em>\u015ei v-am spus aceste lucruri acum, \u00eenainte ca s\u0103 se \u00eent\u00e2mple, pentru ca atunci c\u00e2nd se vor \u00eent\u00e2mpla, s\u0103 crede\u0163i.\u201d<\/em><\/p>\n<p>Acesta este felul \u00een care procedeaz\u0103 Dumnezeu cu ucenicii S\u0103i. El le spune lucrurile \u00eenainte ca ele s\u0103 se \u00eent\u00e2mple, pentru ca atunci c\u00e2nd se vor \u00eent\u00e2mpla, s\u0103 cread\u0103.<\/p>\n<p>\u00cen <u>Apocalipsa 22.16<\/u>, citim:<\/p>\n<p>\u201e<em>Eu, Isus, am trimis pe \u00eengerul Meu s\u0103 v\u0103 adevereasc\u0103 aceste lucruri pentru Biserici<\/em>.\u201d<\/p>\n<p>C\u00e2\u0163i dintre noi suntem bucuro\u015fi pentru c\u0103 am auzit Glasul acestui \u00eenger? Glasul \u00cengerului puternic ne-a vorbit prin \u00eengerul al \u015faptelea \u015fi ne-a spus deja aceste lucruri \u00een Biserici, pentru ca atunci c\u00e2nd se vor \u00eent\u00e2mpla, s\u0103 le \u015ftim \u015fi s\u0103 credem.<\/p>\n<p>\u00cen seara aceasta a\u015f vrea s\u0103 vorbesc despre tema: \u201eO perspectiv\u0103 mai \u00eenalt\u0103.\u201d Dac\u0103 v\u0103 aminti\u0163i, data trecut\u0103 am vorbit despre tema \u201eVino mai sus\u201d, despre a fi ridicat mai sus, dar ast\u0103zi vreau s\u0103 vorbesc despre \u201eO perspectiv\u0103 mai \u00eenalt\u0103\u201d, pentru c\u0103 profetul a spus: \u201e<em>La ce i-ar folosi unui vultur s\u0103 ajung\u0103 acolo sus, dac\u0103 nu are ochi cu care s\u0103 vad\u0103?\u201d<\/em> \u00censeamn\u0103 c\u0103 dac\u0103 noi mergem mai sus, trebuie s\u0103 fim capabili s\u0103 vedem din locul acela, pentru c\u0103 altfel nu are nici un rost s\u0103 mergem mai sus. Deci, noi mergem mai sus, pentru a c\u00e2\u015ftiga o perspectiv\u0103, pentru a putea vedea ceva.<\/p>\n<p>A\u015f vrea s\u0103 privim mai \u00eendeaproape lucrul acesta.<\/p>\n<p>\u00cen mesajul \u201eA deosebi Trupul Domnului\u201d, scrie:<\/p>\n<p>\u201e<em>Pavel a spus prin Duhul Sf\u00e2nt, c\u0103 \u00een zilele din urm\u0103, biserica va c\u0103dea, milioane dintre ei. \u201eVa veni o c\u0103dere pentru c\u0103 oamenii vor fi m\u00e2ndri, \u00eenc\u0103p\u0103\u0163\u00e2na\u0163i, iubitori mai mult de pl\u0103ceri dec\u00e2t iubitori de Dumnezeu, obraznici, \u00eeng\u00e2mfa\u0163i \u015fi dispre\u0163uitori a celor care sunt buni, <u>f\u0103r\u0103 deosebirea corect\u0103<\/u>.\u201d<\/em><\/p>\n<p>Vreau s\u0103 fi\u0163i aten\u0163i la faptul c\u0103 <u>ei cad pentru c\u0103 nu au deosebirea corect\u0103<\/u>.<\/p>\n<p>\u201e<em>Oh\u201d, zice\u0163i voi, \u201eacesta este comunismul!\u201d Acesta este a\u015fa-zisul cre\u015ftin.<\/em><\/p>\n<p><em>Fi\u0163i aten\u0163i la versetul urm\u0103tor: \u201eAv\u00e2nd o form\u0103 de evlavie, dar t\u0103g\u0103duindu-i puterea\u201d, <u>f\u0103r\u0103 deosebire duhovniceasc\u0103<\/u><\/em>.\u201d<\/p>\n<p>Vede\u0163i, ei au o form\u0103 de evlavie, adic\u0103 merg la biseric\u0103, se supun unei forme de r\u00e2nduial\u0103, iau parte la servicii, au o form\u0103 de evlavie, dar \u00eei t\u0103g\u0103duiesc puterea. Apoi, fratele Branham spune: \u201e<em><u>f\u0103r\u0103 deosebire duhovniceasc\u0103<\/u><\/em>.\u201d<\/p>\n<p>S\u0103 repet\u0103m \u00eenc\u0103 o dat\u0103: <u>Dac\u0103 avem o form\u0103 de biseric\u0103, dar f\u0103r\u0103 puterea Duhului Sf\u00e2nt, a Cuv\u00e2ntului, este ceva gre\u015fit \u015fi exist\u0103 o limit\u0103 \u00een descoperire<\/u>.<\/p>\n<p>\u201e<em>C\u00e2nd Duhul Sf\u00e2nt este peste voi, ave\u0163i deosebire duhovniceasc\u0103, iar aceasta spune \u201eAmin\u201d la fiecare f\u0103g\u0103duin\u0163\u0103 a lui Dumnezeu.\u201d<\/em><\/p>\n<p>A\u015fadar, c\u00e2nd avem Duhul Sf\u00e2nt, noi avem deosebire duhovniceasc\u0103, iar atunci putem vedea Cuv\u00e2ntul \u015fi spunem \u201eAmin\u201d la fiecare f\u0103g\u0103duin\u0163\u0103 a lui Dumnezeu, pentru c\u0103 am mers destul de sus pentru a vedea \u00eentregul scop al Cuv\u00e2ntului. Astfel, nu mai este un verset mic aici \u015fi altul dincolo, ci am ajuns at\u00e2t de sus \u00eenc\u00e2t putem vedea \u00eentreaga poveste, ne-a fost descoperit totul. Sl\u0103vit s\u0103 fie Domnul!<\/p>\n<p>Pentru c\u0103 vorbim despre o perspectiv\u0103 mai \u00eenalt\u0103 \u015fi despre deosebire, a\u015f vrea s\u0103 \u00eencep cu Petru \u015fi s\u0103 vedem cum o preumbre\u015fte pe Mireasa lui Isus Hristos. \u00cei sunt mul\u0163umitor Domnului pentru c\u0103 Scripturile sunt adev\u0103rate \u015fi precise \u015fi ne arat\u0103 firul Vie\u0163ii, ca s\u0103 putem \u00eenv\u0103\u0163a ceva din aceasta. Ele nu ne relateaz\u0103 numai sf\u00e2r\u015fitul, care este minunat, ci avem \u015fansa de a vedea procesul, calea spre des\u0103v\u00e2r\u015fire, iar Petru este un exemplu foarte bun pentru noi.<\/p>\n<p>A\u015f vrea s\u0103 \u00eencep cu <u>Matei 16.13-18<\/u>, \u015fi s\u0103-l urm\u0103rim pe Petru pentru a vedea c\u0103 el este un simbol al Miresei lui Isus Hristos. Textul acesta este unul foarte cunoscut \u015fi vreau s\u0103 \u0163ine\u0163i minte c\u0103 vreau s\u0103 vedem cum Petru o preumbre\u015fte pe Mireasa lui Isus Hristos.<\/p>\n<p>Petru a umblat cu Domnul, a luat parte la slujba Sa supranatural\u0103 \u015fi a \u015ftiut c\u0103 era ceva deosebit acolo.<\/p>\n<p>\u201e<em>Isus a venit \u00een p\u0103r\u0163ile Cezareii lui Filip \u015fi a \u00eentrebat pe ucenicii S\u0103i: <\/em><em>\u201eCine zic oamenii c\u0103 sunt Eu, Fiul omului?\u201d<\/em><\/p>\n<p><em>Ei au r\u0103spuns: \u201eUnii zic c\u0103 e\u015fti Ioan Botez\u0103torul; al\u0163ii, Ilie; al\u0163ii, Ieremia sau unul din proroci.\u201d<\/em><\/p>\n<p><em>\u201eDar voi\u201d<\/em><em>, le-a zis El, <\/em><em>\u201ecine zice\u0163i c\u0103 sunt?\u201d<\/em><\/p>\n<p><em>Simon Petru, drept r\u0103spuns, I-a zis: \u201eTu e\u015fti Hristosul, Fiul Dumnezeului celui viu!<\/em>\u201d<\/p>\n<p>\u00cen vremea aceea era aceast\u0103 dezbatere sau \u00eentrebare cu privire la Cine era Isus. Astfel, ucenicii au spus: \u201eUnii spun una, al\u0163ii spun altceva\u201d, dar Isus nu a dorit s\u0103 \u015ftie ce spuneau al\u0163ii, ci ce credeau ei despre El. El vrea s\u0103 \u015ftie ce credem noi.<\/p>\n<p>Atunci, Petru a spus: \u201e<em>Tu e\u015fti Hristosul, Fiul Dumnezeului celui viu.\u201d<\/em><\/p>\n<p><em>Isus a luat din nou cuv\u00e2ntul \u015fi i-a zis: <\/em><em>\u201eFerice de tine, Simone, fiul lui Iona, fiindc\u0103 nu carnea \u015fi s\u00e2ngele \u0163i-au descoperit lucrul acesta, ci Tat\u0103l Meu, care este \u00een ceruri.<\/em><\/p>\n<p><em>\u015ei Eu \u00ee\u0163i spun: tu e\u015fti Petru, \u015fi pe aceast\u0103 piatr\u0103<\/em> <em>voi zidi Biserica Mea, \u015fi por\u0163ile Locuin\u0163ei mor\u0163ilor nu o vor birui<\/em>.\u201d<\/p>\n<p>Aici putem vedea c\u0103 Isus i-a spus lui Petru:<\/p>\n<p>\u201e\u2026<em>nu carnea \u015fi s\u00e2ngele \u0163i-au descoperit lucrul acesta\u201d,<\/em> adic\u0103: \u201eNu ai primit aceasta de la nici un om, din g\u00e2ndirea ta proprie; nu ai ob\u0163inut-o \u00eentr-o \u015fcoal\u0103, ci ai primit-o direct de la Tat\u0103l de sus. El \u0163i-a dat descoperirea cu privire la Cine este Isus Hristos, descoperirea Cuv\u00e2ntului f\u0103cut trup.\u201d Vede\u0163i, Petru a primit direct de la Tat\u0103l descoperirea cu privire la Cine este Fiul. Aleluia!<\/p>\n<p>Apoi, El i-a spus: \u201e<em>Pe aceast\u0103 <u>piatr\u0103<\/u>\u2026\u201d<\/em> Pe care piatr\u0103? Pe <u>piatra descoperirii divine primite de la Tat\u0103l<\/u>. \u201e<em>Pe aceast\u0103 piatr\u0103 voi zidi Biserica Mea, \u015fi por\u0163ile Locuin\u0163ei mor\u0163ilor nu o vor birui\u201d,<\/em> ceea ce \u00eenseamn\u0103 c\u0103 por\u0163ile Locuin\u0163ei mor\u0163ilor se vor ridica \u00eempotriva ei.<\/p>\n<p>Aceast\u0103 profe\u0163ie are o \u00eensemn\u0103tate dubl\u0103.<\/p>\n<p>\u00cen primul r\u00e2nd, dac\u0103 El \u00eei d\u0103 ceva Bisericii, por\u0163ile Locuin\u0163ei mor\u0163ilor nu o pot birui c\u00e2t timp st\u0103 pe aceast\u0103 Piatr\u0103 a descoperirii. Ele vor \u00eencerca s\u0103 biruiasc\u0103 Biserica, de aceea, singurul mod \u00een care Biserica va rezista este dac\u0103 r\u0103m\u00e2ne pe Piatra descoperirii. Noi nu putem preda aceasta oamenilor, nu putem s\u0103-i \u00eenv\u0103\u0163\u0103m ca pe o lec\u0163ie, ci <u>ei trebuie s\u0103 primeasc\u0103 o descoperire duhovniceasc\u0103 de la Tat\u0103l<\/u>.<\/p>\n<p>Noi putem s\u0103 le spunem unele lucruri copiilor no\u015ftri \u015fi putem s\u0103-i facem s\u0103 repete ceea ce spunem noi, putem s\u0103-i facem s\u0103 fie de acord cu ceea ce spunem. Putem s\u0103-i \u00eentreb\u0103m: \u201e\u00cel iube\u015fti pe Domnul Isus? Crezi Mesajul?\u201d \u015fi ei s\u0103 spun\u0103: \u201eDa\u201d, s\u0103 fie de acord, dar aceasta nu \u00eenseamn\u0103 nimic pentru c\u0103 por\u0163ile Locuin\u0163ei mor\u0163ilor pot birui aceasta. <u>Este \u00eens\u0103 un lucru pe care por\u0163ile iadului nu \u00eel pot birui, iar acesta este descoperirea divin\u0103 care vine direct de la Tat\u0103l<\/u>. <u>C\u00e2nd un om prime\u015fte aceast\u0103 descoperire de la Tat\u0103l, indiferent cu ce situa\u0163ii se va confrunta, por\u0163ile iadului nu vor putea birui niciodat\u0103 descoperirea primit\u0103<\/u>. Aleluia!<\/p>\n<p>\u201e<em>\u00ce\u0163i voi da cheile \u00cemp\u0103r\u0103\u0163iei cerurilor, \u015fi orice vei lega pe p\u0103m\u00e2nt va fi legat \u00een ceruri \u015fi orice vei dezlega pe p\u0103m\u00e2nt va fi dezlegat \u00een ceruri<\/em>.\u201d<\/p>\n<p><em>Atunci a poruncit ucenicilor S\u0103i s\u0103 nu spun\u0103 nim\u0103nui c\u0103 El este Hristosul<\/em>.\u201d (<u>v. 19-20<\/u>).<\/p>\n<p>\u00cen continuare, vreau s\u0103 relu\u0103m povestea de aici \u015fi s\u0103 urm\u0103m acest fir.<\/p>\n<p>Aici, Petru tocmai a primit o descoperire din partea Tat\u0103lui \u015fi El i-a f\u0103g\u0103duit c\u0103-i va da cheile \u00cemp\u0103r\u0103\u0163iei.<\/p>\n<p>S\u0103 citim mai departe:<\/p>\n<p>\u201e<em>De atunci \u00eencolo, Isus a \u00eenceput s\u0103 spun\u0103 ucenicilor S\u0103i c\u0103 El trebuie s\u0103 mearg\u0103 la Ierusalim, s\u0103 p\u0103timeasc\u0103 mult din partea b\u0103tr\u00e2nilor, din partea preo\u0163ilor celor mai de seam\u0103 \u015fi din partea c\u0103rturarilor; c\u0103 are s\u0103 fie omor\u00e2t \u015fi c\u0103 a treia zi are s\u0103 \u00eenvieze.<\/em><\/p>\n<p><em>Petru L-a luat deoparte \u015fi a \u00eenceput s\u0103-L mustre, zic\u00e2nd: \u201eS\u0103 Te fereasc\u0103 Dumnezeu, Doamne! S\u0103 nu \u0162i se \u00eent\u00e2mple a\u015fa ceva!\u201d<\/em><\/p>\n<p><em>Dar Isus S-a \u00eentors \u015fi <u>a zis lui Petru<\/u>: <\/em><em>\u201e<u>\u00cenapoia Mea, Satano<\/u>, <u>tu e\u015fti o piatr\u0103 de poticnire pentru Mine! C\u0103ci g\u00e2ndurile tale nu sunt g\u00e2ndurile lui Dumnezeu, ci g\u00e2nduri de ale oamenilor<\/u><\/em>.\u201d<\/p>\n<p>A\u015f vrea s\u0103 fi\u0163i aten\u0163i pentru c\u0103 noi \u00eel urm\u0103rim pe Petru ca Mireas\u0103 a lui Isus Hristos. El a primit descoperirea cu privire la Cine era Isus Hristos, Cuv\u00e2ntul f\u0103cut trup, Mesia, iar aceast\u0103 descoperire nu a venit de la el sau de la un alt om, ci de la Tat\u0103l. Astfel, putem vedea c\u0103 <u>Petru a urcat pu\u0163in sus, dar nu a ajuns destul de sus pentru c\u0103 nu avea deosebire duhovniceasc\u0103<\/u>. De ce nu avea deosebire duhovniceasc\u0103? <u>Pentru c\u0103 atunci c\u00e2nd Cuv\u00e2ntul f\u0103cut trup, Isus Hristos, i-a adus Cuv\u00e2ntul, Petru a negat Cuv\u00e2ntul \u00een fa\u0163a Cuv\u00e2ntului<\/u>.<\/p>\n<p>Isus a spus: \u201eVoi merge la Ierusalim, unde voi p\u0103timi mult \u015fi voi fi r\u0103stignit, dar a treia zi, voi \u00eenvia\u201d, dar <u>Petru nu a fost de acord \u015fi a mustrat Cuv\u00e2ntul<\/u>. <u>El L-a mustrat pe Isus Hristos \u015fi a negat Cuv\u00e2ntul care a ie\u015fit din gura Sa<\/u> spun\u00e2nd: \u201eNu este posibil! Aceasta nu \u0162i se va \u00eent\u00e2mpla niciodat\u0103!\u201d Vede\u0163i? Petru era undeva mai jos, dar Isus Hristos avea deosebire duhovniceasc\u0103 \u015fi Se afla mai sus. Astfel, <u>Isus S-a \u00eentors spre Petru, dar nu l-a v\u0103zut pe prietenul s\u0103u cu care a dormit, a pescuit \u015fi a avut campanii mari de vindecare, ci a v\u0103zut un duh r\u0103u care vorbea prin buzele aceluia\u015fi om<\/u> care nu demult spusese: \u201eTu e\u015fti Hristosul, Fiul Dumnezeului celui viu.\u201d<\/p>\n<p>Aceasta \u00eenseamn\u0103 s\u0103 ai deosebire duhovniceasc\u0103, pentru c\u0103 av\u00e2nd deosebire duhovniceasc\u0103, noi putem r\u0103spunde numai prin Cuv\u00e2nt. Astfel, c\u00e2nd Petru a negat Cuv\u00e2ntul, Isus a \u015ftiut c\u0103 acela era diavolul care \u00eencerca s\u0103-L \u00eempiedice s\u0103 \u00eemplineasc\u0103 partea Sa din Cuv\u00e2nt. Deci, <u>Petru a urcat pu\u0163in mai sus c\u00e2nd a \u00een\u0163eles Cine era Isus, dar nu a mers destul de sus pentru a avea deosebire duhovniceasc\u0103<\/u>, deoarece pe m\u0103sur\u0103 ce cre\u015ftem \u00een descoperire, cre\u015fte \u015fi perspectiva, viziunea \u015fi deosebirea noastr\u0103. Deosebirea merge mai sus. Vede\u0163i de ce trebuie s\u0103 avem descoperire?<\/p>\n<p>Fratele Branham ne-a spus s\u0103 ne rug\u0103m pentru biruin\u0163\u0103, pentru Via\u0163\u0103, pentru descoperirea care ne aduce Via\u0163a. De ce? Pentru c\u0103 cu c\u00e2t mergem mai sus, cu at\u00e2t vedem mai mult \u015fi perspectiva noastr\u0103 este mai clar\u0103.<\/p>\n<p>A\u015fadar, noi putem vedea c\u0103 Petru trebuia s\u0103 urce mai sus.<\/p>\n<p>Haide\u0163i s\u0103 continu\u0103m povestea \u00een <u>Ioan 18<\/u> \u015fi s\u0103 mergem mai departe.<\/p>\n<p><u>C\u00e2nd Petru, sub o perspectiv\u0103 slab\u0103, sub o deosebire slab\u0103, a spus ceva gre\u015fit, Isus nu l-a pus deoparte \u015fi nu a ales alt apostol \u00een locul lui<\/u>. El \u015ftia c\u0103 Petru trebuia s\u0103 creasc\u0103 \u00een descoperire, s\u0103 urce mai sus ca s\u0103 vad\u0103 acela\u015fi lucru pe care \u00eel v\u0103zuse \u015fi Domnul lui. <u>C\u00e2nd a spus acele cuvinte, Petru avea o perspectiv\u0103 fireasc\u0103 cu privire la Mesaj, la ceea ce auzea, dar el trebuia s\u0103 urce mai sus<\/u>.<\/p>\n<p>Astfel, ajungem \u00een <u>Ioan 18.1-4<\/u>:<\/p>\n<p>\u201e<em>Dup\u0103 ce a rostit aceste vorbe, Isus a plecat cu ucenicii S\u0103i dincolo de p\u00e2r\u00e2ul Chedron, unde era o gr\u0103din\u0103, \u00een care au intrat El \u015fi ucenicii Lui.<\/em><\/p>\n<p><em>Iuda, v\u00e2nz\u0103torul, \u015ftia \u015fi el locul acela, pentru c\u0103 Isus de multe ori Se adunase acolo cu ucenicii Lui. <\/em><\/p>\n<p><em>Iuda deci a luat ceata osta\u015filor \u015fi pe aprozii trimi\u015fi de preo\u0163ii cei mai de seam\u0103 \u015fi de farisei \u015fi a venit acolo cu felinare, cu f\u0103clii \u015fi cu arme.<\/em><\/p>\n<p><em>Isus, care \u015ftia tot ce avea s\u0103 I se \u00eent\u00e2mple, a mers spre ei \u015fi le-a zis: <\/em><em>\u201ePe cine c\u0103uta\u0163i?<\/em>\u201d<\/p>\n<p>A\u015f vrea s\u0103 vede\u0163i diferen\u0163a dintre Isus \u015fi Petru, pentru c\u0103 Isus \u015ftia toate lucrurile, \u015ftia ce se \u00eent\u00e2mpla. De fapt, Isus \u015ftia c\u0103 Iuda era fiul pierz\u0103rii, \u015ftia cine urma s\u0103-L v\u00e2nd\u0103; El\u00a0\u00a0 l-a cunoscut de la \u00eenceput \u015fi l-a ales \u015ftiind ce era \u00een el. Cine i-a dat punga, de\u015fi \u015ftia c\u0103 este un ho\u0163? Isus. Deosebirea Lui era at\u00e2t de \u00eenalt\u0103 \u00eenc\u00e2t nici nu a trebuit s\u0103 se lupte cu Iuda, pentru c\u0103 Iuda avea s\u0103 \u00eemplineasc\u0103 Cuv\u00e2ntul. Cine trebuia s\u0103 \u00eemplineasc\u0103 Scriptura care spunea: \u201e<em>Prietenul meu cel mai apropiat \u015fi-a ridicat c\u0103lc\u00e2iul \u00eempotriva mea.\u201d?<\/em> Acolo era un verset pe care trebuia s\u0103-l \u00eemplineasc\u0103 cineva. Vede\u0163i? Isus nu l-a pus pe Iuda deoparte \u015fi nu l-a tratat diferit fa\u0163\u0103 de ceilal\u0163i apostoli, de\u015fi \u015ftia c\u0103 \u00eentr-o zi avea s\u0103-L v\u00e2nd\u0103. Dimpotriv\u0103, l-a adus mai aproape \u015fi i-a dat punga cu bani pentru c\u0103 \u015ftia c\u0103 avea inima unui ho\u0163; \u015ftia c\u0103 de la \u00eenceput era un diavol, dar se afla acolo ca s\u0103 \u00eemplineasc\u0103 Scripturile.<\/p>\n<p>Fiind mult mai sus, Isus nu a tratat pe nimeni diferit, pentru c\u0103 cineva trebuia s\u0103 \u00eemplineasc\u0103 Cuv\u00e2ntul. Ce crede\u0163i c\u0103 ar fi f\u0103cut Petru dac\u0103 ar fi \u015ftiut ce urma s\u0103 fac\u0103 Iuda? Acolo ar fi fost o lupt\u0103 pentru c\u0103 el avea o deosebire duhovniceasc\u0103 mic\u0103, dar trebuia s\u0103 urce mai sus. Dar Isus \u015ftia toate lucrurile. El era \u00een gr\u0103din\u0103 \u015fi \u015ftia ce urma s\u0103 se \u00eent\u00e2mple. Ce a f\u0103cut c\u00e2nd i-a v\u0103zut pe solda\u0163i venind? A fugit? S-a ascuns? Nicidecum! A p\u0103\u015fit \u00eenaintea lor \u015fi a spus: \u201e<em>Pe cine c\u0103uta\u0163i?\u201d <\/em>pentru c\u0103 trebuia s\u0103 se \u00eemplineasc\u0103 Cuv\u00e2ntul. Aleluia!<\/p>\n<p><u>Scopul, principala \u0163int\u0103 a lui Isus era s\u0103 vegheze asupra \u00eemplinirii Cuv\u00e2ntului. Dac\u0103 aceasta implica zdrobirea Sa, nimicirea Sa, moartea sau v\u00e2nzarea Sa, scopul Lui era s\u0103 vegheze asupra \u00eemplinirii Cuv\u00e2ntului, r\u00e2nd cu r\u00e2nd, iot\u0103 cu iot\u0103, ca s\u0103 nu cad\u0103 nici m\u0103car o virgul\u0103 sau un punct<\/u>.<\/p>\n<p>Isus \u015ei-a tr\u0103it Via\u0163a asigur\u00e2ndu-Se c\u0103 avea s\u0103 fie \u00eemplinit fiecare Cuv\u00e2nt. Eu cred c\u0103 \u015fi noi trebuie s\u0103 mergem mai sus. voi ce crede\u0163i?<\/p>\n<p>Ce a\u0163i face dac\u0103 a\u0163i sta \u00een biseric\u0103 l\u00e2ng\u0103 un prieten bun despre care a\u0163i \u015fti c\u0103 \u00eentr-o zi se va \u00eentoarce \u00eempotriva voastr\u0103, v-ar da pe m\u00e2na autorit\u0103\u0163ilor, ar porni \u00eempotriva voastr\u0103 o prigoan\u0103 \u015fi v-ar arunca \u00een \u00eenchisoare? C\u00e2t este de sus descoperirea voastr\u0103 acum? Cum l-a\u0163i trata pe individul acela? L-a\u0163i trata cu dragoste, i-a\u0163i da portofelul vostru, a\u0163i avea \u00eencredere \u00een el a\u015fa cum a avut Isus? Vede\u0163i? Cineva trebuie s\u0103 \u00eemplineasc\u0103 Scripturile.<\/p>\n<p>\u201e<em>Isus, care \u015ftia tot ce avea s\u0103 I se \u00eent\u00e2mple, a mers spre ei \u015fi le-a zis: <\/em><em>\u201ePe cine c\u0103uta\u0163i?\u201d<\/em><\/p>\n<p><em>Ei I-au r\u0103spuns: \u201ePe Isus din Nazaret!\u201d Isus le-a zis: <\/em><em>\u201eEu sunt!\u201d<\/em><em> Iuda, v\u00e2nz\u0103torul, era \u015fi el cu ei.<\/em><\/p>\n<p><em>C\u00e2nd le-a zis Isus: <\/em><em>\u201eEu sunt\u201d<\/em><em>, ei s-au dat \u00eenapoi \u015fi au c\u0103zut la p\u0103m\u00e2nt<\/em>.\u201d<\/p>\n<p>\u00cemi place versetul acesta. Isus avea destul\u0103 putere \u00een Cuv\u00e2ntul S\u0103u \u00eenc\u00e2t s\u0103-i tr\u00e2nteasc\u0103 la p\u0103m\u00e2nt. Crede\u0163i c\u0103 nu ar fi putut sc\u0103pa? Crede\u0163i c\u0103 nu ar fi putut s\u0103-i loveasc\u0103 cu orbire sau cu moartea? El le-a ar\u0103tat ce putere avea Cuv\u00e2ntul S\u0103u vorbit, dar El nu a folosit-o pentru c\u0103 dac\u0103 ar fi folosit-o ca s\u0103 scape, ar fi fost un antihrist \u015fi nu Hristosul. Cuv\u00e2ntul \u201e<u>Hristos<\/u>\u201d \u00eenseamn\u0103 \u201e<u>Cuv\u00e2ntul uns<\/u>\u201d, iar Cuv\u00e2ntul \u00cel chema s\u0103 moar\u0103. Astfel, El nu a f\u0103cut nimic, nu \u015ei-a folosit puterea, \u00een\u0163elegerea \u015fi deosebirea pentru a opri \u00eemplinirea Cuv\u00e2ntului lui Dumnezeu. Amin!<\/p>\n<p>\u201e<em>El i-a \u00eentrebat din nou: <\/em><em>\u201ePe cine c\u0103uta\u0163i?\u201d<\/em><em> \u201ePe Isus din Nazaret\u201d, I-au zis ei.<\/em><\/p>\n<p><em>Isus a r\u0103spuns: <\/em><em>\u201eV-am spus c\u0103 Eu sunt. Deci, dac\u0103 M\u0103 c\u0103uta\u0163i pe Mine, l\u0103sa\u0163i pe ace\u015ftia s\u0103 se duc\u0103.\u201d<\/em><\/p>\n<p><em>A zis lucrul acesta ca s\u0103 se \u00eemplineasc\u0103 vorba pe care o spusese: <\/em><em>\u201eN-am pierdut pe niciunul din aceia pe care Mi i-ai dat<\/em>.\u201d (<u>v.7-9<\/u>).<\/p>\n<p>Dac\u0103 Scriptura ar fi spus: \u201eI-au \u00eenjunghiat pe cei care erau cu Mine\u201d, Isus nu ar fi zis: \u201e<em>l\u0103sa\u0163i pe ace\u015ftia s\u0103 se duc\u0103.\u201d<\/em> Dar pentru c\u0103 Scriptura spunea: \u201e<em>N-am pierdut pe niciunul din aceia pe care Mi i-ai dat\u201d, <\/em>El a spus: \u201e<em>l\u0103sa\u0163i pe ace\u015ftia s\u0103 se duc\u0103.\u201d<\/em> Vede\u0163i? Tot ceea ce a f\u0103cut El, fiecare pas, fiecare ac\u0163iune a fost din pricina a ceea ce spunea Cuv\u00e2ntul. Isus a \u00eenv\u0103\u0163at ceva ce trebuie s\u0103 \u00eenv\u0103\u0163\u0103m \u015fi noi: \u201e<u>Totul este Cuv\u00e2ntul \u015fi numai Cuv\u00e2ntul<\/u>.\u201d <u>Nu este g\u00e2ndirea noastr\u0103, \u00een\u0163elegerea sau sim\u0163\u0103mintele noastre, ci este Cuv\u00e2ntul \u015fi numai Cuv\u00e2ntul<\/u>.<\/p>\n<p>\u201e<em>Simon Petru, care avea o sabie, a scos-o, a lovit pe robul marelui preot \u015fi i-a t\u0103iat urechea dreapt\u0103. Robul acela se numea Malhu.<\/em><\/p>\n<p><em>Isus a zis lui Petru: <\/em><em>\u201e<u>Bag\u0103-\u0163i sabia \u00een teac\u0103. Nu voi bea paharul pe care Mi l-a dat Tat\u0103l s\u0103-l beau<\/u>?<\/em>\u201d<\/p>\n<p>Vede\u0163i? Aici Petru era mai jos, dar Isus era mai sus. Petru era \u00eenc\u0103 legat de g\u00e2ndirea sa fireasc\u0103, se afla \u00eenc\u0103 sub influen\u0163a a ceea ce credea el atunci c\u00e2nd Isus a spus c\u0103 urma s\u0103 fie ucis, iar el i-a r\u0103spuns: \u201e<em>S\u0103 Te fereasc\u0103 Dumnezeu s\u0103 \u0163i se \u00eent\u00e2mple a\u015fa ceva!\u201d<\/em> Imediat, Isus, Cuv\u00e2ntul \u00censu\u015fi l-a mustrat \u015fi i-a zis: \u201e<em>\u00cenapoia Mea, Satan\u0103!\u201d<\/em>, iar noi putem vedea c\u0103 <u>o mustrare f\u0103r\u0103 descoperire nu va schimba nimic<\/u>. Petru a fost mustrat de \u00censu\u015fi Isus care a spus: \u201eAcesta este diavolul!\u201d, dar <u>pentru c\u0103 nu a avut loc o poc\u0103in\u0163\u0103 \u015fi nu a avut parte de o descoperire, Petru nu a mers mai sus, ci a r\u0103mas tot \u00een locul \u00een care se afla c\u00e2nd a fost mustrat<\/u>.<\/p>\n<p><u>Apoi, Domnul l-a supus la un alt test, dar a c\u0103zut \u00een acela\u015fi fel cum a c\u0103zut \u00eenainte, numai c\u0103 de data aceasta a scos sabia ca s\u0103 lupte pentru ceea ce credea<\/u>.<\/p>\n<p><u>Aceasta ne arat\u0103 c\u0103 noi putem mustra c\u00e2t vrem pe cineva, pentru c\u0103 f\u0103r\u0103 descoperire, omul acela va r\u0103m\u00e2ne la acela\u015fi nivel \u015fi va continua s\u0103 procedeze \u00een acela\u015fi fel \u00een repetate r\u00e2nduri. Din cauza aceasta, <\/u><strong>unii oameni pe care-i cunoa\u015ftem fac acela\u015fi lucru iar \u015fi iar.<\/strong> <strong>Astfel, noi \u015ftim c\u0103 ei nu au urcat nici m\u0103car un pas mai sus \u00een descoperire<\/strong>. \u00cen\u0163elege\u0163i? <u>Dac\u0103 ei ar fi mers mai sus \u00een descoperire, dac\u0103 Petru ar fi mers pu\u0163in mai sus, nu ar fi luptat niciodat\u0103 \u00eempotriva lor<\/u>.<\/p>\n<p>Isus Se afla sus; El era Cuv\u00e2ntul \u015fi numai Cuv\u00e2ntul, dar Petru se afla mai jos, \u00eentr-un loc \u00een care ar fi spus: \u201eDac\u0103 sco\u0163i sabia, o scot \u015fi eu!\u201d Cu alte cuvinte: \u201eDac\u0103 porni\u0163i o dezbatere, voi porni \u015fi eu una! Dac\u0103 aduce\u0163i un argument intelectual, voi aduce \u015fi eu!\u201d Dar <u>noi nu trebuie s\u0103 facem aceasta, ci trebuie s\u0103 mergem mai sus<\/u>!<\/p>\n<p>S\u0103 mergem \u00een <u>Luca 24.44-45<\/u>. Dac\u0103 v\u0103 reg\u0103si\u0163i prin\u015fi tot timpul \u00een dezbateri religioase, trebuie s\u0103 merge\u0163i mai sus. Dac\u0103 sunte\u0163i tot timpul \u00een lupt\u0103 \u015fi zbucium, trebuie s\u0103 merge\u0163i mai sus.<\/p>\n<p><u>Luca 24.44-45<\/u> s-a \u00eent\u00e2mplat dup\u0103 ce Isus a fost r\u0103stignit, pus \u00eentr-un morm\u00e2nt \u015fi \u00eenviat. El a ap\u0103rut \u00een camera \u00een care se ascundeau ei, le-a zis: \u201ePace vou\u0103!\u201d \u015fi i-a \u00eentrebat dac\u0103 au ceva de m\u00e2ncare, iar ei I-au dat un fagure de miere \u015fi pe\u015fte.<\/p>\n<p>\u201e<em>Apoi, le-a zis: <\/em><em>\u201eIat\u0103 ce v\u0103 spuneam c\u00e2nd \u00eenc\u0103 eram cu voi, c\u0103 trebuie s\u0103 se \u00eemplineasc\u0103 tot ce este scris despre Mine \u00een Legea lui Moise, \u00een Proroci \u015fi \u00een Psalmi<\/em>.\u201d<\/p>\n<p><em>Atunci le-a deschis mintea, ca s\u0103 \u00een\u0163eleag\u0103 Scripturile<\/em>.\u201d<\/p>\n<p>Noi \u015ftim c\u0103 Petru era acolo. Isus a venit, a pus degetul \u00een Scripturi \u015fi a spus: \u201eToate acestea au trebuit s\u0103 se \u00eent\u00e2mple ca s\u0103 se \u00eemplineasc\u0103 Scripturile\u201d, dup\u0103 care a \u00eenceput s\u0103 le predice din Lege \u015fi din profe\u0163i \u015fi le-a deschis mintea ca s\u0103 \u00een\u0163eleag\u0103. Atunci Petru a \u00eenceput s\u0103 urce mai sus. Cum a mers el mai sus? <u>Prin deschiderea Cuv\u00e2ntului<\/u>. Prin deschiderea Cuv\u00e2ntului, Petru a urcat \u00een descoperire. Sl\u0103vit s\u0103 fie Domnul!<\/p>\n<p>Acum vom citi din <u>Fapte 1.15-20<\/u>:<\/p>\n<p>\u201e<em>\u00cen zilele acelea, Petru s-a sculat \u00een mijlocul fra\u0163ilor \u2013 num\u0103rul celor aduna\u0163i laolalt\u0103 era de aproape o sut\u0103 dou\u0103zeci \u2013 \u015fi a zis:<\/em><\/p>\n<p><em>\u201eFra\u0163ilor, trebuia s\u0103 se \u00eemplineasc\u0103 Scriptura spus\u0103 de Duhul Sf\u00e2nt mai \u00eenainte, prin gura lui David, despre Iuda, care a fost c\u0103l\u0103uza celor ce au prins pe Isus.<\/em><\/p>\n<p><em>El era din num\u0103rul nostru \u015fi era p\u0103rta\u015f al aceleia\u015fi slujbe.<\/em><\/p>\n<p><em>Omul acesta a dob\u00e2ndit un ogor cu plata nelegiuirii lui, a c\u0103zut cu capul \u00een jos, a plesnit \u00een dou\u0103 prin mijloc \u015fi i s-au v\u0103rsat toate m\u0103runtaiele.<\/em><\/p>\n<p><em>Lucrul acesta a ajuns a\u015fa de cunoscut de to\u0163i locuitorii din Ierusalim, \u00eenc\u00e2t ogorul acela a fost numit \u00een limba lor: \u201eAcheldama\u201d, adic\u0103: \u201eOgorul s\u00e2ngelui\u201d.<\/em><\/p>\n<p><em>\u00cen adev\u0103r, \u00een cartea Psalmilor este scris: \u201eLocuin\u0163a lui s\u0103 r\u0103m\u00e2n\u0103 pustie \u015fi nimeni s\u0103 nu locuiasc\u0103 \u00een ea!\u201d \u015fi \u201eSlujba lui s-o ia altul!<\/em>\u201d\u201d<\/p>\n<p>A\u015f vrea s\u0103-l urm\u0103rim pe Petru mai departe. A\u015fa cum am v\u0103zut, Petru a trecut prin mai multe stadii: mai \u00eent\u00e2i, <u>a fost mustrat de Isus pentru c\u0103 El i-a vorbit Cuv\u00e2ntul, iar Petru L-a negat \u00een fa\u0163a Sa<\/u>; apoi, c\u00e2nd au venit solda\u0163ii s\u0103-L ia pe Isus, <u>a ripostat cu sabia<\/u>, dar <u>dup\u0103 aceea, Isus a venit \u015fi i-a deschis Scriptura \u015fi astfel l-a dus mai sus<\/u>.<\/p>\n<p>Aici, \u00een Fapte 1, ei nu primiser\u0103 \u00eenc\u0103 Duhul Sf\u00e2nt, dar aveau Scriptura deschis\u0103, a\u015fa c\u0103 Petru a putut s\u0103-l pozi\u0163ioneze clar pe Iuda \u00een Scripturi. \u00cenainte, el nu avea nici o idee cu privire la cele \u00eent\u00e2mplate: vinderea lui Isus era o tain\u0103 \u015fi totul mergea gre\u015fit, dar dup\u0103 ce a fost dus de Isus pu\u0163in mai sus, a putut spune: \u201eFra\u0163ilor, lucrul acesta a trebuit s\u0103 se \u00eent\u00e2mple a\u015fa. Aceasta este ceea ce a spus Domnul prin David, este \u00eemplinirea Psalmului 41.9.\u201d Astfel, a \u00eenceput s\u0103 a\u015feze Scripturile care ar\u0103tau exact unde se aflau ei, prin ce trecuser\u0103 \u015fi ce li se \u00eent\u00e2mplase. Atunci, <u>el nu mai folosea \u00een\u0163elepciunea sa, ci Cuv\u00e2ntul<\/u>.<\/p>\n<p>Vede\u0163i ce se \u00eent\u00e2mpl\u0103 c\u00e2nd urc\u0103m mai sus? Dar mai era \u00eenc\u0103 o problem\u0103: Petru nu urcase totu\u015fi destul de sus. El era destul de sus ca s\u0103 vad\u0103 c\u0103 evenimentul la care fuseser\u0103 martori se afla \u00een Cuv\u00e2nt, c\u0103 acele lucruri se reg\u0103seau \u00een Scripturi, a\u015fa c\u0103 \u00een\u0163elegeau de ce l-a v\u00e2ndut Iuda pe Isus \u015fi c\u0103 el avusese o slujb\u0103 printre ei. Astfel, Petru a spus: \u201eSlujba lui s-o ia altul!\u201d<\/p>\n<p>A\u015fadar, el cuno\u015ftea Cuv\u00e2ntul \u015fi putea recunoa\u015fte Cuv\u00e2ntul pentru ziua sa, a identificat corect unde se aflau, dar \u00een continuare a spus:<\/p>\n<p>\u201e<em>Trebuie deci ca, dintre cei ce ne-au \u00eenso\u0163it \u00een toat\u0103 vremea \u00een care a tr\u0103it Domnul Isus \u00eentre noi,<\/em><\/p>\n<p><em>cu \u00eencepere de la botezul lui Ioan p\u00e2n\u0103 \u00een ziua c\u00e2nd S-a \u00een\u0103l\u0163at El de la noi, s\u0103 fie r\u00e2nduit unul care s\u0103 ne \u00eenso\u0163easc\u0103 drept martor al \u00eenvierii Lui.\u201d<\/em><\/p>\n<p><em>Ei au pus \u00eenainte pe doi: pe Iosif, numit Barsaba, zis \u015fi Iust, \u015fi pe Matia.<\/em><\/p>\n<p><em>Apoi au f\u0103cut urm\u0103toarea rug\u0103ciune: \u201eDoamne, Tu, care cuno\u015fti inimile tuturor oamenilor, arat\u0103-ne pe care din ace\u015fti doi l-ai ales,<\/em><\/p>\n<p><em>ca s\u0103 ia loc \u00een slujba \u015fi apostolia aceasta, din care a c\u0103zut Iuda, ca s\u0103 mearg\u0103 la locul lui.\u201d<\/em><\/p>\n<p><em>Au tras la sor\u0163i, \u015fi sor\u0163ul a c\u0103zut pe Matia, care a fost num\u0103rat \u00eempreun\u0103 cu cei unsprezece apostoli<\/em>.\u201d (<u>v. 21-26<\/u>).<\/p>\n<p>Aici, Petru a f\u0103cut prima gre\u015feal\u0103 pe care putea s-o fac\u0103 un credincios care avea descoperirea. El a v\u0103zut Cuv\u00e2ntul, a v\u0103zut Cuv\u00e2ntul pentru ziua sa, a v\u0103zut ce trebuia s\u0103 se \u00eent\u00e2mple, dar apoi \u015fi-a folosit propria minte pentru a aduce acel lucru la \u00eemplinire. Astfel, a spus: \u201eTrebuie s\u0103 alegem pe altcineva.\u201d<\/p>\n<p>\u0162ine\u0163i minte c\u0103 \u00eenc\u0103 nu Se rev\u0103rsase Duhul Sf\u00e2nt, deci Petru se afla tot \u00een g\u00e2ndirea sa. El fusese luat mai sus, primise descoperirea, U\u015fa se deschisese pu\u0163in, dar \u00eenc\u0103 avea o parte fireasc\u0103 \u00een\u0103untrul s\u0103u, a\u015fa c\u0103 a spus: \u201eTrebuie s\u0103 alegem pe cineva! Trebuie s\u0103 tragem la sor\u0163 \u015fi Domnul ne va spune pe cine s\u0103 alegem.\u201d<\/p>\n<p>Ce ar trebui s\u0103 fac\u0103 Domnul c\u00e2nd mergem \u00eenaintea Lui \u00een felul acesta? C\u00e2nd spunem: \u201eCare dintre ace\u015ftia doi\u2026?\u201d Dac\u0103 nu este niciunul dintre ei? Dac\u0103 punem problema a\u015fa, sor\u0163ul va c\u0103dea fie \u00eentr-o parte, fie \u00een partea cealalt\u0103. <u>Prin felul cum au pus problema, ei nici m\u0103car nu I-au dat nici o \u015fans\u0103 lui Dumnezeu<\/u>. Ei au stabilit criteriul \u015fi au ales doi oameni zic\u00e2nd: \u201eEi au fost cu noi de c\u00e2nd am \u00eenceput slujba Domnului.\u201d Cine spune c\u0103 trebuie s\u0103 fie a\u015fa? Criteriul lor era unul total firesc pentru c\u0103 atunci c\u00e2nd a f\u0103cut Dumnezeu alegerea Sa, Isus Hristos a mers personal \u015fi l-a chemat pe fiecare apostol. Astfel, \u00een cazul acesta alegerea lui Dumnezeu a fost Pavel, un om al c\u0103rui nume a fost schimbat din Saul \u00een Pavel. El l-a chemat prin St\u00e2lpul de Foc, l-a chemat \u00een mod direct, a\u015fa cum i-a chemat \u015fi pe ceilal\u0163i apostoli.<\/p>\n<p>Isus a ales pe altcineva ca s\u0103 ia slujba apostolic\u0103 la care a renun\u0163at Iuda, pentru c\u0103 Cuv\u00e2ntul trebuia \u00eemplinit. Dar Petru a \u00eencercat s\u0103-l \u00eemplineasc\u0103 conform g\u00e2ndirii lui \u015fi nu a a\u015fteptat s-o fac\u0103 Dumnezeu \u00een felul S\u0103u.<\/p>\n<p>Aceasta este gre\u015feala pe care o face Mireasa c\u00e2nd vede Cuv\u00e2ntul pentru ziua ei; ea vede exact ceea ce trebuie s\u0103 se \u00eent\u00e2mple pentru c\u0103 Cuv\u00e2ntul a fost deschis, dar c\u00e2nd \u00eencearc\u0103 s\u0103-L manifeste ea \u00eens\u0103\u015fi \u015fi s\u0103-l aduc\u0103 la \u00eemplinire, creeaz\u0103 o mare problem\u0103. Ea trebuie s\u0103-L a\u015ftepte pe Dumnezeu s\u0103-L \u00eemplineasc\u0103 \u00een felul S\u0103u.<\/p>\n<p>Petru i-a adus \u00eenaintea lui Dumnezeu pe cei doi spun\u00e2nd: \u201eEste acesta sau acesta?\u201d, dar nu era niciunul dintre ei. Ei au aruncat sor\u0163ul, iar acesta a c\u0103zut pe unul dintre cei doi, a\u015fa c\u0103 au spus: \u201eAceasta este alegerea lui Dumnezeu\u201d, dar Dumnezeu nu a avut nimic a face cu alegerea lor, pentru c\u0103 alegerea Lui a fost apostolul Pavel. \u015ei El a ales s\u0103-l cheme \u00een acela\u015fi fel \u00een care i-a chemat pe fiecare din cei unsprezece apostoli, adic\u0103 i-a spus: \u201eUrmeaz\u0103-M\u0103!\u201d Vede\u0163i? Petru trebuia s\u0103 mearg\u0103 mai sus.<\/p>\n<p>Prieteni, dac\u0103 trebuie s\u0103 mergem undeva, trebuie s\u0103 mergem mai sus \u015fi s\u0103 renun\u0163\u0103m la felul nostru firesc de a \u00eencerca s\u0103 facem Cuv\u00e2ntul s\u0103 func\u0163ioneze, de a-L aduce la \u00eemplinire dup\u0103 g\u00e2ndul nostru, ci trebuie s\u0103 mergem mai sus \u00een descoperire \u015fi s\u0103 privim cum face Dumnezeu totul.<\/p>\n<p>S\u0103 mergem \u00een <u>Fapte 2.1-4<\/u>:<\/p>\n<p>\u201e<em>\u00cen Ziua Cincizecimii, erau to\u0163i \u00eempreun\u0103 \u00een acela\u015fi loc.<\/em><\/p>\n<p><em>Deodat\u0103, a venit din cer un sunet ca v\u00e2j\u00e2itul unui v\u00e2nt puternic \u015fi a umplut toat\u0103 casa unde \u015fedeau ei.<\/em><\/p>\n<p><em>Ni\u015fte limbi ca de foc au fost v\u0103zute \u00eemp\u0103r\u0163indu-se printre ei \u015fi s-au a\u015fezat c\u00e2te una pe fiecare din ei.<\/em><\/p>\n<p><em>\u015ei to\u0163i s-au umplut de Duh Sf\u00e2nt \u015fi au \u00eenceput s\u0103 vorbeasc\u0103 \u00een alte limbi, dup\u0103 cum le d\u0103dea Duhul s\u0103 vorbeasc\u0103<\/em>.\u201d<\/p>\n<p>Aici vedem c\u0103 Petru \u015fi cei de l\u00e2ng\u0103 el au mers mai departe, au primit botezul Duhului Sf\u00e2nt \u015fi au vorbit \u00een limbi. Ei au urcat pu\u0163in mai sus, iar dup\u0103 ce au primit botezul Duhului Sf\u00e2nt, Petru s-a ridicat \u015fi a predicat prima predic\u0103 din biserica nou testamental\u0103:<\/p>\n<p>\u201e<em>Atunci, Petru s-a sculat \u00een picioare cu cei unsprezece, a ridicat glasul \u015fi le-a zis: \u201eB\u0103rba\u0163i iudei \u015fi voi to\u0163i cei care locui\u0163i \u00een Ierusalim, s\u0103 \u015fti\u0163i lucrul acesta \u015fi asculta\u0163i cuvintele mele!<\/em><\/p>\n<p><em>Oamenii ace\u015ftia nu sunt be\u0163i, cum v\u0103 \u00eenchipui\u0163i voi, c\u0103ci nu este dec\u00e2t al treilea ceas din zi.<\/em><\/p>\n<p><em>Ci aceasta este ce a fost spus prin prorocul Ioel<\/em>\u2026\u201d (<u>v. 14-16<\/u>).<\/p>\n<p>Vede\u0163i, el a urcat at\u00e2t de sus \u00eenc\u00e2t tot ceea ce putea vedea era \u00eemplinirea Scripturilor, era Cuv\u00e2ntul care venea la \u00eemplinire. Petru nu se mai folosea de ra\u0163ionamentul s\u0103u, nu citea \u00een ziar pentru a \u00een\u0163elege ce se \u00eent\u00e2mpla, ci s-a dus \u00eenapoi, la profe\u0163iile Vechiului Testament \u015fi a spus prin descoperire: \u201e<em>Aceasta este ceea ce a spus Ioel\u201d<\/em>. Cum a \u015ftiut aceasta? <u>Prin descoperire<\/u>. Petru a \u015ftiut c\u0103 ceea ce se petrecea era ceea ce spusese Ioel:<\/p>\n<p>\u201e<em>\u00cen zilele de pe urm\u0103, zice Dumnezeu, voi turna din Duhul Meu peste orice f\u0103ptur\u0103; feciorii vo\u015ftri \u015fi fetele voastre vor proroci, tinerii vo\u015ftri vor avea vedenii \u015fi b\u0103tr\u00e2nii vo\u015ftri vor visa visuri!<\/em><\/p>\n<p><em>Da, chiar \u015fi peste robii Mei \u015fi peste roabele Mele voi turna, \u00een zilele acelea, din Duhul Meu \u015fi vor proroci.<\/em><\/p>\n<p><em>Voi face s\u0103 se arate semne sus \u00een cer \u015fi minuni jos pe p\u0103m\u00e2nt, s\u00e2nge, foc \u015fi un v\u00e2rtej de fum;<\/em><\/p>\n<p><em>soarele se va preface \u00een \u00eentuneric, \u015fi luna, \u00een s\u00e2nge \u00eenainte ca s\u0103 vin\u0103 ziua Domnului, ziua aceea mare \u015fi str\u0103lucit\u0103.<\/em><\/p>\n<p><em>Atunci, oricine va chema Numele Domnului va fi m\u00e2ntuit<\/em>.\u201d (<u>v. 17-21<\/u>).<\/p>\n<p>A\u015fadar, Petru s-a ridicat plin de Duhul Sf\u00e2nt \u015fi a spus: \u201e<em>Oamenii ace\u015ftia nu sunt be\u0163i, cum v\u0103 \u00eenchipui\u0163i voi\u201d,<\/em> dar nu a \u00eencercat s\u0103 le aduc\u0103 dovezi c\u0103 nu sunt be\u0163i, nu a spus: \u201eNu am avut alcool \u00een camer\u0103. Pute\u0163i s\u0103-i supune\u0163i la test \u015fi ve\u0163i vedea c\u0103 nu au b\u0103ut\u201d Vede\u0163i? El a spus simplu: \u201e<em>Aceasta este ceea ce a spus Ioel.\u201d <\/em>Prin aceasta, el pozi\u0163iona totul \u00een Scripturi \u015fi le spunea celorlal\u0163i unde se reg\u0103sea ceea ce tr\u0103iau ei. Petru nu a mers la un popor firesc cu o prezentare fireasc\u0103, ci a mers cu Cuv\u00e2ntul \u015fi a spus c\u0103 aceasta era \u00eemplinirea unei profe\u0163ii. \u00cemi place aceasta!<\/p>\n<p>\u00cen continuare, vom merge \u00een capitolul 3. \u0162ine\u0163i minte c\u0103 Petru a mers mai sus, dar vom vedea c\u0103 va merge \u015fi mai sus:<\/p>\n<p>\u201e<em>Petru \u015fi Ioan se suiau \u00eempreun\u0103 la Templu, la ceasul rug\u0103ciunii: era ceasul al nou\u0103lea. <\/em><\/p>\n<p><em>Acolo era un om olog din na\u015ftere, care era dus \u015fi pus \u00een toate zilele la poarta Templului numit\u0103 \u201eFrumoas\u0103\u201d, ca s\u0103 cear\u0103 de mil\u0103 de la cei ce intrau \u00een Templu.<\/em><\/p>\n<p><em>Omul acesta, c\u00e2nd a v\u0103zut pe Petru \u015fi pe Ioan c\u0103 voiau s\u0103 intre \u00een Templu, le-a cerut milostenie.<\/em><\/p>\n<p><em>Petru, ca \u015fi Ioan, s-a uitat \u0163int\u0103 la el \u015fi a zis: \u201eUit\u0103-te la noi!\u201d<\/em><\/p>\n<p><em>\u015ei el se uita la ei cu luare-aminte \u015fi a\u015ftepta s\u0103 capete ceva de la ei.<\/em><\/p>\n<p><em>Atunci, Petru i-a zis: \u201eArgint \u015fi aur n-am, dar ce am, \u00ee\u0163i dau: \u00cen Numele lui Isus Hristos din Nazaret, scoal\u0103-te \u015fi umbl\u0103!\u201d<\/em><\/p>\n<p><em>L-a apucat de m\u00e2na dreapt\u0103 \u015fi l-a ridicat \u00een sus. \u00cendat\u0103 i s-au \u00eent\u0103rit t\u0103lpile \u015fi gleznele;<\/em><\/p>\n<p><em>dintr-o s\u0103ritur\u0103 a fost \u00een picioare \u015fi a \u00eenceput s\u0103 umble. A intrat cu ei \u00een Templu, umbl\u00e2nd, s\u0103rind \u015fi l\u0103ud\u00e2nd pe Dumnezeu.<\/em><\/p>\n<p><em>Tot norodul l-a v\u0103zut umbl\u00e2nd \u015fi l\u0103ud\u00e2nd pe Dumnezeu.<\/em><\/p>\n<p><em>\u00cel cuno\u015fteau c\u0103 era cel ce \u015fedea la poarta \u201eFrumoas\u0103\u201d a Templului, ca s\u0103 cear\u0103 de poman\u0103, \u015fi s-au umplut de uimire \u015fi de mirare pentru cele ce i se \u00eent\u00e2mplaser\u0103<\/em>.\u201d (<u>v .1-10<\/u>).<\/p>\n<p>Scena pentru cele petrecute aici era deja a\u015fezat\u0103, pentru c\u0103 a\u015fa cum \u015ftim, a existat un discurs de inaugurare care a fost \u0163inut de Petru.<\/p>\n<p>Aici a\u015f vrea s\u0103 \u00een\u0163elege\u0163i c\u0103 apostolul Pavel a spus: \u201eEu nu am venit la voi cu vorbe \u00eenduio\u015f\u0103toare ale \u00een\u0163elepciunii umane. Nici cu diplome de doctorat, nici cu predici \u015flefuite, ci am venit cu puterea \u015fi dovada Evangheliei.\u201d<\/p>\n<p>C\u00e2nd s-a ridicat dup\u0103 rev\u0103rsarea Duhului Sf\u00e2nt peste biseric\u0103, Petru a \u00eenceput s\u0103 predice, dar nu s-a folosit de educa\u0163ia sa de pescar sau de lucruri intelectuale. Dar ce a folosit? <u>Cuv\u00e2ntul profetic \u00eemplinit<\/u>: \u201eAceasta este ceea ce a spus Ioel, aceasta este profe\u0163ia de aici, aceasta este \u00eemplinirea.\u201d Petru nu a prezentat ceva ce se afla la mile distan\u0163\u0103, ci a prezentat Cuv\u00e2ntul pentru ziua \u015fi epoca \u00een care tr\u0103ia. El le-a zis: \u201eCare este textul biblic care se \u00eempline\u015fte prin ceea ce vede\u0163i?\u201d Ce predica Petru? <u>Ast\u0103zi s-a \u00eemplinit aceast\u0103 Scriptur\u0103<\/u>. Aleluia. Ce avea s\u0103 atrag\u0103 s\u0103m\u00e2n\u0163a? <u>Ast\u0103zi s-a \u00eemplinit aceast\u0103 Scriptur\u0103<\/u>. Vre\u0163i s\u0103 atrage\u0163i s\u0103m\u00e2n\u0163a lui Dumnezeu de ast\u0103zi? Nu predica\u0163i ceva care are sute de ani vechime, ci predica\u0163i Scriptura care se \u00eempline\u015fte ast\u0103zi. Dac\u0103 vre\u0163i s\u0103 atrage\u0163i s\u0103m\u00e2n\u0163a de ast\u0103zi, renun\u0163a\u0163i s\u0103 munci\u0163i \u00een urm\u0103 cu cincizeci de ani, ci predica\u0163i o Evangheliei care este vie ast\u0103zi, o Evanghelie care este plin\u0103 de via\u0163\u0103, care Se \u00eempline\u015fte ast\u0103zi. <u>Dac\u0103 vre\u0163i s\u0103 ave\u0163i acela\u015fi succes pe care l-a avut Petru, nu pute\u0163i folosi firea, istoria, ci trebuie s\u0103 folosi\u0163i Cuv\u00e2ntul viu, profe\u0163ia \u00eemplinit\u0103 \u00een ziua \u00een care tr\u0103im. Aceasta este Biserica din care dorim s\u0103 facem parte, nu una care continu\u0103 s\u0103 priveasc\u0103 \u00een spate, la ceea ce a fost, la ceea ce s-a \u00eent\u00e2mplat, la ceea ce s-a petrecut \u00een Cartea Faptelor<\/u>. V\u0103 aminti\u0163i ce s-a \u00eent\u00e2mplat la Rusalii? Dar ast\u0103zi ce se \u00eent\u00e2mpl\u0103? Acum? Ce Scripturi se \u00eemplinesc ast\u0103zi? Ce pot s\u0103-i spun cuiva despre ceea ce se \u00eent\u00e2mpl\u0103 ast\u0103zi, \u00een 2017? Aleluia!<\/p>\n<p><u>Dup\u0103 ce au creat o agita\u0163ie predic\u00e2nd o Evangheliei vie, un Cuv\u00e2nt viu, \u015fi au pus pe picioare un om invalid, autorit\u0103\u0163ile s-au sup\u0103rat, nu le-a pl\u0103cut aceasta<\/u>. Privi\u0163i ce s-a \u00eent\u00e2mplat cu Petru dup\u0103 aceea.<\/p>\n<p>Petru a fost chemat \u00eenaintea Sinedriului, unde i s-au pus \u00eentreb\u0103ri cu privire la cele petrecute, \u015fi acela\u015fi Petru care nu demult avusese un nivel sc\u0103zut de descoperire, care L-a privit pe Isus \u00een fa\u0163\u0103 \u015fi I-a zis: \u201eNu se poate \u00eent\u00e2mpla ce ai spus Tu!\u201d, care a negat Cuv\u00e2ntul \u015fi care atunci c\u00e2nd au venit s\u0103-L ia pe Isus, a scos sabia \u015fi a luptat \u00eempotriva Cuv\u00e2ntului lui Dumnezeu, a avut acum cu totul \u015fi cu totul alt\u0103 pozi\u0163ie. Vede\u0163i? \u00cenainte, el crezuse c\u0103 lupt\u0103 ca un soldat, dar de fapt lupta \u00eempotriva \u00eemplinirii Scripturilor.<\/p>\n<p><u>Aceasta este ceea ce face o deosebire slab\u0103: vom lupta \u00eempotriva a ceea ce este r\u00e2nduit s\u0103 ne pun\u0103 la locul nostru, \u00een pozi\u0163ia noastr\u0103, \u00eempotriva a ceea ce face Dumnezeu ca s\u0103 ne ridice mai sus, ca s\u0103 ne duc\u0103 la un alt nivel. Noi scoatem sabia \u015fi lupt\u0103m \u00eempotriva acestui lucru pentru c\u0103 nu avem deosebire<\/u>.<\/p>\n<p>Dar noi trebuie s\u0103 mergem mai sus, s\u0103 fim at\u00e2t de sus \u00eenc\u00e2t s\u0103 ne uit\u0103m la Iov \u015fi s\u0103 spunem: \u201eIov a fost \u00eencercat \u015fi testat pentru c\u0103 Dumnezeu a vrut s\u0103-l testeze \u015fi s\u0103-l \u00eencerce. Pentru c\u0103 Dumnezeu i-a spus Satanei: \u201eL-ai v\u0103zut pe robul Meu, Iov? Ce-ai zice dac\u0103 l-a \u00eencerca?\u201d Dar diavolul a r\u0103spuns: \u201eNu pot s\u0103 m\u0103 ating de el pentru c\u0103 m\u00e2na Ta vegheaz\u0103 asupra lui.\u201d Atunci Dumnezeu i-a zis Satanei: \u201e\u00cemi voi retrage m\u00e2na ca s\u0103 te po\u0163i atinge de el.\u201d<\/p>\n<p>Prieteni, noi trebuie s\u0103 mergem mai sus, pentru ca atunci c\u00e2nd Dumnezeu \u00ce\u015fi retrage m\u00e2na \u015fi \u00eei permite diavolului s\u0103 se ating\u0103 de noi, s\u0103 spunem: \u201e\u00ce\u0163i mul\u0163umesc, Doamne Isuse. Aceasta dovede\u015fte c\u0103 exist\u0103 ceva ce trebuie s\u0103 biruiesc, \u00eenseamn\u0103 c\u0103 este un Cuv\u00e2nt care trebuie s\u0103 Se \u00eemplineasc\u0103 \u00een via\u0163a mea, ceva ce trebuie s\u0103 fac ast\u0103zi.\u201d<\/p>\n<p>Vede\u0163i? Trebuie s\u0103 mergem mai sus. Amin!<\/p>\n<p>\u00cen <u>Fapte 4.1-2<\/u>, citim:<\/p>\n<p>\u201e<em>Pe c\u00e2nd vorbeau Petru \u015fi Ioan norodului, au venit la ei pe nea\u015fteptate preo\u0163ii, c\u0103pitanul Templului \u015fi saducheii,<\/em><\/p>\n<p><em>foarte nec\u0103ji\u0163i c\u0103 \u00eenv\u0103\u0163au pe norod \u015fi vesteau \u00een Isus \u00eenvierea din mor\u0163i<\/em>.\u201d<\/p>\n<p>Ei nu erau foarte sup\u0103ra\u0163i pentru faptul c\u0103 ucenicii vorbeau despre \u00eenvierea mor\u0163ilor, ci pentru c\u0103 au dovedit-o prin omul invalid care a \u00eenceput s\u0103 umble. Dac\u0103 ar fi transmis mai departe ceva despre care au auzit, i-ar fi l\u0103sat \u00een pace, dar ei au f\u0103cut ceva care dovedea c\u0103 Isus Hristos era viu: s-au aplecat asupra acelui om \u015fi l-au ridicat \u00een picioare, adic\u0103 au predicat \u00eenvierea prin dovedirea puterii Duhului Sf\u00e2nt. Aceasta i-a f\u0103cut s\u0103 se ridice \u00eempotriva apostolilor.<\/p>\n<p>Aminti\u0163i-v\u0103 c\u0103 atunci c\u00e2nd Isus l-a \u00eenviat pe Laz\u0103r, ei nu au vrut s\u0103-L omoare numai pe Isus, ci \u015fi pe Laz\u0103r pentru a reduce totul la t\u0103cere. Ce a f\u0103cut bietul Laz\u0103r? Fusese mort, iar Isus l-a \u00eenviat, dar ei au vrut s\u0103-l omoare din nou pentru c\u0103 nu aveau nimic a face cu Cuv\u00e2ntul f\u0103cut trup. Ast\u0103zi este la fel: lor nu le pas\u0103 ce spune acest Mesaj, nici ce s-a \u00eent\u00e2mplat acum cincizeci de ani, dar c\u00e2nd Cuv\u00e2ntul Se face trup, trebuie s\u0103 fie oprit. O, iubesc zilele \u00een care tr\u0103im!<\/p>\n<p>\u201e<em>Au pus m\u00e2inile pe ei \u015fi i-au aruncat \u00een temni\u0163\u0103 p\u00e2n\u0103 a doua zi, c\u0103ci se \u00eenserase.<\/em><\/p>\n<p><em>\u00cens\u0103 mul\u0163i din cei ce auziser\u0103 cuv\u00e2ntarea au crezut, \u015fi num\u0103rul b\u0103rba\u0163ilor credincio\u015fi s-a ridicat aproape la cinci mii.<\/em><\/p>\n<p><em>A doua zi, mai-marii norodului, b\u0103tr\u00e2nii \u015fi c\u0103rturarii s-au adunat \u00eempreun\u0103 la Ierusalim,<\/em><\/p>\n<p><em>cu marele preot Ana, Caiafa, Ioan, Alexandru \u015fi to\u0163i cei ce se tr\u0103geau din neamul marilor preo\u0163i.<\/em><\/p>\n<p><em>Au pus pe Petru \u015fi pe Ioan \u00een mijlocul lor \u015fi i-au \u00eentrebat: \u201eCu ce putere sau \u00een numele cui a\u0163i f\u0103cut voi lucrul acesta?\u201d<\/em><\/p>\n<p><em>Atunci Petru, plin de Duhul Sf\u00e2nt, le-a zis: \u201eMai-mari ai norodului \u015fi b\u0103tr\u00e2ni ai lui Israel!<\/em><\/p>\n<p><em>Fiindc\u0103 suntem tra\u015fi ast\u0103zi la r\u0103spundere pentru o facere de bine f\u0103cut\u0103 unui om bolnav \u015fi suntem \u00eentreba\u0163i cum a fost vindecat,<\/em><\/p>\n<p><em>s-o \u015fti\u0163i to\u0163i \u015fi s-o \u015ftie tot norodul lui Israel! Omul acesta se \u00eenf\u0103\u0163i\u015feaz\u0103 \u00eenaintea voastr\u0103 pe deplin s\u0103n\u0103tos \u00een Numele lui Isus Hristos din Nazaret, pe care voi L-a\u0163i r\u0103stignit, dar pe care Dumnezeu L-a \u00eenviat din mor\u0163i.<\/em><\/p>\n<p><em>El este \u201epiatra lep\u0103dat\u0103 de voi, zidarii, care a ajuns s\u0103 fie pus\u0103 \u00een capul unghiului<\/em>\u201d.\u201d<\/p>\n<p>Ce f\u0103cea Petru? Predica Evanghelia. El se afla \u00een sala de judecat\u0103 a unei instan\u0163e religioase, dar nu a \u00eencercat s\u0103 respecte protocolul \u015fi nu a spus: \u201eVinovat\u201d sau \u201eNevinovat\u201d, fiindc\u0103 nu-i p\u0103sa cum avea s\u0103 se desf\u0103\u015foare examinarea lor, ci de \u00eendat\u0103 ce i s-a pus o \u00eentrebare, a r\u0103spuns: \u201eAceasta este Piatra care a fost lep\u0103dat\u0103 de voi, zidarii.\u201d El predica din nou profe\u0163iile Vechiului Testament despre Mesia care a venit. Petru nu a stat acolo ca s\u0103 r\u0103spund\u0103 la ni\u015fte \u00eentreb\u0103ri protocolare, ci de \u00eendat\u0103 ce i s-a dat cuv\u00e2ntul, a \u00eenceput s\u0103 predice Cuv\u00e2ntul \u015fi numai Cuv\u00e2ntul, pentru c\u0103 numai Acesta a fost ap\u0103rarea lui. Aleluia! Nu a fost nici un avocat care s\u0103-l apere, ci el a mers direct la Cuv\u00e2nt \u015fi a spus: \u201eAceasta este Scriptura care spune c\u0103 zidarii au respins Piatra, aceasta fiind Cel pe care L-a\u0163i r\u0103stignit voi. \u00cen Numele Lui, st\u0103 \u00een picioare b\u0103rbatul acesta.\u201d<\/p>\n<p>\u201e<em>\u00cen nimeni altul nu este m\u00e2ntuire, c\u0103ci nu este sub cer niciun alt Nume dat oamenilor \u00een care trebuie s\u0103 fim m\u00e2ntui\u0163i.\u201d<\/em><\/p>\n<p><em>C\u00e2nd au v\u0103zut ei \u00eendr\u0103zneala lui Petru \u015fi a lui Ioan, s-au mirat, \u00eentruc\u00e2t \u015ftiau c\u0103 erau oameni nec\u0103rturari \u015fi de r\u00e2nd, \u015fi au priceput c\u0103 fuseser\u0103 cu Isus<\/em>.\u201d (<u>v. 12-13<\/u>).<\/p>\n<p>C\u00e2nd va veni r\u00e2ndul nostru s\u0103 r\u0103spundem la \u00eentreb\u0103ri, ei se vor mira \u015fi de noi pentru c\u0103 suntem oameni ne\u00eenv\u0103\u0163a\u0163i \u015fi de r\u00e2nd \u00een teologie. \u00cen procesele legale \u015fi \u00een dezbateri, se vor mira de noi \u015fi \u00ee\u015fi vor da seama c\u0103 am umblat cu Isus Hristos cel \u00eenviat. De ce? Pentru c\u0103 vom sta numai \u015fi numai pe Cuv\u00e2nt.<\/p>\n<p>C\u00e2nd l-au re\u0163inut pe \u015etefan, care era unul dintre diaconii bisericii, el le-a \u0163inut o predic\u0103 \u00een care a \u00eenceput de la Facere \u015fi i-a adus p\u00e2n\u0103 \u00een ziua lor. Care a fost ap\u0103rarea lui? <u>Cuv\u00e2ntul<\/u>. Care a fost r\u0103spunsul lui? <u>Cuv\u00e2ntul<\/u>. Aleluia!<\/p>\n<p><u>Dumnezeu Se ocup\u0103 de noi, ne \u00eenva\u0163\u0103 \u015fi ne arat\u0103 cum s\u0103 ne comport\u0103m sub prigoan\u0103<\/u>. <u>\u00cen toate este Cuv\u00e2ntul \u015fi numai Cuv\u00e2ntul<\/u>. De ce mergem la biseric\u0103? Pentru c\u0103 Scriptura spune s\u0103 ne adun\u0103m \u00eempreun\u0103, cu at\u00e2t mai mult cu c\u00e2t vedem c\u0103 se apropie ziua cea rea.<\/p>\n<p>Noi trebuie s\u0103 \u00een\u0163elegem de ce au fost at\u00e2t de \u015foca\u0163i mai marii vremii. Ei s-au mirat pentru c\u0103 i-au v\u0103zut c\u0103 sunt oameni de r\u00e2nd \u015fi ne\u00eenv\u0103\u0163a\u0163i \u015fi se g\u00e2ndeau c\u0103 dac\u0103 \u00eei vor duce \u00een tribunalul religios al vremii, \u00eei vor intimida cu hainele lor, cu ceremonia de curte de judecat\u0103, cu prestan\u0163a lor. Se g\u00e2ndeau c\u0103 \u00eei vor intimida, dar c\u00e2nd i-au v\u0103zut cu c\u00e2t\u0103 \u00eendr\u0103zneal\u0103 au vorbit, nu au mai \u015ftiut ce s\u0103 fac\u0103. Petru a redus la t\u0103cere tot procesul lor legal.<\/p>\n<p>Isus a redus la t\u0103cere tot procesul lor legal pentru c\u0103 El a stat acolo \u015fi nu a spus nici un cuv\u00e2nt. Apoi, c\u00e2nd Pilat L-a \u00eentrebat: \u201eE\u015fti \u00cemp\u0103ratul iudeilor?\u201d, nu i-a r\u0103spuns cu \u201eDa, domnule\u201d sau \u201eNu, domnule\u201d, ci a zis: \u201e<em>Spui aceasta de la tine sau \u0163i-a spus-o altcineva?\u201d<\/em><\/p>\n<p>\u201ePrin ce autoritate l-ai vindecat pe omul acela?\u201d<\/p>\n<p>\u201eV\u0103 voi pune \u015fi eu o \u00eentrebare: \u201eBotezul lui Ioan a fost de la Dumnezeu sau de la oameni?\u201d Sl\u0103vit s\u0103 fie Domnul!<\/p>\n<p>Prieteni, <u>c\u00e2nd \u015ftim sub ce Autoritate ne afl\u0103m, cu ce botez am fost boteza\u0163i, c\u00e2nd \u015ftim c\u0103 nu apar\u0163inem catolicilor, papei, unei biserici trinitare, ci am fost boteza\u0163i \u00een Numele Domnului Isus Hristos \u015fi apar\u0163inem unei puteri mai \u00eenalte, nu mai exist\u0103 nici o putere lumeasc\u0103 ce are jurisdic\u0163ie asupra noastr\u0103<\/u>.<\/p>\n<p><u>Noi nu trebuie s\u0103 devenim la\u015fi c\u00e2nd suntem prigoni\u0163i sau batjocori\u0163i, pentru c\u0103 atunci c\u00e2nd a fost batjocorit, Isus nu a cobor\u00e2t mai jos \u00eenaintea lui Pilat<\/u> \u015fi nu a r\u0103spuns la \u00eentreb\u0103rile lui nebiblice.<\/p>\n<p>Nici Petru \u015fi Ioan nu au r\u0103spuns cu \u201eDa, domnule\u201d, sau \u201eNu, domnule\u201d, \u00een fa\u0163a Sinedriului, ci le-a dat r\u0103spunsul Cuv\u00e2ntului.<\/p>\n<p><u>\u015etefan nu a \u00eencercat s\u0103-\u015fi croiasc\u0103 o cale pentru a sc\u0103pa din necaz, nu a \u00eencercat s\u0103-\u015fi u\u015fureze soarta c\u0103z\u00e2nd la \u00eenvoial\u0103, ci le-a predicat Evanghelia<\/u>. Aleluia! Amin!<\/p>\n<p>\u201e<em>Dar, fiindc\u0103 vedeau l\u00e2ng\u0103 ei pe omul care fusese vindecat, nu puteau zice nimic \u00eempotriv\u0103.<\/em><\/p>\n<p><em>Le-au poruncit doar s\u0103 ias\u0103 din sobor, s-au sf\u0103tuit \u00eentre ei<\/em><\/p>\n<p><em>\u015fi au zis: \u201eCe vom face oamenilor acestora? C\u0103ci este \u015ftiut de to\u0163i locuitorii Ierusalimului c\u0103 prin ei s-a f\u0103cut o minune v\u0103dit\u0103, pe care n-o putem t\u0103g\u0103dui.<\/em><\/p>\n<p><em>Dar, ca s\u0103 nu se l\u0103\u0163easc\u0103 vestea aceasta mai departe \u00een norod, s\u0103-i amenin\u0163\u0103m \u015fi s\u0103 le poruncim ca de acum \u00eencolo s\u0103 nu mai vorbeasc\u0103 nim\u0103nui \u00een Numele acesta.\u201d<\/em><\/p>\n<p><em>\u015ei dup\u0103 ce i-au chemat, le-au poruncit s\u0103 nu mai vorbeasc\u0103 cu niciun chip, nici s\u0103 mai \u00eenve\u0163e pe oameni \u00een Numele lui Isus.<\/em><\/p>\n<p><em>Drept r\u0103spuns, Petru \u015fi Ioan le-au zis<\/em>:\u2026\u201d (<u>v. 14-19<\/u>).<\/p>\n<p>Aici, ei au vrut s\u0103 fac\u0103 o \u00een\u0163elegere cu apostolii. I-au adus \u00een curtea de judecat\u0103, le-au deschis un proces, dar nu au \u015ftiut ce s\u0103 fac\u0103 cu ei pentru c\u0103 nu se a\u015fteptau s\u0103 fie at\u00e2t de \u00eendr\u0103zne\u0163i \u015fi s\u0103 le vorbeasc\u0103 Scripturile. Ei s-au g\u00e2ndit c\u0103 le vor face un proces normal, cu: \u201eE\u015fti vinovat?\u201d \u201eDa, sunt\u201d, sau \u201eNu, sunt\u201d, \u015fi c\u0103 vor spune: \u201eV\u0103 rog s\u0103 m\u0103 ierta\u0163i pentru c\u0103 voi sta lini\u015ftit.\u201d<\/p>\n<p>Vede\u0163i? Ei credeau c\u0103 \u00eei vor trece prin tot procesul, dar Petru \u015fi Ioan le-au dat totul peste cap, iar l\u00e2ng\u0103 ei st\u0103tea un b\u0103rbat care fusese olog dar acum era vindecat. Aveau un caz mare \u00een m\u00e2inile lor, dar ceea ce aveau s\u0103 fac\u0103 era s\u0103 \u00eencerce s\u0103 cad\u0103 la \u00eenvoial\u0103 cu apostolii.<\/p>\n<p>\u201eVom fi buni \u015fi v\u0103 vom da drumul, dar o vom face cu o singur\u0103 condi\u0163ie: \u201eS\u0103 nu mai vorbi\u0163i \u015fi s\u0103 nu mai predica\u0163i \u00een Numele Acesta.\u201d<\/p>\n<p>Crede\u0163i c\u0103 s\u0103rmanul pescar Petru \u015fi t\u00e2n\u0103rul Ioan, s-au speriat \u015fi au devenit nelini\u015fti\u0163i? Crede\u0163i c\u0103 \u015fi-au zis: \u201eAm putea fi arunca\u0163i \u00een temni\u0163\u0103, dar dac\u0103 vom c\u0103dea la \u00eenvoial\u0103 cu ei ne vor da drumul!\u201d? Nicidecum!<\/p>\n<p>Demnitarii aceia nu \u015ftiau c\u0103 cei doi f\u0103ceau parte dintr-o \u00cemp\u0103r\u0103\u0163ie cereasc\u0103 \u015fi nu erau supu\u015fi p\u0103m\u00e2ntului; nu \u015ftiau c\u0103 fuseser\u0103 n\u0103scu\u0163i din nou \u015fi c\u0103 \u00cemp\u0103ratul lor era \u00cemp\u0103rat peste toate na\u0163iunile.<\/p>\n<p>\u201e<em>Dar, ca s\u0103 nu se l\u0103\u0163easc\u0103 vestea aceasta mai departe \u00een norod, s\u0103-i amenin\u0163\u0103m \u015fi s\u0103 le poruncim ca de acum \u00eencolo s\u0103 nu mai vorbeasc\u0103 nim\u0103nui \u00een Numele acesta.\u201d<\/em><\/p>\n<p><em>\u015ei dup\u0103 ce i-au chemat, le-au poruncit s\u0103 nu mai vorbeasc\u0103 cu niciun chip, nici s\u0103 mai \u00eenve\u0163e pe oameni \u00een Numele lui Isus.<\/em><\/p>\n<p><em>Drept r\u0103spuns, Petru \u015fi Ioan le-au zis: \u201eJudeca\u0163i voi singuri dac\u0103 este drept \u00eenaintea lui Dumnezeu s\u0103 ascult\u0103m mai mult de voi dec\u00e2t de Dumnezeu<\/em>.\u201d (<u>v. 17-19<\/u>).<\/p>\n<p>Aleluia! Cei doi nu au spus: \u201eMul\u0163umim c\u0103 ne da\u0163i \u015fansa s\u0103 mergem s\u0103-i vedem pe cei dragi\u201d, ci au zis: \u201e<em>Judeca\u0163i voi singuri dac\u0103 este drept \u00eenaintea lui Dumnezeu s\u0103 ascult\u0103m mai mult de voi dec\u00e2t de Dumnezeu<\/em>. Spune\u0163i-ne voi, oameni religio\u015fi sfin\u0163i, ce este mai bine: s\u0103 ascult\u0103m de Dumnezeu sau de oameni? Judeca\u0163i voi singuri cum este mai bine!\u201d Sl\u0103vit s\u0103 fie Domnul!<\/p>\n<p><u>Pentru Mireas\u0103 este Cuv\u00e2ntul \u015fi numai Cuv\u00e2ntul<\/u>! Aleluia!<\/p>\n<p>\u201e<em>c\u0103ci <u>noi nu putem s\u0103 nu vorbim despre ce am v\u0103zut \u015fi am auzit<\/u><\/em>.\u201d (<u>v. 20<\/u>).<\/p>\n<p>Atunci ei i-au amenin\u0163at. Vede\u0163i, <u>tot ce au avut ei au fost amenin\u0163\u0103rile<\/u>. Ei i-au amenin\u0163at s\u0103 nu mai vorbeasc\u0103 \u00een Numele Lui, dar ucenicii le-a r\u0103spuns: \u201e<em>Judeca\u0163i voi, este mai bine s\u0103 ascult\u0103m de voi sau de Dumnezeu? Noi putem spune numai ce am v\u0103zut \u015fi am auzit.\u201d <\/em><\/p>\n<p>Ce au f\u0103cut atunci ei? <u>I-au amenin\u0163at din nou, dar nu a func\u0163ionat<\/u>.<\/p>\n<p>\u201e<em>I-au amenin\u0163at din nou \u015fi i-au l\u0103sat s\u0103 plece, c\u0103ci nu \u015ftiau cum s\u0103-i pedepseasc\u0103, din pricina norodului, fiindc\u0103 to\u0163i sl\u0103veau pe Dumnezeu pentru cele \u00eent\u00e2mplate.<\/em><\/p>\n<p><em>C\u0103ci omul cu care se f\u0103cuse aceast\u0103 minune de vindecare avea mai bine de patruzeci de ani<\/em>.\u201d (<u>v. 21-22<\/u>).<\/p>\n<p>A\u015f vrea s\u0103 fi\u0163i foarte aten\u0163i la pasajul urm\u0103tor pentru c\u0103 acesta ajunge la noi:<\/p>\n<p>\u201e<em>Dup\u0103 ce li s-a dat drumul, ei s-au dus la ai lor \u015fi le-au istorisit tot ce le spuseser\u0103 preo\u0163ii cei mai de seam\u0103 \u015fi b\u0103tr\u00e2nii.<\/em><\/p>\n<p><em>C\u00e2nd au auzit ei aceste lucruri, \u015fi-au ridicat glasul to\u0163i \u00eempreun\u0103 c\u0103tre Dumnezeu \u015fi au zis: \u201eSt\u0103p\u00e2ne, Doamne, care ai f\u0103cut cerul, p\u0103m\u00e2ntul, marea \u015fi tot ce este \u00een ele!<\/em><\/p>\n<p><em>Tu ai zis prin Duhul Sf\u00e2nt, prin gura p\u0103rintelui nostru David, robul T\u0103u: \u201ePentru ce se \u00eent\u0103r\u00e2t\u0103 neamurile \u015fi pentru ce cuget\u0103 noroadele lucruri de\u015farte?<\/em><\/p>\n<p><em>\u00cemp\u0103ra\u0163ii p\u0103m\u00e2ntului s-au r\u0103sculat \u015fi domnitorii s-au unit \u00eempotriva Domnului \u015fi \u00eempotriva Unsului S\u0103u.\u201d<\/em><\/p>\n<p><em>\u00cen adev\u0103r, \u00eempotriva Robului T\u0103u celui sf\u00e2nt, Isus, pe care L-ai uns Tu, s-au \u00eenso\u0163it \u00een cetatea aceasta Irod \u015fi Pilat din Pont cu neamurile \u015fi cu noroadele lui Israel,<\/em><\/p>\n<p><em>ca s\u0103 fac\u0103 tot ce hot\u0103r\u00e2se mai dinainte m\u00e2na Ta \u015fi sfatul T\u0103u<\/em>.\u201d (<u>v. 23-28<\/u>).<\/p>\n<p>S\u0103 ne oprim pu\u0163in aici.<\/p>\n<p>Dup\u0103 ce s-au \u00eentors Petru \u015fi Ioan, a \u00eenceput primul val de prigoan\u0103 \u00eempotriva bisericii. Mai \u00eent\u00e2i, ei au fost re\u0163inu\u0163i, lua\u0163i la \u00eentreb\u0103ri \u015fi amenin\u0163a\u0163i, iar dup\u0103 aceea s-au \u00eentors la fra\u0163ii lor. Dar c\u00e2nd au ajuns \u00eentre ei, nu au spus: \u201eO, Doamne, cum a fost posibil s\u0103 ni se \u00eent\u00e2mple a\u015fa ceva? Ar fi trebuit s\u0103 ne ocrote\u015fti.\u201d Nu, nu, ci \u015fi-au ridicat m\u00e2inile \u015fi au \u00eenceput s\u0103 citeze Scripturile, spun\u00e2nd: \u201eAceasta este ceea ce a spus David, ce a spus Cuv\u00e2ntul: c\u0103 p\u0103g\u00e2nii se vor ridica \u00eempotriva Ta, c\u0103 \u00eemp\u0103ra\u0163ii p\u0103m\u00e2ntului se vor ridica \u00eempotriva Domnului \u015fi al Hristosului S\u0103u.\u201d<\/p>\n<p>Ce au f\u0103cut ucenicii? <u>Au pozi\u0163ionat prigoana lor \u00een Cuv\u00e2nt<\/u>.<\/p>\n<p>Prieteni, ei s-au bucurat pentru c\u0103 Cuv\u00e2ntul Se \u00eemplinea \u00een vie\u0163ile lor. Ei nu se ascundeau, nu se temeau, ci s-au \u00eentors ca s\u0103 aib\u0103 un serviciu de laud\u0103, L-au l\u0103udat pe Domnul cu m\u00e2inile ridicate \u015fi au spus: \u201eAceasta este ceea ce a spus profetul David, ceea ce trebuie s\u0103 se \u00eent\u00e2mple.\u201d Aleluia!<\/p>\n<p>Ei au fost ridica\u0163i at\u00e2t de sus \u00een descoperire \u00eenc\u00e2t au putut deosebi unde se aflau \u00een Scripturi. Dar nu au f\u0103cut-o prin intelectul lor, nici prin g\u00e2ndirea comun\u0103 a culturii lor, a zilei \u00een care tr\u0103iau, ci prin Duhul.<\/p>\n<p><u>Aceasta este deosebirea la care va ajunge Mireasa<\/u>. Acesta este locul \u00een care va fi ridicat\u0103: \u00een locurile cere\u015fti prin U\u015fa deschis\u0103, \u00een ceruri, printr-o r\u0103pire duhovniceasc\u0103. Ea va merge at\u00e2t de sus \u00eenc\u00e2t va putea spune: \u201eAceasta este Cuv\u00e2ntul, aceea este Cuv\u00e2ntul. Tot ceea ce vedem c\u0103 se \u00eent\u00e2mpl\u0103: unirea na\u0163iunilor, Conciliul Bisericilor care se unesc, totul este Cuv\u00e2ntul care se \u00eempline\u015fte.\u201d<\/p>\n<p>C\u00e2nd a venit prigoana, ei s-au \u00eentors \u00eenapoi \u015fi au avut o adunare a bucuriei, o \u00eent\u00e2lnire de rug\u0103ciune, iar \u00een timp ce se bucurau, citau Cuv\u00e2ntul:<\/p>\n<p>\u201e<em>\u00cemp\u0103ra\u0163ii p\u0103m\u00e2ntului s-au r\u0103sculat \u015fi domnitorii s-au unit \u00eempotriva Domnului \u015fi \u00eempotriva Unsului S\u0103u.\u201d<\/em><\/p>\n<p><em>\u00cen adev\u0103r, \u00eempotriva Robului T\u0103u celui sf\u00e2nt, Isus, pe care L-ai uns Tu, s-au \u00eenso\u0163it \u00een cetatea aceasta Irod \u015fi Pilat din Pont cu neamurile \u015fi cu noroadele lui Israel\u2026\u201d<\/em><\/p>\n<p>\u0162ine\u0163i minte c\u0103 atunci c\u00e2nd Isus a ajuns la manifestarea Sa deplin\u0103, aceasta i-a unit pe Irod \u015fi pe Pilat, care \u00eenainte nu se \u00een\u0163elegeau. Ce i-a unit pe ei? <u>Isus Hristos<\/u>. Apoi, ei s-au unit cu Sinedriul, pentru c\u0103 \u015fi Sinedriul era \u00eemp\u0103r\u0163it. Vede\u0163i? <u>C\u00e2nd Isus Hristos a venit la manifestarea deplin\u0103, aceasta a unit Sinedriul care a \u00eenceput s\u0103 lucreze \u00eempreun\u0103 cu Irod \u015fi cu Pilat ca s\u0103-L ucid\u0103 pe Isus<\/u>.<\/p>\n<p>Vede\u0163i? Aceea\u015fi uniune tripl\u0103 \u015fi nesf\u00e2nt\u0103, aceea\u015fi unire alc\u0103tuit\u0103 din trei puteri, s-a \u00eentors \u015fi a \u00eenceput s\u0103 prigoneasc\u0103 biserica din prima epoc\u0103. Ce i-a adus \u00eempreun\u0103? <u>Isus Hristos care a ajuns la manifestarea deplin\u0103<\/u>.<\/p>\n<p><u>C\u00e2nd Cuv\u00e2ntul a ajuns la plin\u0103tate, a adus \u00eempreun\u0103 trei puteri care au \u00eenceput apoi s\u0103 prigoneasc\u0103 prima biseric\u0103<\/u>. Ce le-a adus \u00eempreun\u0103? <u>Cuv\u00e2ntul ajuns la plin\u0103tate<\/u>.<\/p>\n<p>\u00cen predica \u201eTimpul unirii \u015fi semnul\u201d, ni se spune c\u0103 cele trei puteri se vor uni din nou. De ce? <u>Ca s\u0103 prigoneasc\u0103 Mireasa<\/u>. \u0162ine\u0163i minte c\u0103 \u00een Apocalipsa 13 se unesc trei puteri: <u>fiara care iese din ap\u0103<\/u>, <u>fiara care iese din p\u0103m\u00e2nt<\/u> \u015fi <u>chipul fiarei<\/u>. Aleluia! \u00centotdeauna sunt trei. De ce se vor uni toate trei? <u>Ca s\u0103 prigoneasc\u0103 Biserica<\/u>.<\/p>\n<p>C\u00e2nd a fost chemat \u00een scen\u0103 Mica, fiul lui Imla, acolo a existat o unire de puteri: <u>Iosafat s-a unit cu Ahab \u015fi cu cei patru sute de proroci<\/u>, iar c\u00e2nd s-au unit, a fost o prigoan\u0103. Acolo a fost o mi\u015fcare politic\u0103 pentru c\u0103 ei \u00eencercau s\u0103 ia \u00eenapoi un p\u0103m\u00e2nt care le fusese luat de Siria. Astfel, religia s-a pus de acord cu politica, aceste dou\u0103 puteri s-au unit \u00eempreun\u0103 \u015fi a avut loc o tripl\u0103 unire. Dar acolo era Mica, unul care nu a vrut s\u0103 mearg\u0103 odat\u0103 cu valul, un profet adev\u0103rat al lui Dumnezeu. Noi \u015ftim c\u0103 Iosafat a cerut s\u0103 mai fie adus un profet, \u015fi ei au mers dup\u0103 Mica, iar <strong>Mica a avut o vedenie, o descoperire de la Dumnezeu, dar a trebuit s-o verifice, a trebuit s\u0103 verifice descoperirea avut\u0103, ca s\u0103 fie sigur c\u0103 este corect\u0103, deoarece Zedechia a spus c\u0103 \u015fi el a avut o descoperire<\/strong>. Dar descoperirea lui Zedechia nu era \u00een conformitate cu Cuv\u00e2ntul, pentru c\u0103 \u00eenaintea lor fusese un profet, Ilie, iar Ilie spusese c\u0103 c\u00e2inii vor linge s\u00e2ngele lui Ahab. A\u015fadar, Cuv\u00e2ntul acela trebuia s\u0103 se \u00eemplineasc\u0103, dar Zedechia a ignorat \u00een totalitate Cuv\u00e2ntul care a venit prin descoperire. Vede\u0163i, descoperirea lui Zedechia a venit de la un alt duh. Era o descoperire uns\u0103 spiritual, dar era un duh de minciun\u0103, nu Duhul Sf\u00e2nt. F\u0103r\u0103 \u00eendoial\u0103 c\u0103 el a avut senza\u0163ii, poate a avut \u015fi fiori pe coloana vertebral\u0103, poate a intrat \u00eentr-o trans\u0103 sau a avut o vedenie, dar aceasta nu s-a potrivit cu Cuv\u00e2ntul.<\/p>\n<p>A\u015fadar, profe\u0163ia lui Zedechia nu a fost adev\u0103rat\u0103. El a spus: \u201eMerge\u0163i acolo \u015fi cu aceste dou\u0103 coarne \u00eei ve\u0163i scoate afar\u0103 pe sirieni!\u201d Vede\u0163i, el a avut o descoperire, dar a fost de la un duh de minciun\u0103.<\/p>\n<p><u>Mica a avut \u015fi el o descoperire, dar nu a ie\u015fit imediat afar\u0103 cu ea, ci a trebuit s\u0103 o verifice mai \u00eent\u00e2i cu Cuv\u00e2ntul<\/u>. <u>El s-a \u00eentors \u00eenapoi la Ilie, pentru c\u0103 noi trebuie s\u0103 ne \u00eentoarcem \u00eentotdeauna \u00eenapoi la Ilie, cu fiecare descoperire pe care o primim<\/u>.<\/p>\n<p>Mica s-a dus \u00eenapoi la Ilie \u015fi a \u00een\u0163eles c\u0103 descoperirea pe care o primise se potrivea cu descoperirea lui, a\u015fa c\u0103 s-a dus \u00eenapoi \u015fi le-a spus: \u201eMerge\u0163i acolo.\u201d<\/p>\n<p>\u201eCe?\u201d a r\u0103spuns Ahab. \u201e\u0162i-am spus s\u0103 spui adev\u0103rul!\u201d<\/p>\n<p>\u201eMerge\u0163i acolo, dar eu v\u0103d Israelul risipit ca o turm\u0103 f\u0103r\u0103 p\u0103stor!\u201d<\/p>\n<p>Apoi, Mica a dat pe fa\u0163\u0103 biserica fals\u0103. \u201eMerge\u0163i acolo, dar ve\u0163i fi nimici\u0163i! Nimicirea vine peste voi!\u201d<\/p>\n<p>\u201eAmerica, nimicirea vine peste tine! Vei fi numai cratere \u015fi fum, cenu\u015f\u0103 de la un cap\u0103t la cel\u0103lalt, vei fi nimicit\u0103 pe deplin! \u00cen ce prive\u015fte acel Consiliu al Bisericilor, v\u0103d un duh de minciun\u0103 care a ie\u015fit \u015fi a spus: \u201e\u00cei pot \u00een\u015fela!\u201d Vede\u0163i? \u201eEi mint \u015fi \u00een\u015feal\u0103, \u015fi nu stau pe Cuv\u00e2nt, ci sunt \u00eenafara Lui.\u201d<\/p>\n<p>O, Doamne, aceasta a fost mai mult dec\u00e2t puteau accepta! C\u00e2nd a \u00eenceput s\u0103 le vorbeasc\u0103 despre nimicirea lor \u015fi s\u0103 arate biserica fals\u0103, Mica a mers direct \u00een temni\u0163\u0103.<\/p>\n<p>Mie \u00eemi place ziua \u00een care tr\u0103im. M\u0103 bucur c\u0103 sunt aici acum. De ce? Noi vom vedea aceast\u0103 unire \u015fi \u00een timpul nostru, iar aceasta ne va ar\u0103ta c\u0103 este timpul plec\u0103rii noastre acas\u0103. <u>Toate profe\u0163iile se \u00eemplinesc acum<\/u>.<\/p>\n<p>S\u0103 ne \u00eentoarcem \u00eenapoi la Fapte 4. Ei au avut o \u00eentrunire, pe care fratele Branham a numit-o <em>\u201eadunarea din Fapte capitolul 4<\/em>\u201d, iar \u00een cadrul acestei adun\u0103ri, s-au bucurat \u015fi au vorbit Cuv\u00e2ntul, iar \u00een <u>versetul 29<\/u>, Petru a spus:<\/p>\n<p>\u201e<em>\u015ei acum, Doamne, uit\u0103-Te la amenin\u0163\u0103rile lor, d\u0103 putere robilor T\u0103i s\u0103 vesteasc\u0103 Cuv\u00e2ntul T\u0103u cu toat\u0103 \u00eendr\u0103zneala<\/em>.\u201d<\/p>\n<p>El nu a spus: \u201eDoamne, Tu vezi amenin\u0163\u0103rile lor, a\u015fa c\u0103 Te rug\u0103m s\u0103-i opre\u015fti s\u0103 mai fac\u0103 aceasta. Te rug\u0103m s\u0103-i \u00eendep\u0103rtezi ca s\u0103 putem tr\u0103i \u00een pace.\u201d Nu, <u>Petru nu s-a rugat pentru pace, pentru c\u0103 el vedea \u00eemplinirea Cuv\u00e2ntului<\/u>.\u201d Astfel, a spus: \u201e<em><u>A\u015fa trebuie s\u0103 se \u00eent\u00e2mple, de aceea nu o \u00eendep\u0103rta, ci d\u0103-ne \u00eendr\u0103zneal\u0103 s\u0103 vorbim Cuv\u00e2ntul T\u0103u<\/u>.\u201d<\/em><\/p>\n<p>Ei nu s-au rugat pentru \u00eendep\u0103rtarea prigoanei \u015fi a amenin\u0163\u0103rilor, ci au spus: \u201eD\u0103-ne \u00eendr\u0103zneal\u0103 s\u0103 vorbim Cuv\u00e2ntul T\u0103u, pentru c\u0103 am ajuns aici, tr\u0103im \u00een ziua despre care a vorbit David \u015fi a spus c\u0103 se vor \u00eent\u00e2mpla aceste lucruri.\u201d Aleluia!<\/p>\n<p>\u201e<em>\u015fi \u00eentinde-\u0162i m\u00e2na, ca s\u0103 se fac\u0103 t\u0103m\u0103duiri, minuni \u015fi semne prin Numele Robului T\u0103u celui sf\u00e2nt, Isus.\u201d<\/em><\/p>\n<p><em>Dup\u0103 ce s-au rugat ei, s-a cutremurat locul unde erau aduna\u0163i; to\u0163i s-au umplut de Duhul Sf\u00e2nt \u015fi vesteau Cuv\u00e2ntul lui Dumnezeu cu \u00eendr\u0103zneal\u0103<\/em>.\u201d<\/p>\n<p>A\u015f vrea s\u0103 citesc un citat, iar dup\u0103 aceea ne vom \u00eentoarce la aceste versete. Este un citat din \u201eRestituirea Pomului Mireas\u0103\u201d:<\/p>\n<p>\u201e<em>Nu spune Biblia \u00een Apocalipsa 13? Na\u0163iunea aceasta are num\u0103rul <u>treisprezece<\/u>. A \u00eenceput cu treisprezece linii \u015fi treisprezece stele pe steag. Treisprezece linii. Totul din ea este treisprezece. Treisprezece colonii, totul este treisprezece \u015fi se reg\u0103se\u015fte \u00een Apocalipsa 13, iar Biblia spune: \u201eEa s-a ridicat ca un mielu\u0163\u201d, libertate religioas\u0103; \u201edou\u0103 coarne micu\u0163e\u201d \u2013 civil \u015fi ecleziastic. Dup\u0103 pu\u0163in timp, ele s-au unit, iar \u201eea a vorbit ca un balaur \u015fi a f\u0103cut tot ceea ce a f\u0103cut balaurul \u00eenaintea ei.\u201d Apoi, Biblia spune: \u201eEi au f\u0103cut un chip al fiarei\u201d, o Confedera\u0163ie a bisericilor, exact ceea ce au ei chiar acum, aici la New York.\u201d<\/em><\/p>\n<p>Civilul \u015fi ecleziaticul se unesc. Am aici un articol din revista \u201eFox\u201d, care spune: \u201e<em>Legea tax\u0103rii GOP con\u0163ine o victorie ascuns\u0103 pentru drepturile religioase.\u201d <\/em><\/p>\n<p>Voi cunoa\u015fte\u0163i aceast\u0103 \u201eLege a tax\u0103rii\u201d, care a ap\u0103rut la \u015ftiri \u015fi pe care doresc s-o voteze \u015fi s-o aplice. Aceast\u0103 lege con\u0163ine ceva pentru biserici. Dac\u0103 trece, prin aceast\u0103 lege se \u00eencearc\u0103 <u>contestarea Amendamentului Johnson<\/u>, care \u00eempiedic\u0103 bisericile s\u0103 sponsorizeze un candidat, s\u0103 aloce bani \u015fi contribu\u0163ii la campaniile politice. Amendamentul Johnson a \u00eempiedecat s\u0103 se fac\u0103 aceasta, dar dac\u0103 va fi aprobat\u0103 aceast\u0103 \u201elege a tax\u0103rii\u201d, ei vor abroga amendamentul Johnson. De ce? Pentru c\u0103 <u>civilul trebuie s\u0103 se uneasc\u0103 cu ecleziasticul<\/u>, prieteni.<\/p>\n<p>Asculta\u0163i ce a spus reprezentantul statului Texas:<\/p>\n<p>\u201e<em>Eu nu vreau ca Serviciul Federal de Administra\u0163ie fiscal\u0103 s\u0103 se n\u0103pusteasc\u0103 asupra liderilor credincio\u015fi din comunit\u0103\u0163i, pe m\u0103sur\u0103 ce ace\u015ftia \u00ee\u015fi exprim\u0103 libertatea lor religioas\u0103.\u201d<\/em> El a mai spus: \u201e<em>Vestea a fost primit\u0103 cu consternare de c\u0103tre grup\u0103rile liberale, inclusiv de Centrul de Investiga\u0163ii. Abrogarea amendamentului Johnson pentru biserici le va permite organiza\u0163iilor religioase s\u0103 foloseasc\u0103 dona\u0163iile lor neimpozabile pentru sprijinirea campaniilor electorale.<\/em>\u201d<\/p>\n<p>Iat\u0103 ce a spus pre\u015fedintele Donald Trump:<\/p>\n<p>\u201e<em>Voi vorbi\u0163i despre libertate religioas\u0103, dar \u00een realitate nu o ave\u0163i, chiar dac\u0103 crede\u0163i c\u0103 o ave\u0163i, pentru c\u0103 atunci c\u00e2nd pre\u015fedintele Johnson a fost \u00een exerci\u0163iu, el a implementat ceva ce-i face pe oameni s\u0103 devin\u0103 foarte agita\u0163i c\u00e2nd vorbesc despre p\u0103strarea statutului lor de scutire de impozit. <u>El a luat mult\u0103 putere de la cre\u015ftinism \u015fi de la alte religii<\/u>.\u201d<\/em><\/p>\n<p>De ce spune aceasta? Pentru c\u0103 cele dou\u0103 coarne trebuie s\u0103 se uneasc\u0103. Dac\u0103 aceast\u0103 lege va fi implementat\u0103, bisericile vor putea s\u0103 fac\u0103 dona\u0163ii pentru campaniile electorale, iar de la amvon se vor putea sus\u0163ine unii candida\u0163ii \u00een timp ce se va vorbi \u00eempotriva altora. Acum, acest lucru este interzis prin amendamentul Johnson.<\/p>\n<p>Atunci, de ce este foarte important acest lucru? A\u0163i v\u0103zut mega-bisericile din SUA? A\u0163i v\u0103zut adun\u0103ri de dou\u0103zeci \u015fi cinci de mii de oameni, de treizeci sau chiar de patruzeci de mii de oameni? Ei au milioane de dolari cu care pot finan\u0163a campaniile \u015fi s\u0103 ob\u0163in\u0103 ceea ce vor de la politicieni.<\/p>\n<p><u>V\u0103 spun c\u0103 aceasta nu este ceea ce ne dorim, pentru c\u0103 toate sunt trinitare, toate sunt legate de mama curv\u0103, de biserica catolic\u0103, iar ei nu-i doresc \u00een jur pe cei care nu sunt trinitari. Ei nu vor s\u0103-\u015fi piard\u0103 membrii, nu vor s\u0103 piard\u0103 \u00een fa\u0163a unui grup care poate face Cuv\u00e2ntul viu, \u00een fa\u0163a unor oameni care \u015ftiu unde se afl\u0103 \u00een Cuv\u00e2nt \u015fi ce profe\u0163ii se \u00eemplinesc ast\u0103zi, care pot m\u0103rturisi aceasta \u015fi o pot dovedi<\/u>.<\/p>\n<p><u>Ei nu vor aceasta, dar pot furniza milioane de dolari \u00een campaniile electorale, iar prin aceasta vor vedea civilul unit pe deplin cu ecleziasticul<\/u>.<\/p>\n<p>Este timpul s\u0103 mergem Acas\u0103, dar \u00eenainte de aceasta trebuie s\u0103 d\u0103m un r\u0103spuns al Cuv\u00e2ntului cu privire la ceea ce credem, \u015fi c\u0103 pentru noi va fi numai \u015fi numai Cuv\u00e2ntul!<\/p>\n<p>Profetul a spus c\u0103 ei s-au ridicat ca un miel, dar apoi s-au unit \u015fi au vorbit ca un balaur.<\/p>\n<p>\u00cen mesajul \u201ePrivi\u0163i la Isus\u201d, fratele Branham a spus:<\/p>\n<p>\u201e<em>Acum v\u0103 voi spune ceva, ceva ce nu am spus de mult timp. Aceasta este ceea ce am a\u015fteptat at\u00e2t de mult timp (cel pu\u0163in c\u00e2\u0163iva ani, patru sau cinci ani sau poate mai mult). <u>Tragerea a treia a fost acum legitimat\u0103 \u015fi sunt sigur c\u0103 \u015fti\u0163i cu to\u0163ii ce este ea<\/u>.<\/em><\/p>\n<p><em>\u0162ine\u0163i minte! <u>Nu va exista niciodat\u0103 o imita\u0163ie a acesteia, pentru c\u0103 nu se poate. \u00cen\u0163elege\u0163i? Nu se poate! Acum, ea este real\u0103. Am fost avertizat c\u0103 \u00een cur\u00e2nd\u2026<\/u><\/em><\/p>\n<p><em><u>A avut loc chiar \u00een timpul acesta, ca s\u0103-\u015fi poat\u0103 identifica prezen\u0163a printre voi, dar nu va fi folosit\u0103 \u00eentr-un fel m\u0103re\u0163 p\u00e2n\u0103 c\u00e2nd acest Conciliu nu va \u00eencepe constr\u00e2ngerea. Iar c\u00e2nd va face aceasta<\/u>\u2026 Penticostalii \u015fi al\u0163ii pot imita aproape orice, dar <u>c\u00e2nd va sosi timpul acela, c\u00e2nd va \u00eencepe constr\u00e2ngerea, atunci ve\u0163i vedea c\u0103 ceea ce a\u0163i v\u0103zut temporar, se va manifesta \u00een plin\u0103tatea puterii Sale<\/u>. \u00cen\u0163elege\u0163i? \u00cen\u0163elege\u0163i? \u00cen\u0163elege\u0163i?\u201d<\/em><\/p>\n<p>Ce am v\u0103zut noi temporar? Ochii orbilor deschi\u015fi, chemarea la existen\u0163\u0103 a veveri\u0163elor, oprirea furtunii. Noi am v\u0103zut aceasta temporar, dar le vom vedea \u00een plin\u0103tatea puterii ei.<\/p>\n<p>De multe ori m-am g\u00e2ndit c\u0103 mi-ar fi pl\u0103cut s\u0103 fiu la v\u00e2n\u0103toare cu profetul, mi-ar fi pl\u0103cut s\u0103 fiu acolo c\u00e2nd a chemat veveri\u0163ele \u015fi a vorbit furtunii, dar acum m\u0103 g\u00e2ndesc c\u0103 nu mai vreau s\u0103 fi fost acolo, c\u00e2nd Tragerea a treia se manifesta temporar, ci vreau s\u0103 fiu aici c\u00e2nd se va manifesta \u00een plin\u0103tatea puterii sale. Aceasta este ziua \u00een care dorim s\u0103 tr\u0103im. Nu vreau s\u0103 mai mergem \u00eenapoi, pentru c\u0103 ast\u0103zi este ziua manifest\u0103rii \u00eentregului Cuv\u00e2nt al lui Dumnezeu, a manifest\u0103rii \u00eentregii Sale puteri, ziua \u00een care \u00cel vom vedea pe Isus Hristos manifestat pe deplin \u00eentr-un Trup. Aceasta este ziua \u00een care dorim s\u0103 tr\u0103im.<\/p>\n<p>S\u0103 mergem \u00eenapoi, la <u>capitolul 4 al C\u0103r\u0163ii Faptelor<\/u>.<\/p>\n<p>Prigoana a \u00eenceput, iar ei i-au investigat din pricina manifest\u0103rii \u00eenvierii lui Isus Hristos. Pe p\u0103m\u00e2nt existau fii \u015fi fiice ale lui Dumnezeu \u015fi se \u00eent\u00e2mplau lucruri m\u0103re\u0163e. Ei au continuat s\u0103-i cheme \u015fi s\u0103-i interogheze, dar ucenicii le d\u0103deau numai r\u0103spunsul Cuv\u00e2ntului. C\u00e2nd au fost l\u0103sa\u0163i s\u0103 plece, ei s-au \u00eentors \u015fi au avut o adunare cu credincio\u015fii, iar acolo au spus: \u201eAceasta este. Acestea sunt Scripturile, despre aceasta au vorbit profe\u0163ii; aceasta ne-a spus profetul c\u0103 se va \u00eent\u00e2mpla, acum am ajuns aici.\u201d<\/p>\n<p>To\u0163i s-au bucurat, iar c\u00e2nd au v\u0103zut amenin\u0163\u0103rile lor, au spus:<\/p>\n<p>\u201e<em>\u015ei acum, Doamne, uit\u0103-Te la amenin\u0163\u0103rile lor, d\u0103 putere robilor T\u0103i s\u0103 vesteasc\u0103 Cuv\u00e2ntul T\u0103u cu toat\u0103 \u00eendr\u0103zneala<\/em><\/p>\n<p><em>\u015fi \u00eentinde-\u0162i m\u00e2na, ca s\u0103 se fac\u0103 t\u0103m\u0103duiri, minuni \u015fi semne prin Numele Robului T\u0103u celui sf\u00e2nt, Isus<\/em>.\u201d<\/p>\n<p>Ce se \u00eent\u00e2mpla? <u>C\u00e2nd au v\u0103zut constr\u00e2ngerea, ei au cerut manifestarea Tragerii a treia<\/u>. Pentru aceasta se rugau ei. Au v\u0103zut str\u00e2mtorarea \u015fi au spus: \u201e<em>Doamne, aceasta este ceea ce spune Scriptura, iat\u0103 amenin\u0163\u0103rile lor, dar d\u0103-ne \u00eendr\u0103zneal\u0103, prin \u00eentinderea m\u00e2inii Tale, pentru a vindeca \u015fi pentru a face semne \u015fi minuni.\u201d<\/em> Ei s-au rugat pentru manifestarea Tragerii a treia. Aleluia!<\/p>\n<p>\u201e<em>Dup\u0103 ce s-au rugat ei, s-a cutremurat locul unde erau aduna\u0163i; to\u0163i s-au umplut de Duhul Sf\u00e2nt \u015fi vesteau Cuv\u00e2ntul lui Dumnezeu cu \u00eendr\u0103zneal\u0103.\u201d<\/em><\/p>\n<p>Vreau s\u0103 v\u0103 \u00eentreb ceva. Nu erau ei deja umplu\u0163i cu Duhul Sf\u00e2nt? Ba da, ei erau deja umplu\u0163i cu Duhul Sf\u00e2nt. Atunci de ce au trebuit s\u0103 mai fie umplu\u0163i cu Duhul Sf\u00e2nt? Noi \u015ftim c\u0103 \u00een Scriptur\u0103 totul se \u00eent\u00e2mpl\u0103 de dou\u0103 ori.<\/p>\n<p>Moise a avut de dou\u0103 ori dou\u0103 Table de piatr\u0103, iar pentru aceasta s-a urcat de dou\u0103 ori pe munte ca s\u0103 primeasc\u0103 Cuv\u00e2ntul lui Dumnezeu. Este uimitor! Acesta este un tipar care r\u0103m\u00e2ne valabil de-a lungul \u00eentregii Scripturi.<\/p>\n<p>Aici, ei erau umplu\u0163i cu Duhul Sf\u00e2nt, \u00eens\u0103 prima dat\u0103 c\u00e2nd s-a \u00eent\u00e2mplat aceasta, au vorbit \u00een limbi. Dar de data aceasta, c\u00e2nd a \u00eenceput prigoana \u015fi ei s-au rugat pentru manifestarea Tragerii a treia, au fost umplu\u0163i cu Duhul Sf\u00e2nt din nou, dar nu pentru a vorbi \u00een limbi. Atunci, ei au \u015ftiut ce spuneau, \u015ftiau unde se aflau \u015fi au cunoscut \u00eemplinirea Cuv\u00e2ntului, dar a doua oar\u0103, nu au fost umplu\u0163i cu Duhul Sf\u00e2nt ca s\u0103 vorbeasc\u0103 \u00een limbi, ci ca s\u0103 vorbeasc\u0103 Cuv\u00e2ntul cu \u00eendr\u0103zneal\u0103. De data aceasta nu mai erau limbi. Desigur, nu vreau s\u0103 spun c\u0103 ei nu au mai vorbit \u00een limbi, dar aceast\u0103 manifestare, nu a fost un semn al limbilor necunoscute, ci a fost un semn al vorbirii cu \u00eendr\u0103zneal\u0103 a Cuv\u00e2ntului pe care \u00cel cuno\u015fteau.<\/p>\n<p>Ei au urcat mai sus \u015fi mai sus, a\u015fa c\u0103 puteau vedea unde se aflau. Ei puteau vedea ceea ce trebuia s\u0103 se \u00eent\u00e2mple, iar Dumnezeu le-a dat putere s\u0103 fac\u0103 acele lucruri s\u0103 se \u00eent\u00e2mple.<\/p>\n<p>Vede\u0163i \u00een ce zi tr\u0103im noi, prieteni? Pute\u0163i vedea? Ne-a fost ar\u0103tat de multe ori \u00een Cuv\u00e2nt, de aceea, \u015ftim ce trebuie s\u0103 facem, \u015ftim ce trebuie s\u0103 se \u00eent\u00e2mple, iar c\u00e2nd se va \u00eent\u00e2mpla, nu ne va fi fric\u0103, ci ne vom bucura pentru c\u0103 \u015ftim ce Cuv\u00e2nt trebuie s\u0103 se \u00eemplineasc\u0103. Sl\u0103vit s\u0103 fie Domnul!<\/p>\n<p>\u015ei noi avem nevoie de o adunare ca cea din Fapte 4. c\u00e2nd vom vedea totul mi\u015fc\u00e2ndu-se la loc, c\u00e2nd vom vedea cum se ridic\u0103 constr\u00e2ngerea, c\u00e2nd vom vedea c\u0103 \u00eencepe totul, trebuie s\u0103 spunem: \u201eDoamne, d\u0103-ne putere s\u0103 vorbim Cuv\u00e2ntul cu \u00eendr\u0103zneal\u0103!\u201d<\/p>\n<p>Noi dorim s\u0103 vorbim ceea ce a fost descoperit pe deplin Miresei lui Isus Hristos \u015fi vrem s\u0103 vorbim cu \u00eendr\u0103zneal\u0103. Amin! Suntem at\u00e2t de bucuro\u015fi!<\/p>\n","protected":false},"excerpt":{"rendered":"<p>A\u015f vrea s\u0103 citim din Apocalipsa 4.1-2: \u201eDup\u0103 aceste lucruri, m-am uitat \u015fi iat\u0103 c\u0103 o u\u015f\u0103 era deschis\u0103 \u00een cer. Glasul cel dint\u00e2i, pe&hellip;<\/p>\n","protected":false},"author":4,"featured_media":0,"comment_status":"open","ping_status":"open","sticky":false,"template":"","format":"standard","meta":{"footnotes":""},"categories":[7],"tags":[35,15],"class_list":["post-407","post","type-post","status-publish","format-standard","hentry","category-chad-lamb","tag-35","tag-predici-crestine"],"yoast_head":"<!-- This site is optimized with the Yoast SEO Premium plugin v19.4 (Yoast SEO v26.8) - https:\/\/yoast.com\/product\/yoast-seo-premium-wordpress\/ -->\n<title>O PERSPECTIVA MAI INALTA - THE FIVEFOLD MINISTRY - SLUJBA INCINCITA<\/title>\n<meta name=\"robots\" content=\"index, follow, max-snippet:-1, max-image-preview:large, max-video-preview:-1\" \/>\n<link rel=\"canonical\" href=\"https:\/\/infomesaj.ro\/index.php\/chad-lamb\/o-perspectiva-mai-inalta\/\" \/>\n<meta property=\"og:locale\" content=\"ro_RO\" \/>\n<meta property=\"og:type\" content=\"article\" \/>\n<meta property=\"og:title\" content=\"O PERSPECTIVA MAI INALTA - THE FIVEFOLD MINISTRY - SLUJBA INCINCITA\" \/>\n<meta property=\"og:description\" content=\"A\u015f vrea s\u0103 citim din Apocalipsa 4.1-2: \u201eDup\u0103 aceste lucruri, m-am uitat \u015fi iat\u0103 c\u0103 o u\u015f\u0103 era deschis\u0103 \u00een cer. Glasul cel dint\u00e2i, pe&hellip;\" \/>\n<meta property=\"og:url\" content=\"https:\/\/infomesaj.ro\/index.php\/chad-lamb\/o-perspectiva-mai-inalta\/\" \/>\n<meta property=\"og:site_name\" content=\"THE FIVEFOLD MINISTRY - SLUJBA INCINCITA\" \/>\n<meta property=\"article:published_time\" content=\"2018-03-31T14:11:43+00:00\" \/>\n<meta property=\"article:modified_time\" content=\"2019-09-14T22:00:07+00:00\" \/>\n<meta name=\"author\" content=\"CHAD LAMB\" \/>\n<meta name=\"twitter:card\" content=\"summary_large_image\" \/>\n<meta name=\"twitter:label1\" content=\"Scris de\" \/>\n\t<meta name=\"twitter:data1\" content=\"CHAD LAMB\" \/>\n\t<meta name=\"twitter:label2\" content=\"Timp estimat pentru citire\" \/>\n\t<meta name=\"twitter:data2\" content=\"60 de minute\" \/>\n<script type=\"application\/ld+json\" class=\"yoast-schema-graph\">{\"@context\":\"https:\/\/schema.org\",\"@graph\":[{\"@type\":\"Article\",\"@id\":\"https:\/\/infomesaj.ro\/index.php\/chad-lamb\/o-perspectiva-mai-inalta\/#article\",\"isPartOf\":{\"@id\":\"https:\/\/infomesaj.ro\/index.php\/chad-lamb\/o-perspectiva-mai-inalta\/\"},\"author\":{\"name\":\"CHAD LAMB\",\"@id\":\"https:\/\/infomesaj.ro\/#\/schema\/person\/4e144df0ecd0fce6b8f394a14f205fec\"},\"headline\":\"O PERSPECTIVA MAI INALTA\",\"datePublished\":\"2018-03-31T14:11:43+00:00\",\"dateModified\":\"2019-09-14T22:00:07+00:00\",\"mainEntityOfPage\":{\"@id\":\"https:\/\/infomesaj.ro\/index.php\/chad-lamb\/o-perspectiva-mai-inalta\/\"},\"wordCount\":11958,\"commentCount\":0,\"publisher\":{\"@id\":\"https:\/\/infomesaj.ro\/#organization\"},\"keywords\":[\"2018\",\"predici cre\u0219tine\"],\"articleSection\":[\"CHAD LAMB\"],\"inLanguage\":\"ro-RO\",\"potentialAction\":[{\"@type\":\"CommentAction\",\"name\":\"Comment\",\"target\":[\"https:\/\/infomesaj.ro\/index.php\/chad-lamb\/o-perspectiva-mai-inalta\/#respond\"]}]},{\"@type\":\"WebPage\",\"@id\":\"https:\/\/infomesaj.ro\/index.php\/chad-lamb\/o-perspectiva-mai-inalta\/\",\"url\":\"https:\/\/infomesaj.ro\/index.php\/chad-lamb\/o-perspectiva-mai-inalta\/\",\"name\":\"O PERSPECTIVA MAI INALTA - THE FIVEFOLD MINISTRY - SLUJBA INCINCITA\",\"isPartOf\":{\"@id\":\"https:\/\/infomesaj.ro\/#website\"},\"datePublished\":\"2018-03-31T14:11:43+00:00\",\"dateModified\":\"2019-09-14T22:00:07+00:00\",\"breadcrumb\":{\"@id\":\"https:\/\/infomesaj.ro\/index.php\/chad-lamb\/o-perspectiva-mai-inalta\/#breadcrumb\"},\"inLanguage\":\"ro-RO\",\"potentialAction\":[{\"@type\":\"ReadAction\",\"target\":[\"https:\/\/infomesaj.ro\/index.php\/chad-lamb\/o-perspectiva-mai-inalta\/\"]}]},{\"@type\":\"BreadcrumbList\",\"@id\":\"https:\/\/infomesaj.ro\/index.php\/chad-lamb\/o-perspectiva-mai-inalta\/#breadcrumb\",\"itemListElement\":[{\"@type\":\"ListItem\",\"position\":1,\"name\":\"Prima pagin\u0103\",\"item\":\"https:\/\/infomesaj.ro\/\"},{\"@type\":\"ListItem\",\"position\":2,\"name\":\"O PERSPECTIVA MAI INALTA\"}]},{\"@type\":\"WebSite\",\"@id\":\"https:\/\/infomesaj.ro\/#website\",\"url\":\"https:\/\/infomesaj.ro\/\",\"name\":\"THE FIVEFOLD MINISTRY - SLUJBA INCINCITA\",\"description\":\"Si El a dat pe unii Apostoli; pe altii, Proroci; pe altii, Evanghelisti; pe altii, Pastori si Invatatori, pentru Desavarsirea Sfintilor, in vederea lucrarii de Slujire, pentru zidirea Trupului Lui Hristos, pana vom ajunge toti la unirea Credintei si a Cunostintei Fiului Lui Dumnezeu; la starea de Om Mare, la inaltimea Staturii Plinatatii Lui Hristos\",\"publisher\":{\"@id\":\"https:\/\/infomesaj.ro\/#organization\"},\"potentialAction\":[{\"@type\":\"SearchAction\",\"target\":{\"@type\":\"EntryPoint\",\"urlTemplate\":\"https:\/\/infomesaj.ro\/?s={search_term_string}\"},\"query-input\":{\"@type\":\"PropertyValueSpecification\",\"valueRequired\":true,\"valueName\":\"search_term_string\"}}],\"inLanguage\":\"ro-RO\"},{\"@type\":\"Organization\",\"@id\":\"https:\/\/infomesaj.ro\/#organization\",\"name\":\"SLUJBA INCINCITA - THE FIVEFOLD MINISTRY\",\"url\":\"https:\/\/infomesaj.ro\/\",\"logo\":{\"@type\":\"ImageObject\",\"inLanguage\":\"ro-RO\",\"@id\":\"https:\/\/infomesaj.ro\/#\/schema\/logo\/image\/\",\"url\":\"https:\/\/infomesaj.ro\/wp-content\/uploads\/2022\/11\/grau-camp.jpg\",\"contentUrl\":\"https:\/\/infomesaj.ro\/wp-content\/uploads\/2022\/11\/grau-camp.jpg\",\"width\":740,\"height\":444,\"caption\":\"SLUJBA INCINCITA - THE FIVEFOLD MINISTRY\"},\"image\":{\"@id\":\"https:\/\/infomesaj.ro\/#\/schema\/logo\/image\/\"}},{\"@type\":\"Person\",\"@id\":\"https:\/\/infomesaj.ro\/#\/schema\/person\/4e144df0ecd0fce6b8f394a14f205fec\",\"name\":\"CHAD LAMB\",\"image\":{\"@type\":\"ImageObject\",\"inLanguage\":\"ro-RO\",\"@id\":\"https:\/\/infomesaj.ro\/#\/schema\/person\/image\/\",\"url\":\"https:\/\/secure.gravatar.com\/avatar\/754511dcf2e00fe4f807189a38e2576c?s=96&d=mm&r=g\",\"contentUrl\":\"https:\/\/secure.gravatar.com\/avatar\/754511dcf2e00fe4f807189a38e2576c?s=96&d=mm&r=g\",\"caption\":\"CHAD LAMB\"},\"url\":\"https:\/\/infomesaj.ro\/index.php\/author\/chad-lamb\/\"}]}<\/script>\n<!-- \/ Yoast SEO Premium plugin. -->","yoast_head_json":{"title":"O PERSPECTIVA MAI INALTA - THE FIVEFOLD MINISTRY - SLUJBA INCINCITA","robots":{"index":"index","follow":"follow","max-snippet":"max-snippet:-1","max-image-preview":"max-image-preview:large","max-video-preview":"max-video-preview:-1"},"canonical":"https:\/\/infomesaj.ro\/index.php\/chad-lamb\/o-perspectiva-mai-inalta\/","og_locale":"ro_RO","og_type":"article","og_title":"O PERSPECTIVA MAI INALTA - THE FIVEFOLD MINISTRY - SLUJBA INCINCITA","og_description":"A\u015f vrea s\u0103 citim din Apocalipsa 4.1-2: \u201eDup\u0103 aceste lucruri, m-am uitat \u015fi iat\u0103 c\u0103 o u\u015f\u0103 era deschis\u0103 \u00een cer. Glasul cel dint\u00e2i, pe&hellip;","og_url":"https:\/\/infomesaj.ro\/index.php\/chad-lamb\/o-perspectiva-mai-inalta\/","og_site_name":"THE FIVEFOLD MINISTRY - SLUJBA INCINCITA","article_published_time":"2018-03-31T14:11:43+00:00","article_modified_time":"2019-09-14T22:00:07+00:00","author":"CHAD LAMB","twitter_card":"summary_large_image","twitter_misc":{"Scris de":"CHAD LAMB","Timp estimat pentru citire":"60 de minute"},"schema":{"@context":"https:\/\/schema.org","@graph":[{"@type":"Article","@id":"https:\/\/infomesaj.ro\/index.php\/chad-lamb\/o-perspectiva-mai-inalta\/#article","isPartOf":{"@id":"https:\/\/infomesaj.ro\/index.php\/chad-lamb\/o-perspectiva-mai-inalta\/"},"author":{"name":"CHAD LAMB","@id":"https:\/\/infomesaj.ro\/#\/schema\/person\/4e144df0ecd0fce6b8f394a14f205fec"},"headline":"O PERSPECTIVA MAI INALTA","datePublished":"2018-03-31T14:11:43+00:00","dateModified":"2019-09-14T22:00:07+00:00","mainEntityOfPage":{"@id":"https:\/\/infomesaj.ro\/index.php\/chad-lamb\/o-perspectiva-mai-inalta\/"},"wordCount":11958,"commentCount":0,"publisher":{"@id":"https:\/\/infomesaj.ro\/#organization"},"keywords":["2018","predici cre\u0219tine"],"articleSection":["CHAD LAMB"],"inLanguage":"ro-RO","potentialAction":[{"@type":"CommentAction","name":"Comment","target":["https:\/\/infomesaj.ro\/index.php\/chad-lamb\/o-perspectiva-mai-inalta\/#respond"]}]},{"@type":"WebPage","@id":"https:\/\/infomesaj.ro\/index.php\/chad-lamb\/o-perspectiva-mai-inalta\/","url":"https:\/\/infomesaj.ro\/index.php\/chad-lamb\/o-perspectiva-mai-inalta\/","name":"O PERSPECTIVA MAI INALTA - THE FIVEFOLD MINISTRY - SLUJBA INCINCITA","isPartOf":{"@id":"https:\/\/infomesaj.ro\/#website"},"datePublished":"2018-03-31T14:11:43+00:00","dateModified":"2019-09-14T22:00:07+00:00","breadcrumb":{"@id":"https:\/\/infomesaj.ro\/index.php\/chad-lamb\/o-perspectiva-mai-inalta\/#breadcrumb"},"inLanguage":"ro-RO","potentialAction":[{"@type":"ReadAction","target":["https:\/\/infomesaj.ro\/index.php\/chad-lamb\/o-perspectiva-mai-inalta\/"]}]},{"@type":"BreadcrumbList","@id":"https:\/\/infomesaj.ro\/index.php\/chad-lamb\/o-perspectiva-mai-inalta\/#breadcrumb","itemListElement":[{"@type":"ListItem","position":1,"name":"Prima pagin\u0103","item":"https:\/\/infomesaj.ro\/"},{"@type":"ListItem","position":2,"name":"O PERSPECTIVA MAI INALTA"}]},{"@type":"WebSite","@id":"https:\/\/infomesaj.ro\/#website","url":"https:\/\/infomesaj.ro\/","name":"THE FIVEFOLD MINISTRY - SLUJBA INCINCITA","description":"Si El a dat pe unii Apostoli; pe altii, Proroci; pe altii, Evanghelisti; pe altii, Pastori si Invatatori, pentru Desavarsirea Sfintilor, in vederea lucrarii de Slujire, pentru zidirea Trupului Lui Hristos, pana vom ajunge toti la unirea Credintei si a Cunostintei Fiului Lui Dumnezeu; la starea de Om Mare, la inaltimea Staturii Plinatatii Lui Hristos","publisher":{"@id":"https:\/\/infomesaj.ro\/#organization"},"potentialAction":[{"@type":"SearchAction","target":{"@type":"EntryPoint","urlTemplate":"https:\/\/infomesaj.ro\/?s={search_term_string}"},"query-input":{"@type":"PropertyValueSpecification","valueRequired":true,"valueName":"search_term_string"}}],"inLanguage":"ro-RO"},{"@type":"Organization","@id":"https:\/\/infomesaj.ro\/#organization","name":"SLUJBA INCINCITA - THE FIVEFOLD MINISTRY","url":"https:\/\/infomesaj.ro\/","logo":{"@type":"ImageObject","inLanguage":"ro-RO","@id":"https:\/\/infomesaj.ro\/#\/schema\/logo\/image\/","url":"https:\/\/infomesaj.ro\/wp-content\/uploads\/2022\/11\/grau-camp.jpg","contentUrl":"https:\/\/infomesaj.ro\/wp-content\/uploads\/2022\/11\/grau-camp.jpg","width":740,"height":444,"caption":"SLUJBA INCINCITA - THE FIVEFOLD MINISTRY"},"image":{"@id":"https:\/\/infomesaj.ro\/#\/schema\/logo\/image\/"}},{"@type":"Person","@id":"https:\/\/infomesaj.ro\/#\/schema\/person\/4e144df0ecd0fce6b8f394a14f205fec","name":"CHAD LAMB","image":{"@type":"ImageObject","inLanguage":"ro-RO","@id":"https:\/\/infomesaj.ro\/#\/schema\/person\/image\/","url":"https:\/\/secure.gravatar.com\/avatar\/754511dcf2e00fe4f807189a38e2576c?s=96&d=mm&r=g","contentUrl":"https:\/\/secure.gravatar.com\/avatar\/754511dcf2e00fe4f807189a38e2576c?s=96&d=mm&r=g","caption":"CHAD LAMB"},"url":"https:\/\/infomesaj.ro\/index.php\/author\/chad-lamb\/"}]}},"_links":{"self":[{"href":"https:\/\/infomesaj.ro\/index.php\/wp-json\/wp\/v2\/posts\/407","targetHints":{"allow":["GET"]}}],"collection":[{"href":"https:\/\/infomesaj.ro\/index.php\/wp-json\/wp\/v2\/posts"}],"about":[{"href":"https:\/\/infomesaj.ro\/index.php\/wp-json\/wp\/v2\/types\/post"}],"author":[{"embeddable":true,"href":"https:\/\/infomesaj.ro\/index.php\/wp-json\/wp\/v2\/users\/4"}],"replies":[{"embeddable":true,"href":"https:\/\/infomesaj.ro\/index.php\/wp-json\/wp\/v2\/comments?post=407"}],"version-history":[{"count":2,"href":"https:\/\/infomesaj.ro\/index.php\/wp-json\/wp\/v2\/posts\/407\/revisions"}],"predecessor-version":[{"id":2678,"href":"https:\/\/infomesaj.ro\/index.php\/wp-json\/wp\/v2\/posts\/407\/revisions\/2678"}],"wp:attachment":[{"href":"https:\/\/infomesaj.ro\/index.php\/wp-json\/wp\/v2\/media?parent=407"}],"wp:term":[{"taxonomy":"category","embeddable":true,"href":"https:\/\/infomesaj.ro\/index.php\/wp-json\/wp\/v2\/categories?post=407"},{"taxonomy":"post_tag","embeddable":true,"href":"https:\/\/infomesaj.ro\/index.php\/wp-json\/wp\/v2\/tags?post=407"}],"curies":[{"name":"wp","href":"https:\/\/api.w.org\/{rel}","templated":true}]}}