{"id":403,"date":"2018-03-31T15:51:48","date_gmt":"2018-03-31T13:51:48","guid":{"rendered":"https:\/\/infomesaj.ro\/?p=403"},"modified":"2019-09-14T22:00:07","modified_gmt":"2019-09-14T22:00:07","slug":"cele-sapte-duhuri-ale-lui-dumnezeu","status":"publish","type":"post","link":"https:\/\/infomesaj.ro\/index.php\/chad-lamb\/cele-sapte-duhuri-ale-lui-dumnezeu\/","title":{"rendered":"Cele sapte Duhuri ale lui Dumnezeu"},"content":{"rendered":"<p>Pentru \u00eenceput, a\u015f vrea s\u0103 citim din <u>Matei 13.15-16<\/u>:<\/p>\n<p>&nbsp;<\/p>\n<p>\u201e<em>C<\/em><em>\u0103ci inima acestui popor s-a \u00eempietrit; au ajuns tari de urechi, \u015fi-au \u00eenchis ochii, ca nu cumva s\u0103 vad\u0103 cu ochii, s\u0103 aud\u0103 cu urechile, s\u0103 \u00een\u0163eleag\u0103 cu inima, s\u0103 se \u00eentoarc\u0103 la Dumnezeu, \u015fi s\u0103-i vindec.\u201d<\/em><\/p>\n<p><em>Dar ferice de ochii vo<\/em><em>\u015ftri c\u0103 v\u0103d; \u015fi de urechile voastre c\u0103 aud!<\/em><\/p>\n<p><em>Adev\u0103rat v\u0103 spun c\u0103 mul\u0163i proroci \u015fi oameni neprih\u0103ni\u0163i au dorit s\u0103 vad\u0103 lucrurile pe care le vede\u0163i voi, \u015fi nu le-au v\u0103zut; \u015fi s\u0103 aud\u0103 lucrurile pe care le auzi\u0163i voi, \u015fi nu le-au auzit.\u201d<\/em><\/p>\n<p>&nbsp;<\/p>\n<p>\u00cen continuare, a\u015f vrea s\u0103 citim din <u>Apocalipsa 1.1<\/u>:<\/p>\n<p>&nbsp;<\/p>\n<p>\u201e<em>Descoperirea lui Isus Hristos pe care i-a dat-o Dumnezeu, ca s<\/em><em>\u0103 arate robilor S\u0103i lucrurile care au s\u0103 se \u00eent\u00e2mple \u00een cur\u00e2nd. \u015ei le-a f\u0103cut-o cunoscut, trimi\u0163\u00e2nd, prin <u>\u00eengerul S\u0103u<\/u>, la robul S\u0103u Ioan&#8230;\u201d<\/em><\/p>\n<p><em>\u00a0<\/em><\/p>\n<p>\u00cen limba englez\u0103 scrie:<\/p>\n<p>&nbsp;<\/p>\n<p>\u201e<em>Descoperirea lui Isus Hristos, pe care I-a dat-o Lui pentru a ar<\/em><em>\u0103ta slujitorilor S\u0103i lucrurile care se vor \u00eemplini \u00een cur\u00e2nd; iar El a trimis-o \u015fi a f\u0103cut-o cunoscut\u0103 prin \u00eengerul S\u0103u pe care l-a trimis la Ioan.\u201d<\/em><\/p>\n<p>&nbsp;<\/p>\n<p>Chiar de la \u00eenceput, vedem c\u0103 <u>Apocalipsa este<\/u> <u>Descoperirea lui Isus Hristos<\/u> \u015fi a\u015f vrea s\u0103 nu uita\u0163i nici o clip\u0103 aceasta.<\/p>\n<p>A\u015f vrea s\u0103 ne oprim pu\u0163in \u015fi s\u0103 studiem cuv\u00e2ntul \u201e<u>\u00eenger<\/u>\u201d. Cuv\u00e2ntul \u201e<u>\u00eenger<\/u>\u201d provine de la cuv\u00e2ntul grec \u201e<u>aggelos<\/u>\u201d (se cite\u015fte \u201eanghelos\u201d), iar \u00een Noul Testament a fost tradus de o sut\u0103 \u015faptezeci \u015fi nou\u0103 de ori ca \u201e<u>\u00eenger<\/u>\u201d \u015fi de \u015fapte ori ca \u201e<u>mesager<\/u>\u201d. Cuv\u00e2ntul \u201e<u>\u00eenger<\/u>\u201d \u00eenseamn\u0103 \u201e<u>mesager<\/u>, <u>trimis<\/u>, <u>cineva care este trimis<\/u>, <u>un mesager de la Dumnezeu<\/u>\u201d.<\/p>\n<p>\u00cen continuare, ne vom uita la textele din Noul Testament ca s\u0103 vedem cum este folosit acest cuv\u00e2nt \u015fi ca s\u0103-l \u00een\u0163elegem mai bine. Biblia Scofield ne spune, c\u00e2nd citim explica\u0163iile din limba ebraic\u0103 pentru cuv\u00e2ntul \u201e<u>\u00eenger<\/u>\u201d, c\u0103 acest cuv\u00e2nt se poate referi la \u201e<u>un \u00eenger al lui Dumnezeu<\/u>\u201d <u>sau la \u201e\u00cengerul Domnului\u201d, deci poate fi folosit cu referire la o fiin\u0163\u0103 cereasc\u0103, la un \u00eenger ceresc, sau poate fi folosit cu referire la un om<\/u>. A\u015f vrea s\u0103 re\u0163inem aceasta.<\/p>\n<p>\u00cen <u>Matei 11.7-10<\/u>, Domnul Isus vorbe\u015fte despre Ioan Botez\u0103torul \u015fi spune urm\u0103toarele:<\/p>\n<p>\u201e<em>Pe c\u00e2nd se duceau ei, Isus a \u00eenceput s\u0103 vorbeasc\u0103 noroadelor despre Ioan: \u201eCe a\u0163i ie\u015fit s\u0103 vede\u0163i \u00een pustiu? O trestie cl\u0103tinat\u0103 de v\u00e2nt?<\/em><\/p>\n<p><em>Dac\u0103 nu, atunci ce a\u0163i ie\u015fit s\u0103 vede\u0163i? Un om \u00eembr\u0103cat \u00een haine moi? Iat\u0103 c\u0103 cei ce poart\u0103 haine moi sunt \u00een casele \u00eemp\u0103ra\u0163ilor.<\/em><\/p>\n<p><em>Atunci ce a<\/em><em>\u0163i ie\u015fit s\u0103 vede\u0163i? Un proroc? Da, v\u0103 spun, \u015fi mai mult dec\u00e2t un proroc;<\/em><\/p>\n<p><em>c<\/em><em>\u0103ci el este acela despre care s-a scris:<br \/>\n<\/em><em>\u201eIat<\/em><em>\u0103, trimit \u00eenaintea fe\u0163ei Tale pe <strong><u>solul Meu<\/u><\/strong><\/em> (\u00een limba englez\u0103 scrie: \u201e<em><u>mesagerul Meu<\/u>\u201d) care \u00ce\u0163i va preg\u0103ti calea \u00eenaintea Ta.\u201d<\/em><\/p>\n<p>\u00cen traducerea din limba greac\u0103, acest cuv\u00e2nt: \u201e<u>sol<\/u>, <u>mesager<\/u>\u201d, apare ca \u201e<u>aggelos<\/u>\u201d, deci este acela\u015fi cuv\u00e2nt care \u00een Noul Testament a fost tradus de o sut\u0103 \u015faptezeci \u015fi nou\u0103 de ori ca \u201e<u>\u00eenger<\/u>\u201d.<\/p>\n<p>\u00censeamn\u0103 c\u0103 acest text din Scriptur\u0103 poate fi citit:<\/p>\n<p><em>\u201eIat\u0103, trimit \u00eenaintea fe\u0163ei Tale pe <strong><u>\u00eengerul Meu<\/u><\/strong> care \u00ce\u0163i va preg\u0103ti calea \u00eenaintea Ta.\u201d<\/em><\/p>\n<p>Nu este nimic gre\u015fit, \u00een ceea ce prive\u015fte contextul sau gramatica, dac\u0103 am folosi cuv\u00e2ntul \u201e<u>\u00eenger<\/u>\u201d, fiindc\u0103 cele dou\u0103 cuvinte se pot \u00eenlocui \u00eentre ele.<\/p>\n<p>Adev\u0103rul este c\u0103 de fiecare dat\u0103 <u>c\u00e2nd a fost clar c\u0103 Scriptura vorbea despre un om<\/u>, <u>traduc\u0103torii au folosit cuvintele<\/u> \u201e<u>mesager<\/u>\u201d sau \u201e<u>sol<\/u>\u201d ca traducere a cuv\u00e2ntului \u201eaggelos\u201d, dar atunci c\u00e2nd nu a fost clar sau c\u00e2nd se p\u0103rea c\u0103 se vorbe\u015fte despre o fiin\u0163\u0103 cereasc\u0103, s-a folosit cuv\u00e2ntul \u201e<u>\u00eenger<\/u>\u201d.<\/p>\n<p>A\u015fadar, aceasta a fost la alegerea traduc\u0103torului, pentru c\u0103 \u00een textul original din limba greac\u0103 nu exist\u0103 nici o diferen\u0163\u0103, ci \u00eentotdeauna este folosit cuv\u00e2ntul \u201eaggelos\u201d.<\/p>\n<p>\u00cen ce ne prive\u015fte, chiar dac\u0103 \u00een unele texte biblice scrie: \u201e<u>mesager<\/u>, <u>sol<\/u> sau <u>\u00eenger<\/u>, pentru noi trebuie s\u0103 fie clar c\u0103 de fapt este vorba de unul \u015fi acela\u015fi cuv\u00e2nt: \u201e<u>aggelos<\/u>\u201d.<\/p>\n<p>\u00cen continuare, vom folosi cuv\u00e2ntul grec \u201e<u>aggelos<\/u>\u201d \u00een c\u00e2teva texte biblice:<\/p>\n<p>Mai \u00eent\u00e2i, vom citi din <u>1Samuel 29.9<\/u>:<\/p>\n<p>\u201e<em>Achi<\/em><em>\u015f a r\u0103spuns lui David: \u201e\u015etiu c\u0103 e\u015fti pl\u0103cut \u00eenaintea mea ca <strong><u>un aggelos<\/u><\/strong><u> (\u00eenger) al lui Dumnezeu<\/u>; dar domnitorii filistenilor au zis: \u201eS\u0103 nu se suie cu noi la lupt\u0103.\u201d<\/em><\/p>\n<p>Aici, cuv\u00e2ntul \u201e<u>aggelos<\/u>\u201d a fost tradus ca \u201e<em><u>un \u00eenger<\/u><\/em>\u201d, dar am putea spune \u015fi \u201e<em><u>un mesager<\/u><\/em> al lui Dumnezeu\u201d.<\/p>\n<p>\u00cen <u>Galateni 4.12-14<\/u>, apostolul Pavel ne-a scris:<\/p>\n<p>\u201e<em>Fra<\/em><em>\u0163ilor, v\u0103 rog s\u0103 fi\u0163i ca mine, c\u0103ci \u015fi eu sunt ca voi. Nu mi-a\u0163i f\u0103cut nicio nedreptate.<\/em><\/p>\n<p><em>Dimpotriv\u0103, \u015fti\u0163i c\u0103 \u00een neputin\u0163a trupului v-am propov\u0103duit Evanghelia pentru \u00eent\u00e2ia dat\u0103.<\/em><\/p>\n<p><em>\u015ei n-a\u0163i ar\u0103tat nici dispre\u0163, nici dezgust fa\u0163\u0103 de ceea ce era o ispit\u0103 pentru voi \u00een trupul meu; dimpotriv\u0103, m-a\u0163i primit ca pe <strong><u>un aggelos<\/u><\/strong> (\u00eenger) <u>al lui Dumnezeu<\/u>, ca pe \u00eensu\u015fi Hristos Isus.\u201d<\/em><\/p>\n<p>Aici este folosit tot cuv\u00e2ntul \u201e<u>\u00eenger<\/u>\u201d, dar am putea folosi \u015fi \u201e<u>mesager<\/u>\u201d.<\/p>\n<p>\u00cen <u>Luca 9.51-52<\/u>, scrie:<\/p>\n<p>\u201e<em>C\u00e2nd s-a apropiat vremea \u00een care avea s\u0103 fie luat \u00een cer, Isus \u015ei-a \u00eendreptat fa\u0163a hot\u0103r\u00e2t s\u0103 mearg\u0103 la Ierusalim.<\/em><\/p>\n<p><em>A trimis \u00eenainte <strong><u>ni<\/u><\/strong><\/em><strong><em><u>\u015fte aggelos<\/u><\/em><\/strong><em> (soli), care s-au dus \u015fi au intrat \u00eentr-un sat al samaritenilor, ca s\u0103-I preg\u0103teasc\u0103 un loc de g\u0103zduit.\u201d<\/em><\/p>\n<p>Cuv\u00e2ntul folosit aici este \u201e<u>sol<\/u>, <u>mesager<\/u>\u201d, dar \u00een limba greac\u0103 scrie tot \u201e<u>aggelos<\/u>\u201d \u015fi \u00een mod evident se refer\u0103 la oameni.<\/p>\n<p>Acum a\u015f vrea s\u0103 v\u0103 spun ceva despre Ioan Botez\u0103torul. C\u00e2nd Isus a vorbit despre el, a spus:<\/p>\n<p>\u201e&#8230;<em>c<\/em><em>\u0103ci el este acela despre care s-a scris:<br \/>\n<\/em><em>\u201eIat<\/em><em>\u0103, trimit \u00eenaintea fe\u0163ei Tale pe <strong><u>solul Meu<\/u><\/strong><\/em> (\u00een limba englez\u0103 scrie: \u201e<em><u>mesagerul Meu<\/u>\u201d) care \u00ce\u0163i va preg\u0103ti calea \u00eenaintea Ta.\u201d <\/em><\/p>\n<p>\u00cen limba greac\u0103, pentru cuv\u00e2ntul \u201e<u>sol<\/u>\u201d, care este similar cu cuv\u00e2ntul \u201e<u>mesager<\/u>\u201d din Vechiul Testament, este folosit acela\u015fi cuv\u00e2nt \u201e<u>aggelos<\/u>\u201d. Noi \u015ftim deja c\u0103 \u00een Vechiul Testament, cuvintele \u201e<u>mesager<\/u>\u201d \u015fi \u201e<u>sol<\/u>\u201d erau folosite at\u00e2t c\u00e2nd era vorba de o fiin\u0163\u0103 cereasc\u0103, c\u00e2t \u015fi atunci c\u00e2nd se vorbea despre o fiin\u0163\u0103 omeneasc\u0103.<\/p>\n<p>\u00cen <u>Maleahi 3.1, scrie:<\/u><\/p>\n<p>\u201e<em>Iat<\/em><em>\u0103, trimit \u00eenaintea fe\u0163ei Tale pe <strong> <u>solul Meu<\/u><\/strong>\u201d.<\/em> El a spus aceasta cu referire la un om. De fapt, \u00een Vechiul Testament, \u00eemp\u0103ra\u0163ii trimiteau soli sau mesageri, iar \u00een aceast\u0103 profe\u0163ie este folosit acela\u015fi cuv\u00e2nt: \u201e<u>sol<\/u>\u201d, cu referire la un om \u015fi nu la o fiin\u0163\u0103 cereasc\u0103.<\/p>\n<p>\u00cen <u>Iacov 2.25<\/u> scrie:<\/p>\n<p>\u201e<em>Tot a\u015fa, curva Rahav: n-a fost socotit\u0103 \u015fi ea neprih\u0103nit\u0103 prin fapte, c\u00e2nd a g\u0103zduit pe <strong><u>aggelos<\/u><\/strong> (soli) \u015fi i-a scos afar\u0103 pe alt\u0103 cale?\u201d<\/em><\/p>\n<p>Aici, cuv\u00e2ntul \u201e<u>aggelos<\/u>\u201d a fost tradus: \u201e<u>sol<\/u>, <u>mesager<\/u>\u201d, iar noi \u015ftim c\u0103 este vorba de dou\u0103 iscoade ale evreilor, care au mers \u00een casa lui Rahav \u015fi pe care Rahav i-a ascuns. A\u015fadar, este vorba de acela\u015fi cuv\u00e2nt grecesc: \u201e<u>aggelos<\/u>\u201d.<\/p>\n<p>\u00cen <u>Luca 7.19,24<\/u>, scrie:<\/p>\n<p>\u201e<em>Ioan a chemat pe doi dintre ucenicii s<\/em><em>\u0103i \u015fi i-a trimis la Isus s\u0103-L \u00eentrebe: \u201eTu e\u015fti Acela care are s\u0103 vin\u0103 sau s\u0103 a\u015ftept\u0103m pe altul?\u201d<\/em><\/p>\n<p><em>Dup\u0103 ce au plecat <strong><u>aggelos<\/u><\/strong> (trimi\u015fii) lui Ioan, Isus a \u00eenceput s\u0103 spun\u0103 noroadelor despre Ioan: \u201eCe a\u0163i ie\u015fit s\u0103 vede\u0163i \u00een pustiu? O trestie cl\u0103tinat\u0103 de v\u00e2nt?\u201d<\/em><\/p>\n<p>Aici, cuv\u00e2ntul \u201e<u>aggelos<\/u>\u201d a fost tradus \u201e<u>trimis<\/u>\u201d, dar trebuie s\u0103 \u0163ine\u0163i minte c\u0103 \u00een limba greac\u0103 nu exist\u0103 nici o diferen\u0163\u0103. Numai \u00een limba englez\u0103 (\u015fi \u00een limba rom\u00e2n\u0103) s-a f\u0103cut aceast\u0103 diferen\u0163iere, dar dac\u0103 citim \u00een limba greac\u0103, din care s-a f\u0103cut traducerea, este acela\u015fi cuv\u00e2nt \u201e<u>aggelos<\/u>\u201d, ca \u015fi \u00een cazul \u00een care citim: \u201e<em>Un \u00cenger (aggelos) puternic a cobor\u00e2t din cer.\u201d<\/em><\/p>\n<p>A\u015fadar, \u00een <u>Luca 7.24<\/u>, putem citi \u015fi: \u201e<em>Dup\u0103 ce au plecat <strong>\u00eengerii<\/strong> lui Ioan, Isus a \u00eenceput s\u0103 spun\u0103 noroadelor despre Ioan.\u201d<\/em><\/p>\n<p>\u00censeamn\u0103 c\u0103 acest cuv\u00e2nt \u201e<u>aggelos<\/u>\u201d nu se refer\u0103 neap\u0103rat la fiin\u0163e cere\u015fti \u00eentotdeauna c\u00e2nd este folosit, ci se poate referi \u015fi la oameni. Noi trebuie s\u0103 fim foarte aten\u0163i, pentru c\u0103 \u00een mod frecvent, \u00een Noul Testament este folosit acela\u015fi cuv\u00e2nt \u015fi pentru oameni.<\/p>\n<p>Dup\u0103 ce am clarificat acest lucru, a\u015f vrea s\u0103 ne \u00eentoarcem la textul din <u>Apocalipsa 1.1<\/u>:<\/p>\n<p>\u201e<em>Descoperirea lui Isus Hristos pe care i-a dat-o Dumnezeu, ca s\u0103 arate robilor S\u0103i lucrurile care au s\u0103 se \u00eent\u00e2mple \u00een cur\u00e2nd. \u015ei le-a f\u0103cut-o cunoscut, trimi\u0163\u00e2nd, prin <strong><u>aggelos <\/u><\/strong><u>(\u00eengerul) S\u0103u<\/u>, la robul S\u0103u Ioan&#8230;\u201d<\/em><\/p>\n<p>\u00cen continuare, a\u015f vrea s\u0103 privim la acest \u00eenger care la sf\u00e2r\u015fitul c\u0103r\u0163ii Apocalipsei \u00eei spune lui Ioan cine este. A\u015fadar, a\u015f vrea s\u0103 vedem ce spune acest \u00eenger despre el \u00eensu\u015fi, ca s\u0103 \u00een\u0163elegem dac\u0103 este un \u00eenger ceresc sau este un sol sau un mesager p\u0103m\u00e2ntesc, dac\u0103 este o fiin\u0163\u0103 cereasc\u0103 sau este o fiin\u0163\u0103 p\u0103m\u00e2nteasc\u0103, pentru c\u0103 dac\u0103 citim Apocalipsa, avem impresia c\u0103 este vorba de o fiin\u0163\u0103 cereasc\u0103, dar \u00een <u>Apocalipsa 19.10<\/u>, el ne spune clar cine este:<\/p>\n<p><em>\u201e<\/em><em>\u015ei m-am aruncat la picioarele lui ca s\u0103 m\u0103 \u00eenchin lui. Dar el mi-a zis: \u201eFere\u015fte-te s\u0103 faci una ca aceasta! Eu sunt <u>un \u00eempreun\u0103-slujitor cu tine \u015fi cu fra\u0163ii t\u0103i<\/u> care p\u0103streaz\u0103 m\u0103rturia lui Isus. Lui Dumnezeu \u00eenchin\u0103-te! (C\u0103ci m\u0103rturia lui Isus este duhul prorociei.)\u201d<\/em><\/p>\n<p>Aici, vedem c\u0103 Ioan s-a aruncat la picioarele \u00eengerului (aggelos) ca s\u0103 i se \u00eenchine, dar el l-a oprit spun\u00e2nd c\u0103 este \u201e<em>un \u00eempreun\u0103-slujitor\u201d <\/em>cu el.<\/p>\n<p>Dac\u0103 mergem \u00een Concordan\u0163\u0103 \u015fi c\u0103ut\u0103m \u00eensemn\u0103tatea cuv\u00e2ntului \u201e<em><u>un \u00eempreun\u0103-slujitor<\/u>\u201d,<\/em> vom vedea c\u0103 acesta este \u201e<u>cineva care este ca \u015fi tine<\/u>\u201d. \u00cen ce-l prive\u015fte pe Pavel, c\u00e2nd transmite salut\u0103ri la sf\u00e2r\u015fitul unora dintre epistolele sale, \u00eei nume\u015fte pe tovar\u0103\u015fii s\u0103i de slujb\u0103 \u201e<u>\u00eempreun\u0103 slujitori<\/u>\u201d cu el.<\/p>\n<p>De exemplu, el spune: \u201e<em>&#8230;cum a<\/em><em>\u0163i \u00eenv\u0103\u0163at de la Epafras, preaiubitul nostru <strong><u>tovar\u0103\u015f de slujb\u0103<\/u><\/strong>.\u201d <\/em>(<u>Coloseni 1.7<\/u>). \u00cen limba englez\u0103, aceast\u0103 expresie este tradus\u0103: \u201e<em>preaiubitul nostru care este <strong><u>\u00eempreun\u0103 slujitor<\/u><\/strong> cu noi.\u201d, <\/em>pentru c\u0103 este folosit acela\u015fi cuv\u00e2nt din Apocalipsa 19.10. Aceasta ne arat\u0103 c\u0103 Epafras era un slujitor ca \u015fi Pavel.<\/p>\n<p>S\u0103 mergem mai departe:<\/p>\n<p>\u201e<em>Eu sunt <u>un \u00eempreun\u0103-slujitor cu tine \u015fi cu fra\u0163ii t\u0103i<\/u>.\u201d<\/em><\/p>\n<p>Dac\u0103 mergem \u00een Noul Testament \u015fi c\u0103ut\u0103m \u00eensemn\u0103tatea expresiei: \u201e<em><u>cu fra\u0163ii t\u0103i<\/u><\/em>\u201d, vedem c\u0103 ea \u00eenseamn\u0103: \u201e<u>cineva din familia ta<\/u>\u201d, \u201e<u>cineva care este de aceea\u015fi na\u0163ionalitate cu tine<\/u>\u201d sau \u201e<u>cineva care este \u00een aceea\u015fi biseric\u0103 a lui Hristos<\/u>.\u201d, ceea ce \u00eenseamn\u0103 c\u0103 se refer\u0103 \u00eentotdeauna la oameni \u015fi niciodat\u0103 la \u00eengeri. \u00cen Noul Testament, nici un \u00eenger nu spune despre sine c\u0103 este un \u00eempreun\u0103 slujitor cu un om, nici c\u0103 este frate cu un om.<\/p>\n<p>Dar prin faptul c\u0103 spune: \u201e<em>Eu sunt <u>un \u00eempreun\u0103-slujitor cu tine \u015fi cu fra\u0163ii t\u0103i<\/u>.\u201d, <\/em>el nu spune c\u0103 este evreu sau c\u0103 are aceea\u015fi na\u0163ionalitate cu Ioan, ci spune c\u0103 <u>face parte din cei care \u201e<em>p\u0103streaz\u0103 m\u0103rturia lui Isus<\/em><\/u>\u201d, a\u015fa cum ni se spune \u00een continuarea versetului. Cu alte cuvinte, el spune c\u0103 este un credincios \u00een Hristos ca \u015fi Ioan, deci un om.<\/p>\n<p>Astfel, dac\u0103 citim <u>Apocalipsa 1.1<\/u> ne este clar c\u0103 acest \u00eenger (aggelos) care vine la Ioan este un mesager, un om:<\/p>\n<p>\u201e<em>Descoperirea lui Isus Hristos pe care i-a dat-o Dumnezeu, ca s\u0103 arate robilor S\u0103i lucrurile care au s\u0103 se \u00eent\u00e2mple \u00een cur\u00e2nd. \u015ei le-a f\u0103cut-o cunoscut, trimi\u0163\u00e2nd, prin <u>\u00eengerul S\u0103u (mesagerul S\u0103u, aggelos S\u0103u)<\/u>, la robul S\u0103u Ioan.\u201d<\/em><\/p>\n<p>S\u0103 mergem mai departe \u015fi s\u0103 citim din <u>Apocalipsa 1.12, 13 \u015fi 16<\/u>:<\/p>\n<p>\u201e<em>M-am \u00eentors s<\/em><em>\u0103 v\u0103d glasul care-mi vorbea. \u015ei, c\u00e2nd m-am \u00eentors, am v\u0103zut \u015fapte sfe\u015fnice de aur.<\/em><\/p>\n<p><em>\u015ei, \u00een mijlocul celor \u015fapte sfe\u015fnice, pe Cineva care sem\u0103na cu Fiul omului, \u00eembr\u0103cat cu o hain\u0103 lung\u0103 p\u00e2n\u0103 la picioare \u015fi \u00eencins la piept cu un br\u00e2u de aur.<\/em><\/p>\n<p><em>\u00cen m\u00e2na dreapt<\/em><em>\u0103 \u0163inea \u015fapte stele. Din gura Lui ie\u015fea o sabie ascu\u0163it\u0103 cu dou\u0103 t\u0103i\u015furi, \u015fi fa\u0163a Lui era ca soarele c\u00e2nd str\u0103luce\u015fte \u00een toat\u0103 puterea lui.\u201d<\/em><\/p>\n<p>A\u015fa cum am citit mai sus, El \u0163inea \u00een m\u00e2na Sa \u015fapte stele, iar dac\u0103 citim \u00een <u>Apocalipsa 1.20<\/u>, vedem care este taina celor \u015fapte sfe\u015fnice de aur \u015fi a celor \u015fapte stele:<\/p>\n<p>\u201e<em>Taina celor \u015fapte stele pe care le-ai v\u0103zut \u00een m\u00e2na dreapt\u0103 a Mea \u015fi a celor \u015fapte sfe\u015fnice de aur: <u>cele \u015fapte stele sunt <strong>aggelos <\/strong>(\u00eengerii<\/u>) celor \u015fapte biserici; \u015fi cele \u015fapte sfe\u015fnice sunt \u015fapte biserici.\u201d<\/em><\/p>\n<p>\u00centrebarea pe care trebuie s\u0103 ne-o punem acum este dac\u0103 ace\u015fti \u201e<u>aggelos<\/u>\u201d sunt oameni sau fiin\u0163e supranaturale? Traduc\u0103torul Bibliei a folosit aici cuv\u00e2ntul \u201e<u>\u00eenger<\/u>\u201d, deoarece nu a fost sigur c\u0103 cel despre care se vorbe\u015fte \u00een text este un om. Astfel, pentru c\u0103 nu a putut face deosebirea, cel mai simplu lucru a fost s\u0103 pun\u0103 cuv\u00e2ntul \u201e<u>\u00eenger<\/u>\u201d, dar acest text ar putea face referire la oameni, la mesageri, la fel ca mesagerii sau solii care au fost trimi\u015fi de Ioan, la fel ca Ioan Botez\u0103torul care a fost un mesager trimis \u00eenaintea lui Hristos sau la fel ca mesagerii pe care i-a trimis Isus \u00eenaintea Sa \u00een Samaria. Vede\u0163i?<\/p>\n<p>Acum vom merge \u015fi vom citi din <u>Apocalipsa 1.3-4<\/u>, apoi vom lega totul \u00eempreun\u0103:<\/p>\n<p>\u201e<em>Ferice de cine cite<\/em><em>\u015fte \u015fi de cei ce ascult\u0103 cuvintele acestei <strong><u>prorocii<\/u><\/strong> \u015fi p\u0103zesc lucrurile scrise \u00een ea! C\u0103ci vremea este aproape!\u201d<\/em><\/p>\n<p>Am subliniat cuv\u00e2ntul \u201e<u>prorocie<\/u>\u201d pentru c\u0103 este foarte important, iar \u00een continuare ni se vor prezenta cele \u015fapte epoci ale Bisericii.<\/p>\n<p>A\u015fadar, \u00een primul r\u00e2nd avem descrierea lui Isus Hristos, dup\u0103 care urmeaz\u0103 un mesaj pentru fiecare din cele \u015fapte epoci ale Bisericii din Asia Mic\u0103.<\/p>\n<p>Deci, Ioan ne spune c\u00e2t se poate de clar c\u0103 este \u201e<em>Ferice de cine cite\u015fte \u015fi de cei ce ascult\u0103 cuvintele acestei <strong><u>prorocii<\/u><\/strong><\/em>.\u201d El nu spune: \u201e<em>Ferice de cine cite\u015fte \u015fi de cei ce ascult\u0103 cuvintele <strong><u>acestor evenimente actuale<\/u><\/strong>\u201d<\/em>, ceea ce este foarte important. De ce? Pentru c\u0103 din acest punct, vedenia este cu privire la viitor, nu la evenimente actuale ale acelor zile.<\/p>\n<p>Astfel, dac\u0103 cineva prive\u015fte la cele \u015fapte epoci \u015fi spune c\u0103 sunt \u015fapte biserici din Asia Mic\u0103, a c\u0103ror caracteristici a dorit Dumnezeu s\u0103 le sublinieze, trimi\u0163\u00e2nd mesageri la ele, nu se leag\u0103 cu Scriptura deoarece chiar la \u00eenceput ni se spune c\u0103 <u>aceasta este o Carte a profe\u0163iei<\/u>. \u00censeamn\u0103 c\u0103 aceste lucruri trebuie s\u0103 apar\u0163in\u0103 unor evenimente actuale nou\u0103, nu bisericilor din acele zile.<\/p>\n<p>\u201e<em>Ioan, c<\/em><em>\u0103tre cele \u015fapte biserici care sunt \u00een Asia: <u>Har \u015fi pace vou\u0103<\/u>&#8230;\u201d<\/em><\/p>\n<p>Dup\u0103 cum vedem aici, Ioan salut\u0103 cele \u015fapte biserici cu un salut specific Noului Testament: \u201e<em>Har \u015fi pace vou\u0103\u201d,<\/em> iar salutul vine de fapt \u201e<em>din partea Celui ce este, Celui ce era \u015fi Celui ce vine, \u015fi din partea celor \u015fapte duhuri,<\/em> <em>care stau \u00eenaintea scaunului S\u0103u de domnie.\u201d<\/em><\/p>\n<p><em>\u201e&#8230;din partea Celui ce este, Celui ce era <\/em><em>\u015fi Celui ce vine\u201d.<\/em> Acesta este un titlu atribuit lui Isus Hristos, dar apoi avem conjunc\u0163ia \u201e<u>\u015fi<\/u>\u201d care ne indic\u0103 faptul c\u0103 acest salut este f\u0103cut de Isus Hristos <u>\u015fi<\/u> de cele \u015fapte duhuri. Deci, cele \u015fapte duhuri ale lui Dumnezeu trimit un salut bisericilor, iar ele vorbesc despre profe\u0163ie.<\/p>\n<p>Acestea sunt lucruri foarte importante pe care trebuie s\u0103 ne concentr\u0103m. Dar unde se afl\u0103 cele \u015fapte duhuri? \u201e<em>\u00cenaintea scaunului S\u0103u de domnie.\u201d<\/em><\/p>\n<p>S\u0103 mergem acum \u00een <u>Apocalipsa 3.1<\/u>:<\/p>\n<p>\u201e<em>\u00cengerului Bisericii din Sardes scrie-i: \u201eIat\u0103 ce zice <u>Cel ce are cele \u015fapte Duhuri ale lui Dumnezeu <strong>\u015fi<\/strong> cele \u015fapte stele<\/u>: \u201e\u015etiu faptele tale: c\u0103 \u00ee\u0163i merge numele c\u0103 tr\u0103ie\u015fti, dar e\u015fti mort.\u201d<\/em><\/p>\n<p>Noi \u015ftim c\u0103 El are cele \u015fapte stele pentru c\u0103 le-am v\u0103zut \u00een m\u00e2na Sa \u00een capitolul 1, dar nu \u015ftiam c\u0103 El are \u015fi cele \u015fapte Duhuri ale lui Dumnezeu.<\/p>\n<p>Deci, Cel care vorbe\u0219te aici este Isus Hristos, \u015fi El are cele \u015fapte Duhuri ale lui Dumnezeu \u015fi cele \u015fapte stele. Faptul c\u0103 le are \u00eenseamn\u0103 c\u0103 le posed\u0103 sau c\u0103 fac parte din Sine \u00eensu\u015fi?<\/p>\n<p>S\u0103 citim din <u>Apocalipsa 4.2-5<\/u>:<\/p>\n<p>\u201e<em>Numaidec\u00e2t am fost r\u0103pit \u00een Duhul. \u015ei iat\u0103 c\u0103 \u00een cer era pus un scaun de domnie, \u015fi pe scaunul acesta de domnie \u015fedea Cineva.<\/em><\/p>\n<p><em>Cel ce <\/em><em>\u015fedea pe el avea \u00eenf\u0103\u0163i\u015farea unei pietre de jasp \u015fi de sardiu; \u015fi scaunul de domnie era \u00eenconjurat cu un curcubeu ca o piatr\u0103 de smarald la vedere.<\/em><\/p>\n<p><em>\u00cemprejurul scaunului de domnie st<\/em><em>\u0103teau dou\u0103zeci \u015fi patru de scaune de domnie; \u015fi pe aceste scaune de domnie st\u0103teau dou\u0103zeci \u015fi patru de b\u0103tr\u00e2ni, \u00eembr\u0103ca\u0163i \u00een haine albe; \u015fi pe capete aveau cununi de aur.<\/em><\/p>\n<p><em>Din scaunul de domnie ie<\/em><em>\u015feau fulgere, glasuri \u015fi tunete. \u00cenaintea scaunului de domnie ardeau <u>\u015fapte l\u0103mpi de foc, care sunt cele \u015fapte Duhuri ale lui Dumnezeu<\/u>.\u201d<\/em><\/p>\n<p>Aici vedem c\u0103 <u>cele \u015fapte duhuri ale lui Dumnezeu<\/u> care stau \u00eenaintea scaunului de domnie al lui Dumnezeu, <u>sunt \u015fapte l\u0103mpi de foc, \u015fapte vase care lumineaz\u0103 sau \u015fapte lumini<\/u>.<\/p>\n<p>Acum vom merge \u00een <u>Apocalipsa 5<\/u>, capitolul \u00een care se strig\u0103: \u201e<em>Cine este vrednic s\u0103 ia Cartea \u015fi s\u0103-i rup\u0103 Pece\u0163ile?\u201d<\/em> Biblia spune c\u0103 nu a fost nici un om \u00een cer, pe p\u0103m\u00e2nt sau sub p\u0103m\u00e2nt care s\u0103 fi fost g\u0103sit vrednic s\u0103 ia Cartea \u015fi s\u0103-i rup\u0103 Pece\u0163ile, iar Ioan a \u00eenceput s\u0103 pl\u00e2ng\u0103 pentru c\u0103 nu era nimeni vrednic s\u0103 fac\u0103 aceasta. Dar cineva i-a spus: \u201e<em>Nu pl\u00e2nge; iat\u0103 c\u0103 Leul din semin\u0163ia lui Iuda, R\u0103d\u0103cina lui David, a biruit ca s\u0103 deschid\u0103 cartea \u015fi cele \u015fapte pece\u0163i ale ei.\u201d <\/em>(<u>v. 5<\/u>).<\/p>\n<p>Atunci, Ioan a privit \u00een jur ca s\u0103 vad\u0103 Leul, dar ce a v\u0103zut c\u00e2nd s-a \u00eentors?<\/p>\n<p>\u201e<em>\u015ei la mijloc, \u00eentre scaunul de domnie \u015fi cele patru f\u0103pturi vii \u015fi \u00eentre b\u0103tr\u00e2ni, am v\u0103zut st\u00e2nd \u00een picioare un Miel. P\u0103rea junghiat \u015fi <strong><u>avea \u015fapte coarne \u015fi \u015fapte ochi<\/u><\/strong>, <u>care sunt cele \u015fapte Duhuri ale lui Dumnezeu<\/u> trimise \u00een tot p\u0103m\u00e2ntul.\u201d <\/em> (<u>v. 6<\/u>).<\/p>\n<p>Cine este Mielul \u00eenjunghiat? Domnul Isus Hristos. \u015ei ce avea El? <u>El avea \u015fapte coarne \u015fi \u015fapte ochi<\/u>.<\/p>\n<p>A\u015fadar, c\u00e2nd Ioan s-a \u00eentors s\u0103 vad\u0103 Leul, a v\u0103zut un Miel care p\u0103rea junghiat, jertfit, iar El \u201e<strong><em><u>avea \u015fapte coarne \u015fi \u015fapte ochi<\/u><\/em><\/strong><em>, <u>care sunt cele \u015fapte Duhuri ale lui Dumnezeu<\/u> trimise \u00een tot p\u0103m\u00e2ntul.\u201d<\/em><\/p>\n<p>Acest lucru este foarte important de re\u0163inut. Care? C\u0103 <u>cele \u015fapte coarne \u015fi cei \u015fapte ochi sunt parte din Hristos<\/u>.<\/p>\n<p>A\u015fadar, ce \u00eenseamn\u0103 c\u00e2nd Ioan spune: \u201eCel ce mi-a vorbit a spus: \u201e<u>Eu am<\/u> cele \u015fapte coarne \u015fi \u015fapte ochi!\u201d? \u00cei apar\u0163in ca o factur\u0103 de cinci dolari sau fac parte din El? \u00cen acest text este clar c\u0103 cele \u015fapte coarne \u015fi cei \u015fapte ochi, care sunt cele \u015fapte Duhuri ale lui Dumnezeu, sunt parte din Hristos \u015fi sunt trimise \u00een tot p\u0103m\u00e2ntul.<\/p>\n<p>Acest lucru este foarte important, pentru c\u0103 toate acestea sunt piese foarte importante ale puzzle-ului.<\/p>\n<p>Dar ce reprezint\u0103 <u>un corn<\/u> \u00een profe\u0163ie? S\u0103 mergem \u00een <u>Daniel 8.1-10<\/u>:<\/p>\n<p>\u201e<em>\u00cen anul al treilea al domniei \u00eemp\u0103ratului Bel\u015fa\u0163ar, eu, Daniel, am avut o vedenie, afar\u0103 de cea pe care o avusesem mai \u00eenainte.<\/em><\/p>\n<p><em>C\u00e2nd am avut vedenia aceasta&#8230;\u201d<\/em><\/p>\n<p>Noi \u015ftim c\u0103 Daniel a fost un profet \u0219i c\u0103 a avut aceast\u0103 vedenie care este de fapt o profe\u0163ie.<\/p>\n<p>De asemenea, \u00een Apocalipsa, capitolele unu, doi \u015fi trei, ni s-a spus c\u0103 aceasta este o Carte a profe\u0163iei, iar dac\u0103 vrem s\u0103 \u015ftim ce \u00eenseamn\u0103 coarnele \u015fi ochii, trebuie s\u0103 vedem ce reprezint\u0103 ele \u00een profe\u0163ie. Pentru aceasta, putem vedea unde au fost ele folosite \u00een profe\u0163ie \u00eenainte, iar dac\u0103 \u015ftim c\u0103 Isus Hristos este Acela\u015fi ieri, azi \u015fi \u00een veci, c\u0103 Dumnezeu nu-\u015ei schimb\u0103 niciodat\u0103 c\u0103ile, ci r\u0103m\u00e2ne credincios tiparului S\u0103u, putem crede aceasta f\u0103r\u0103 fric\u0103.<\/p>\n<p>\u201e<em>C\u00e2nd am avut vedenia aceasta mi s-a p\u0103rut c\u0103 eram la capitala Susa, \u00een \u0163inutul Elam; \u015fi \u00een timpul vedeniei mele m\u0103 aflam l\u00e2ng\u0103 r\u00e2ul Ulai.<\/em><\/p>\n<p><em>Am ridicat ochii, m-am uitat \u015fi iat\u0103 c\u0103 \u00eentr-un r\u00e2u st\u0103tea un berbec \u015fi avea dou\u0103 coarne; coarnele acestea erau \u00eenalte, dar unul era mai \u00eenalt dec\u00e2t cel\u0103lalt, \u015fi cel mai \u00eenalt a crescut cel din urm\u0103.<\/em><\/p>\n<p><em>Am v\u0103zut cum berbecul \u00eempungea cu coarnele spre apus, spre miaz\u0103noapte \u015fi spre miaz\u0103zi; nicio fiar\u0103 nu putea s\u0103-i stea \u00eempotriv\u0103 \u015fi nimeni nu putea s\u0103 scape pe cine-i c\u0103dea \u00een m\u00e2n\u0103; ci el f\u0103cea ce voia, \u015fi a ajuns puternic.<\/em><\/p>\n<p><em>Pe c\u00e2nd m\u0103 uitam cu b\u0103gare de seam\u0103, iat\u0103 c\u0103 a venit un \u0163ap de la apus \u015fi a cutreierat toat\u0103 fa\u0163a p\u0103m\u00e2ntului, f\u0103r\u0103 s\u0103 se ating\u0103 de el; \u0163apul acesta \u00eens\u0103 avea <u>un corn mare<\/u> \u00eentre ochi.<\/em><\/p>\n<p><em>A venit p\u00e2n\u0103 la berbecul care avea coarne \u015fi pe care-l v\u0103zusem st\u00e2nd \u00een r\u00e2u \u015fi s-a repezit asupra lui cu toat\u0103 puterea lui.<\/em><\/p>\n<p><em>L-am v\u0103zut cum s-a apropiat de berbec, s-a aruncat \u00eencruntat asupra lui, a izbit pe berbec \u015fi i-a fr\u00e2nt am\u00e2ndou\u0103 coarnele, f\u0103r\u0103 ca berbecul s\u0103 i se fi putut \u00eempotrivi; l-a tr\u00e2ntit la p\u0103m\u00e2nt \u015fi l-a c\u0103lcat \u00een picioare, \u015fi nimeni n-a sc\u0103pat pe berbec din m\u00e2na lui.<\/em><\/p>\n<p><em>\u0162apul \u00eens\u0103 a ajuns foarte puternic; dar c\u00e2nd a fost puternic de tot, i s-a fr\u00e2nt cornul cel mare. \u00cen locul lui au crescut patru coarne mari, \u00een cele patru v\u00e2nturi ale cerurilor.<\/em><\/p>\n<p><em>Dintr-unul din ele a crescut un corn mic, care s-a m<\/em><em>\u0103rit nespus de mult spre miaz\u0103zi, spre r\u0103s\u0103rit \u015fi spre \u0163ara cea minunat\u0103.<\/em><\/p>\n<p><em>S-a \u00een\u0103l\u0163at p\u00e2n\u0103 la o\u015ftirea cerurilor, a dobor\u00e2t la p\u0103m\u00e2nt o parte din o\u015ftirea aceasta \u015fi din stele \u015fi le-a c\u0103lcat \u00een picioare.\u201d<\/em><\/p>\n<p>Aceasta este vedenia sau profe\u0163ia care i-a fost dat\u0103 lui Daniel, iar \u00een aceast\u0103 profe\u0163ie, el a v\u0103zut <u>un berbec cu dou\u0103 coarne<\/u>, unul mai mare dec\u00e2t cel\u0103lalt, <u>ace\u015ftia fiind doi \u00eemp\u0103ra\u0163i ai mezilor \u015fi ai per\u015filor<\/u>. \u00cen vremea aceea, Daniel era \u00een Babilon, iar tronul Babilonului era pe punctul de a fi luat de \u00eemp\u0103ratul mezilor \u015fi per\u015filor, iar Dumnezeu i-a ar\u0103tat aceasta \u00eentr-o profe\u0163ie. El nu i-a spus lui Daniel: \u201eIat\u0103 c\u0103 vor veni mezii \u015fi per\u015fii, iar ei vor avea doi \u00eemp\u0103ra\u0163i, unul fiind mai mare dec\u00e2t cel\u0103lalt, \u00eemp\u0103ratul mai mare urm\u00e2nd s\u0103 vin\u0103 mai t\u00e2rziu!\u201d, ci el a v\u0103zut \u00een vedenie un berbec cu dou\u0103 coarne, unul fiind mai mare dec\u00e2t cel\u0103lalt, cel mai mare urm\u00e2nd s\u0103 se ridice mai t\u00e2rziu.<\/p>\n<p>Vede\u0163i, Domnul i-a descoperit aceasta prin simboluri, iar mai t\u00e2rziu, i-a dat \u015fi t\u0103lm\u0103cirea. S\u0103 citim pentru aceasta \u00eencep\u00e2nd de la <u>versetul 18-22<\/u>:<\/p>\n<p>\u201e<em>Pe c\u00e2nd \u00eemi vorbea el, am c\u0103zut cu fa\u0163a la p\u0103m\u00e2nt le\u015finat. El m-a atins \u015fi m-a a\u015fezat iar\u0103\u015fi \u00een picioare \u00een locul \u00een care m\u0103 aflam.<\/em><\/p>\n<p><em>Apoi mi-a zis: \u201eIat<\/em><em>\u0103, \u00ee\u0163i ar\u0103t ce se va \u00eent\u00e2mpla la vremea de apoi a m\u00e2niei, c\u0103ci vedenia aceasta prive\u015fte vremea sf\u00e2r\u015fitului.<\/em><\/p>\n<p><em>Berbecul pe care l-ai v\u0103zut, cu cele dou\u0103 coarne, sunt \u00eemp\u0103ra\u0163ii mezilor \u015fi per\u015filor.<\/em><\/p>\n<p><em>\u0162apul \u00eens\u0103 este \u00eemp\u0103r\u0103\u0163ia Greciei, \u015fi cornul cel mare dintre ochii lui este cel dint\u00e2i \u00eemp\u0103rat.\u201d<\/em><\/p>\n<p>Noi \u015ftim c\u0103 <u>berbecul, f\u0103ptura<\/u>, <u>este<\/u> o \u00eemp\u0103r\u0103\u0163ie sau o putere, <u>\u00eemp\u0103r\u0103\u0163ia mezilor \u015fi per\u015filor<\/u>, iar <u>coarnele sunt \u00eemp\u0103ra\u0163ii<\/u> lor. Apoi, am v\u0103zut c\u0103 <u>\u0163apul este Grecia<\/u>, iar <u>cornul cel mare dintre ochii s\u0103i este Alexandru cel Mare<\/u>, primul \u00eemp\u0103rat al Greciei, care l-a detronat pe \u00eemp\u0103ratul mezilor \u015fi per\u015filor. Totul este foarte bine consemnat \u00een istorie. De asemenea, \u015ftim c\u0103 Alexandru cel Mare a murit timpuriu \u015fi c\u0103 \u00eemp\u0103r\u0103\u0163ia sa a fost \u00eemp\u0103r\u0163it\u0103 \u00een patru \u00eemp\u0103r\u0103\u0163ii diferite, cu patru \u00eemp\u0103ra\u0163i diferi\u0163i, \u00een cele din urm\u0103 fiind ocupate de Imperiul Roman, sub un singur \u00eemp\u0103rat. Totul este foarte bine ar\u0103tat \u00een Scriptur\u0103, dar nu scrie: \u201eGrecia\u201d sau \u201eRoma\u201d, ci Domnul a vorbit simbolic: berbec, \u0163ap \u015fi coarne, coarnele simboliz\u00e2ndu-i pe \u00eemp\u0103ra\u0163i.<\/p>\n<p>S\u0103 citim <u>versetele 21-22<\/u>:<\/p>\n<p>\u201e<em>\u0162apul \u00eens\u0103 este \u00eemp\u0103r\u0103\u0163ia Greciei, \u015fi cornul cel mare dintre ochii lui este cel dint\u00e2i \u00eemp\u0103rat.<\/em><\/p>\n<p><em>Cele patru coarne care au crescut \u00een locul acestui corn fr\u00e2nt sunt patru \u00eemp\u0103r\u0103\u0163ii care se vor ridica din neamul acesta, dar care nu vor avea at\u00e2ta putere.\u201d<\/em><\/p>\n<p>Acum, vom citi din <u>Apocalipsa 17.3<\/u>:<\/p>\n<p>\u201e<em>\u015ei m-a dus, \u00een Duhul, \u00eentr-un pustiu. \u015ei am v\u0103zut o femeie \u015fez\u00e2nd pe o fiar\u0103 de culoare stacojie, plin\u0103 cu nume de hul\u0103, \u015fi avea \u015fapte capete \u015fi zece coarne<\/em>.\u201d<\/p>\n<p>Aici avem <u>o femeie care simbolizeaz\u0103 o biseric\u0103<\/u> \u015fi vedem c\u0103 aceast\u0103 femeie st\u0103 pe o fiar\u0103 de culoare stacojie, plin\u0103 cu nume de hul\u0103 \u015fi avea \u015fapte capete \u015fi zece coarne.<\/p>\n<p>Ca s\u0103 vedem ce \u00eenseamn\u0103 aceste <u>coarne<\/u>, mergem \u00een versetul 12:<\/p>\n<p>\u201e<em><u>Cele zece coarne<\/u><\/em><em> pe care le-ai v\u0103zut <u>sunt zece \u00eemp\u0103ra\u0163i<\/u> care n-au primit \u00eenc\u0103 \u00eemp\u0103r\u0103\u0163ia, ci vor primi putere \u00eemp\u0103r\u0103teasc\u0103 timp de un ceas \u00eempreun\u0103 cu fiara.\u201d<\/em><\/p>\n<p>Aici vedem foarte clar c\u0103 <u>aceste zece coarne sunt zece \u00eemp\u0103ra\u0163i<\/u>. A\u015fadar, at\u00e2t \u00een Vechiul c\u00e2t \u015fi \u00een Noul Testament, \u00een profe\u0163ie <u>coarnele sunt \u00eemp\u0103ra\u0163i<\/u>.<\/p>\n<p>\u00cen concluzie, <u>un corn<\/u> reprezint\u0103 <u>un \u00eemp\u0103rat<\/u>, iar <u>fiara<\/u> reprezint\u0103 <u>o \u00eemp\u0103r\u0103\u0163ie<\/u> sau <u>o putere<\/u>.<\/p>\n<p>&nbsp;<\/p>\n<p><strong>Cine sunt ace\u015fti \u015fapte \u00eemp\u0103ra\u0163i?<\/strong><\/p>\n<p>&nbsp;<\/p>\n<p>\u201e\u2026<em>am v\u0103zut st\u00e2nd \u00een picioare un Miel. P\u0103rea junghiat \u015fi <strong><u>avea \u015fapte coarne<\/u><\/strong>\u2026\u201d <\/em>(<u>Apocalipsa 5.6<\/u>).<\/p>\n<p>Deci, <u>Mielul \u00eenjunghiat are \u015fapte coarne<\/u>. Este foarte important s\u0103 vedem unde se afl\u0103 coarnele pentru c\u0103 noi \u015ftim c\u0103 <u>o fiar\u0103, o f\u0103ptur\u0103<\/u> <u>reprezint\u0103 o \u00eemp\u0103r\u0103\u0163ie sau o putere<\/u>, iar <u>coarnele \u00eel simbolizeaz\u0103 pe \u00eemp\u0103ratul sau conduc\u0103torul acelei \u00eemp\u0103r\u0103\u0163ii sau puteri<\/u>.<\/p>\n<p>Deci, unde sunt cele <u>\u015fapte coarne<\/u>? <u>Pe Mielul \u00eenjunghiat<\/u>. Ce \u00eemp\u0103r\u0103\u0163ie reprezint\u0103 aceast\u0103 f\u0103ptur\u0103 numit\u0103 Miel? <u>\u00cemp\u0103r\u0103\u0163ia lui Hristos<\/u>. <u>Este t\u0103r\u00e2mul cre\u015ftinismului, \u00cemp\u0103r\u0103\u0163ia lui Hristos sau \u00cemp\u0103r\u0103\u0163ia Mielului \u00eenjunghiat<\/u>.<\/p>\n<p>C\u00e2nd a fost \u00eenjunghiat Mielul? \u00cen urm\u0103 cu dou\u0103 mii de ani. A\u015fadar, <u>\u00een ace\u015fti ultimi dou\u0103 mii de ani, am avut \u00cemp\u0103r\u0103\u0163ia Mielului \u00eenjunghiat, am avut \u015fapte coarne<\/u>. Coarnele acestea nu apar\u0163in Vechiului Testament, nu apar\u0163in zilelor lui Daniel, ci este vorba de \u00cemp\u0103r\u0103\u0163ia Mielului \u00eenjunghiat, iar <u>\u00een \u00cemp\u0103r\u0103\u0163ia Mielului \u00eenjunghiat, \u00een Epocile Bisericilor, au existat \u015fapte coarne adic\u0103 \u015fapte \u00eemp\u0103ra\u0163i sau conduc\u0103tori<\/u>. Este spus foarte clar \u00een profe\u0163ie.<\/p>\n<p>Deci, <u>fiara, f\u0103ptura<\/u>, simbolizeaz\u0103 <u>o \u00eemp\u0103r\u0103\u0163ie<\/u> sau <u>o putere<\/u>, ceea ce \u00eenseamn\u0103 c\u0103 <u>Mielul junghiat<\/u> este <u>\u00cemp\u0103r\u0103\u0163ia lui Hristos<\/u>, iar <u>\u00cemp\u0103r\u0103\u0163ia Sa are \u015fapte coarne<\/u>. <u>Cornul<\/u> este <u>\u00eemp\u0103ratul<\/u>, iar <u>\u00eemp\u0103ratul este conduc\u0103torul poporului<\/u>.<\/p>\n<p>\u00cen concluzie, <u>\u00een \u00cemp\u0103r\u0103\u0163ia lui Hristos au existat \u015fapte conduc\u0103tori ai poporului<\/u>. \u00cemp\u0103ratul este ap\u0103r\u0103torul \u00eemp\u0103r\u0103\u0163iei.<\/p>\n<p>Ce rol are cornul unui animal? Animalul \u00ee\u015fi folose\u015fte cornul pentru ap\u0103rare sau atac. Deci, cornul este folosit pentru ap\u0103rarea \u00eemp\u0103r\u0103\u0163iei sau pentru \u00eendep\u0103rtarea vr\u0103jma\u015filor.<\/p>\n<p>Dar pentru ce sunt coarnele acestea, care este rolul conduc\u0103torilor unei na\u0163iuni? Ei sunt acolo ca s\u0103 apere \u00eemp\u0103r\u0103\u0163ia, na\u0163iunea, ca s\u0103-i \u00eendep\u0103rteze pe vr\u0103jma\u015fi. Ei reprezint\u0103 o putere, <u>cornul reprezint\u0103 \u00eentotdeauna o putere<\/u>, un conduc\u0103tor sau un \u00eemp\u0103rat puternic.<\/p>\n<p>A\u015fadar, <u>aceste coarne \u00eendep\u0103rteaz\u0103 vr\u0103jma\u015ful, ap\u0103r\u0103 \u00cemp\u0103r\u0103\u0163ia lui Hristos \u015fi \u00eel sile\u015fte pe vr\u0103jma\u015f s\u0103 se retrag\u0103<\/u>. <u>\u00cemp\u0103ratul este un om<\/u>; este \u00eentotdeauna un om. Astfel, <u>cei \u015fapte conduc\u0103tori sau \u00eemp\u0103ra\u0163i sunt cei \u015fapte \u00eengeri ale celor \u015fapte epoci ale Bisericii<\/u>. Este vorba despre fiin\u0163e cere\u015fti? Dac\u0103 vorbim despre coarne nu poate fi vorba despre fiin\u0163e cere\u015fti, ci vorbim despre \u00eemp\u0103ra\u0163i p\u0103m\u00e2nte\u015fti pentru c\u0103 peste tot \u00een profe\u0163ie, <u>coarnele se refer\u0103 la \u00eemp\u0103ra\u0163i p\u0103m\u00e2nte\u015fti<\/u>.<\/p>\n<p>\u00cen Daniel sunt \u00eemp\u0103ra\u0163i p\u0103m\u00e2nte\u015fti, \u015fi la fel \u00een Apocalipsa. C\u00e2nd Zedechia a prorocit despre Iosafat \u015fi Ahab, despre faptul c\u0103 ei aveau s\u0103-i \u00eenving\u0103 pe sirieni, \u015fi-a f\u0103cut dou\u0103 coarne de fier \u015fi a spus: \u201e<em>Cu aceste <u>dou\u0103 coarne<\/u>\u2026\u201d<\/em>, adic\u0103 <u>cu ace\u015fti doi \u00eemp\u0103ra\u0163i<\/u>, \u201e<em>\u00eei ve\u0163i bate pe sirieni.\u201d<\/em> Deci, cele dou\u0103 coarne erau cei doi \u00eemp\u0103ra\u0163i care doreau s\u0103 fac\u0103 o alian\u0163\u0103 pentru a lupta \u00eempotriva vr\u0103jma\u015fului.<\/p>\n<p>\u00centotdeauna, coarnele se refer\u0103 la \u00eemp\u0103ra\u0163i p\u0103m\u00e2nte\u015fti sau la conduc\u0103torii p\u0103m\u00e2nte\u015fti, care sunt ap\u0103r\u0103torii p\u0103m\u00e2nte\u015fti ai unei na\u0163iuni.<\/p>\n<p>Dumnezeu are o continuitate \u00een Scripturi, iar noi trebuie s-o urm\u0103m.<\/p>\n<p>A\u015fadar, <u>cei \u015fapte conduc\u0103tori sau \u00eemp\u0103ra\u0163i sunt cei \u015fapte \u00eengeri ale celor \u015fapte epoci ale Bisericii<\/u>.<\/p>\n<p>&nbsp;<\/p>\n<p><strong>Ce reprezint\u0103 ochii?<\/strong><\/p>\n<p><strong>\u00a0<\/strong><\/p>\n<p>S\u0103 citim din <u>1Samuel 9.9<\/u>:<\/p>\n<p>\u201e<em>Odinioar\u0103, \u00een Israel, c\u00e2nd se ducea cineva s\u0103 \u00eentrebe pe Dumnezeu, zicea: \u201eHaidem <u>s\u0103 mergem la v\u0103z\u0103tor<\/u>!\u201d <u>C\u0103ci acela care se nume\u015fte azi proroc se numea odinioar\u0103 v\u0103z\u0103tor<\/u>.\u201d<\/em><\/p>\n<p>\u00cen <u>Efeseni 1.17-18<\/u>, Pavel spune:<\/p>\n<p>\u201e<em>\u015ei m\u0103 rog ca Dumnezeul Domnului nostru Isus Hristos, Tat\u0103l slavei, s\u0103 v\u0103 dea un duh de \u00een\u0163elepciune \u015fi de descoperire \u00een cunoa\u015fterea Lui<\/em><\/p>\n<p>\u015fi <u>s\u0103 v\u0103 lumineze ochii inimii<\/u>, ca s\u0103 pricepe\u0163i care este n\u0103dejdea chem\u0103rii Lui, care este bog\u0103\u0163ia slavei mo\u015ftenirii Lui \u00een sfin\u0163i.\u201d (\u00cen limba englez\u0103 acest verset a fost tradus: \u201e<u>S\u0103 lumineze ochii \u00een\u0163elegerii voastre<\/u>.\u201d).<\/p>\n<p>Aici, Pavel nu vorbe\u015fte despre ochii no\u015ftri fire\u015fti. C\u00e2nd lumin\u0103m ceva, noi aprindem lumina ca s\u0103 putem vedea, ca s\u0103 putem \u00een\u0163elege sau ca s\u0103 \u015ftim.<\/p>\n<p>Cuv\u00e2ntul \u201e<u>ochi<\/u>\u201d de aici este \u201e<u>ophthalmos<\/u>\u201d \u015fi \u00een Noul Testament a fost tradus de 101 ori ca \u201e<u>ochi<\/u>\u201d \u015fi o singur\u0103 dat\u0103 ca \u201e<u>vedere<\/u>\u201d.<\/p>\n<p>\u00cen Lexiconul grec, \u00een cadrul Notelor, este scris: \u201eMetaforic, cuv\u00e2ntul \u201e<u>ochi<\/u>\u201d se refer\u0103 <u>la ochii min\u0163ii<\/u>, <u>la facultatea de a \u015fti<\/u>, de <u>a \u015fti ceva<\/u>, de <u>a avea cuno\u015ftin\u0163\u0103 de ceva<\/u>. Deci, <u>a vedea cu ochii min\u0163ii \u00eenseamn\u0103 a \u00een\u0163elege<\/u>.<\/p>\n<p>Astfel, \u00een Apocalipsa 5, a fost folosit cuv\u00e2ntul: \u201e<u>ophthalmos<\/u>\u201d: \u201e<u>\u015fapte coarne \u015fi \u015fapte <\/u><u>\u201eophthalmos<\/u>\u201d,\u201d adic\u0103 <u>\u015fapte ochi<\/u>.<\/p>\n<p>\u00centrebarea care se ridic\u0103 este dac\u0103 \u00een cazul acesta se poate folosi sensul metaforic al acestui cuv\u00e2nt? <u>Absolut<\/u>, pentru c\u0103 noi vorbim despre profe\u0163ie \u015fi nu despre ochii fire\u015fti. Deci, sensul acestui cuv\u00e2nt este metaforic \u015fi se refer\u0103 la ochii min\u0163ii, la capacitatea de a \u00een\u0163elege, de a \u015fti.<\/p>\n<p>Care este scopul acestor ochi? <u>S\u0103 vad\u0103<\/u>. Sunt ochii Mielului, sunt ochii care apar\u0163in Mielului, sunt ochii \u00cemp\u0103r\u0103\u0163iei: <u>a vedea, a \u00een\u0163elege \u015fi a cunoa\u015fte \u00cemp\u0103r\u0103\u0163ia lui Hristos<\/u>.<\/p>\n<p>Cine sunt cei \u015fapte ochi? <u>Partea Trupului care poate vedea, v\u0103z\u0103torii<\/u>. <u>Cei cu viziuni<\/u>, dar aici nu ne referim neap\u0103rat la cei care au vedenii, ci la cei care <u>pot vedea lucrurile care ne stau \u00eenainte,<\/u> cei care <u>pot vedea lucruri pe care al\u0163ii nu le pot vedea, b\u0103rba\u0163i din \u00cemp\u0103r\u0103\u0163ie care au \u00een\u0163elegere, ochii \u00een\u0163elegerii lor fiind lumina\u0163i, sau b\u0103rba\u0163i care pot aduce Cuv\u00e2ntul lui Dumnezeu oamenilor<\/u>. <u>Ei v\u0103d, \u00een\u0163eleg, au descoperirea viziunii \u015fi o aduc la oameni<\/u>.<\/p>\n<p>&nbsp;<\/p>\n<p><strong>Cele \u015fapte Duhuri ale lui Dumnezeu.<\/strong><\/p>\n<p><strong>\u00a0<\/strong><\/p>\n<p>Noi am v\u0103zut \u00een Scripturi c\u0103 ei au <u>l\u0103mpi de foc<\/u>. Din c\u00e2te \u015ftiu eu, lampa are un singur scop: s\u0103 lumineze, s\u0103 ofere lumin\u0103. Aceasta \u00eenseamn\u0103 c\u0103 <u>scopul acestor \u015fapte Duhuri ale lui Dumnezeu sau a celor \u015fapte l\u0103mpi de foc este s\u0103 dea Lumin\u0103<\/u>, pentru c\u0103 noi to\u0163i eram \u00een \u00eentuneric, f\u0103r\u0103 \u00een\u0163elegere.<\/p>\n<p>A\u015fa cum v-am spus, eu am citit cartea Apocalipsei la v\u00e2rsta de optsprezece ani, dar nu am \u00een\u0163eles nimic. \u00cens\u0103 <u>una dintre aceste l\u0103mpi de foc con\u0163ine o mie dou\u0103 sute de predici \u015fi ne-a luminat \u00een\u0163elegerea<\/u>, pentru c\u0103 <u>acesta este scopul celor \u015fapte Duhuri ale lui Dumnezeu: s\u0103 ne aduc\u0103 Lumin\u0103 ca s\u0103 vedem, s\u0103 \u00een\u0163elegem \u015fi s\u0103 \u015ftim<\/u>.<\/p>\n<p>Ele se afl\u0103 \u00eenaintea tronului lui Dumnezeu, dar au fost trimise pe tot p\u0103m\u00e2ntul. Noi \u015ftim c\u0103 vorbim despre oameni.<\/p>\n<p><u>Coarnele \u015fi ochii nu sunt dou\u0103 lucruri diferite, ci sunt cele \u015fapte Duhuri ale lui Dumnezeu<\/u>, ceea ce \u00eenseamn\u0103 c\u0103 vorbim despre un singur lucru.<\/p>\n<p>Dac\u0103 <u>coarnele sunt \u00eemp\u0103ra\u0163i sau conduc\u0103tori, iar \u00een profe\u0163ie sunt \u00eentotdeauna oameni, atunci \u015fi ochii trebuie s\u0103 fie tot oameni<\/u>, pentru c\u0103 ele sunt acela\u015fi lucru. Deci, noi nu putem spune c\u0103 ochii sunt un lucru, iar coarnele sunt altceva, pentru c\u0103 Scriptura spune c\u0103 cele \u015fapte coarne \u015fi cei \u015fapte ochi sunt cele \u015fapte Duhuri ale lui Dumnezeu.<\/p>\n<p>A\u015fadar, nu exist\u0103 nici o posibilitate de a spune c\u0103 acestea sunt dou\u0103 lucruri separate, ci este clar c\u0103 este vorba de oameni, iar noi vom merge mai ad\u00e2nc \u015fi vom vedea c\u0103 nu este vorba de omul fizic.<\/p>\n<p>Noi \u015ftim c\u0103 ochii, coarnele \u015fi l\u0103mpile au fost trimise pe tot p\u0103m\u00e2ntul.<\/p>\n<p><u>Coarnele sunt conduc\u0103tori, ap\u0103r\u0103tori<\/u>.<\/p>\n<p><u>Ochii sunt v\u0103z\u0103tori, sunt cei care aduc Lumin\u0103<\/u>.<\/p>\n<p>De asemenea, noi am putut vedea c\u0103 aceste \u015fapte Duhuri ale lui Dumnezeu trimit salut\u0103ri bisericilor, deci vorbesc bisericilor. Ele fac parte din Hristos, sunt coarnele \u015fi ochii Mielului \u00eenjunghiat. El este Cel care vorbe\u015fte \u015fi care are cele \u015fapte Duhuri ale lui Dumnezeu \u015fi stelele.<\/p>\n<p>Este uimitor c\u0103 avem <u>l\u0103mpi de foc care ofer\u0103 lumin\u0103<\/u> \u015fi <u>stele, care sunt simbolul celor \u015fapte aggelos sau mesageri<\/u>. Ei sunt descri\u015fi ca stele, sunt \u00eengeri-mesageri. Dar stelele sunt folosite \u015fi pentru a oferi c\u0103l\u0103uzire, ghidare.<\/p>\n<p>\u00cen cartea Genezei, c\u00e2nd ni se vorbe\u015fte despre alinierea f\u0103cut\u0103 \u00een ceruri, c\u00e2nd ni se vorbe\u015fte despre soare, lun\u0103 \u015fi stele, putem vedea c\u0103 ele au fost date ca semne care s\u0103 arate vremurile, zilele \u015fi anii. Vede\u0163i, ele au fost puse acolo ca s\u0103 ofere c\u0103l\u0103uzire pentru oamenii de pe p\u0103m\u00e2nt \u015fi ca semne care s\u0103 arate vremurile, anii \u015fi zilele. Astfel, dac\u0103 cineva era \u00een pustie \u015fi putea g\u0103si Steaua Polar\u0103, putea s\u0103 se ghideze.<\/p>\n<p>A\u015fadar, Dumnezeu este foarte \u00een\u0163elept pentru c\u0103 a folosit cuv\u00e2ntul \u201e<u>stele<\/u>\u201d ca s\u0103-i descrie pe ace\u015fti mesageri, pentru <u>c\u0103 ei sunt acolo<\/u> nu numai <u>pentru a aduce Lumin\u0103<\/u>, ci \u015fi <u>pentru a oferi semne ale vremurilor<\/u>, adic\u0103 \u201e\u00cen ce vreme ne afl\u0103m noi \u00een \u00cemp\u0103r\u0103\u0163ia lui Hristos\u201d \u015fi <u>pentru a oferi c\u0103l\u0103uzire Bisericii ca s\u0103 \u015ftie \u00eencotro s\u0103 se \u00eendrepte<\/u>.<\/p>\n<p>Oamenii puteau g\u0103si Nordul sau Sudul, dar <u>noi putem vedea Estul sau Vestul pentru c\u0103 vedem stelele<\/u>.<\/p>\n<p>A\u015fadar, avem \u015fapte Biserici:<\/p>\n<p>Efes, Smirna, Pergam, Tiatira, Sardes, Filadelfia \u015fi Laodicea.<\/p>\n<p>Este foarte important s\u0103 re\u0163inem c\u0103 <u>aceste \u015fapte biserici sunt \u015fapte biserici \u00een profe\u0163ie<\/u> \u015fi <u>de fiecare dat\u0103 c\u00e2nd vedem ceva \u00een profe\u0163ie, reprezint\u0103 altceva, iar noi \u015ftim c\u0103 aceasta este o Carte a profe\u0163iei<\/u> \u015fi este alc\u0103tuit\u0103 din simboluri. Astfel, \u015ftim c\u0103 acel cal alb nu este un cal alb, calul ro\u015fu nu este un cal ro\u015fu, cele \u015fapte sfe\u015fnice nu sunt sfe\u015fnice, iar cele \u015fapte stele nu sunt stele. Noi \u015ftim aceasta pentru c\u0103 ne-a fost t\u0103lm\u0103cit \u00een Scripturi, deci \u015ftim c\u0103 <u>fiecare lucru din profe\u0163ie este un simbol care reprezint\u0103 altceva<\/u>. La fel este \u015fi cu cele \u015fapte biserici. Ele sunt simboluri care reprezint\u0103 altceva pentru c\u0103 sunt parte din profe\u0163ie, nu din istorie, nu din evenimentele actuale ale acelor zile.<\/p>\n<p>A\u015fadar, prin faptul c\u0103 sunt o profe\u0163ie, ele nu sunt \u015fapte biserici din vechime; au existat \u00een vechime, dar reprezint\u0103 \u015fapte perioade de timp \u00een \u00cemp\u0103r\u0103\u0163ia Mielului \u00eenjunghiat. \u015ei mai \u015ftim un lucru: \u015ftim c\u0103 exist\u0103 \u015fapte stele, \u015fapte \u00eengeri, \u015fapte mesageri sau \u015fapte b\u0103rba\u0163i care au fost da\u0163i acestor biserici, iar noi \u015ftim numele lor:<\/p>\n<p>&nbsp;<\/p>\n<p><u>\u015eapte Biserici<\/u>\u00a0\u00a0\u00a0\u00a0 <u>\u015fapte stele ale bisericilor<\/u>\u00a0\u00a0 <u>\u015fapte Duhuri ale lui Dumnezeu<\/u><\/p>\n<p>Efes\u00a0\u00a0\u00a0\u00a0\u00a0\u00a0\u00a0\u00a0\u00a0\u00a0\u00a0\u00a0\u00a0\u00a0\u00a0\u00a0\u00a0\u00a0\u00a0\u00a0\u00a0\u00a0 Pavel<\/p>\n<p>Smirna\u00a0\u00a0\u00a0\u00a0\u00a0\u00a0\u00a0\u00a0\u00a0\u00a0\u00a0\u00a0\u00a0\u00a0\u00a0\u00a0\u00a0\u00a0 Irineu\u00a0\u00a0\u00a0\u00a0\u00a0\u00a0\u00a0\u00a0\u00a0\u00a0\u00a0\u00a0\u00a0\u00a0\u00a0\u00a0\u00a0\u00a0\u00a0\u00a0\u00a0\u00a0\u00a0\u00a0\u00a0\u00a0\u00a0\u00a0\u00a0\u00a0\u00a0\u00a0 D\u00a0\u00a0 S<\/p>\n<p>Pergam\u00a0\u00a0\u00a0\u00a0\u00a0\u00a0\u00a0\u00a0\u00a0\u00a0\u00a0\u00a0\u00a0\u00a0\u00a0\u00a0 Martin\u00a0\u00a0\u00a0\u00a0\u00a0\u00a0\u00a0\u00a0\u00a0\u00a0\u00a0\u00a0\u00a0\u00a0\u00a0\u00a0\u00a0\u00a0\u00a0\u00a0\u00a0\u00a0\u00a0\u00a0\u00a0\u00a0\u00a0\u00a0\u00a0\u00a0\u00a0\u00a0 U\u00a0\u00a0 F<\/p>\n<p>Tiatra\u00a0\u00a0\u00a0\u00a0\u00a0\u00a0\u00a0\u00a0\u00a0\u00a0\u00a0\u00a0\u00a0\u00a0\u00a0\u00a0\u00a0\u00a0\u00a0\u00a0 Columba\u00a0\u00a0\u00a0\u00a0\u00a0\u00a0\u00a0\u00a0\u00a0\u00a0\u00a0\u00a0\u00a0\u00a0\u00a0\u00a0\u00a0\u00a0\u00a0\u00a0\u00a0\u00a0\u00a0\u00a0\u00a0\u00a0\u00a0\u00a0 H\u00a0\u00a0 \u00c2<\/p>\n<p>Sardes\u00a0\u00a0\u00a0\u00a0\u00a0\u00a0\u00a0\u00a0\u00a0\u00a0\u00a0\u00a0\u00a0\u00a0\u00a0\u00a0\u00a0\u00a0 Martin Luther\u00a0\u00a0\u00a0\u00a0\u00a0\u00a0\u00a0\u00a0\u00a0\u00a0\u00a0\u00a0\u00a0\u00a0\u00a0\u00a0\u00a0\u00a0\u00a0\u00a0\u00a0\u00a0 U\u00a0\u00a0 N<\/p>\n<p>Filadelfia\u00a0\u00a0\u00a0\u00a0\u00a0\u00a0\u00a0\u00a0\u00a0\u00a0\u00a0\u00a0\u00a0\u00a0 John Wesley\u00a0\u00a0\u00a0\u00a0\u00a0\u00a0\u00a0\u00a0\u00a0\u00a0\u00a0\u00a0\u00a0\u00a0\u00a0\u00a0\u00a0\u00a0\u00a0\u00a0\u00a0\u00a0\u00a0\u00a0 L\u00a0\u00a0 T<\/p>\n<p>Laodicea\u00a0\u00a0\u00a0\u00a0\u00a0\u00a0\u00a0\u00a0\u00a0\u00a0\u00a0\u00a0\u00a0\u00a0 William Branham<\/p>\n<p>&nbsp;<\/p>\n<p>Avem: <u>\u015fapte Biserici, \u015fapte stele<\/u> \u015fi <u>\u015fapte Duhuri<\/u>.<\/p>\n<p>Aici lucrurile devin confuze pentru c\u0103 noi \u015ftim c\u0103 Dumnezeu este Unul singur. De asemenea, \u015ftim c\u0103 <u>Dumnezeu este Duh \u015fi de fiecare dat\u0103 c\u00e2nd a lucrat cu oamenii, a f\u0103cut-o prin<\/u> <u>slujba Duhului Sf\u00e2nt<\/u>.<\/p>\n<p>Noi \u015ftim c\u0103 atunci <u>c\u00e2nd Dumnezeu a vorbit cu noi din ceruri era Tat\u0103l<\/u>, <u>c\u00e2nd a venit printre noi a fost Emanuel<\/u>, iar <u>c\u00e2nd Hristos a p\u0103r\u0103sit p\u0103m\u00e2ntul, El a venit \u00een noi ca Duh Sf\u00e2nt<\/u>.<\/p>\n<p>Atunci ce sunt aceste \u015fapte Duhuri?<\/p>\n<p>&nbsp;<\/p>\n<p>&nbsp;<\/p>\n<p>Noi am mai v\u0103zut aceast\u0103 fotografie. Este o bucat\u0103 de sticl\u0103 cu trei fe\u0163e, o prism\u0103. O fant\u0103 de lumin\u0103 trece prin ea \u015fi este uimitor cum este \u00eemp\u0103r\u0163it\u0103 \u00een cele \u015fapte culori ale curcubeului. Este uimitor cum putem lua <u>unul<\/u> care s\u0103 treac\u0103 prin <u>trei<\/u> \u015fi s\u0103 rezulte <u>\u015fapte<\/u>.<\/p>\n<p>Nu este Dumnezeu minunat? El face ca \u015ftiin\u0163a s\u0103 se potriveasc\u0103 cu Cuv\u00e2ntul S\u0103u. Dumnezeu era Creatorul \u015fi totul, oric\u00e2t ar fi de mic, vorbe\u015fte despre El. Toate vorbesc despre Cuv\u00e2ntul S\u0103u \u015fi se leag\u0103 \u00eempreun\u0103 \u00een mod des\u0103v\u00e2r\u015fit.<\/p>\n<p>A\u015fadar, am luat <u>unul<\/u>, l-am trecut prin <u>trei<\/u> \u015fi am ob\u0163inut <u>\u015fapte<\/u>. Dar cele \u015fapte nu sunt \u015fapte p\u0103r\u0163i diferite, ci sunt \u015fapte p\u0103r\u0163i ale acelui unu, sunt \u015fapte p\u0103r\u0163i ale luminii.<\/p>\n<p>Aceast\u0103 bucat\u0103 de sticl\u0103 cu trei fe\u0163e este o singur\u0103 bucat\u0103 de sticl\u0103.<\/p>\n<p>Acum, haide\u0163i s\u0103 privim lucrurile altfel:<\/p>\n<p>&nbsp;<\/p>\n<p>&nbsp;<\/p>\n<p>&nbsp;<\/p>\n<p>S\u0103 ne \u00eenchipuim c\u0103 cineva se uit\u0103 \u00een partea din spate a acestei prisme din sticl\u0103, studiaz\u0103 textele biblice de pe aceast\u0103 parte \u015fi spune: \u201eAceast\u0103 sticl\u0103 este Tat\u0103l\u201d. Dar dup\u0103 col\u0163, el are un prieten care prive\u015fte cealalt\u0103 fa\u0163\u0103 a acelea\u015fi buc\u0103\u0163i de sticl\u0103, o studiaz\u0103 intens, cite\u015fte toate textele asociate acestei buc\u0103\u0163i de sticl\u0103 \u015fi spune\u00a0: \u201eAcesta este Fiul\u201d. Cei doi mai au \u00eens\u0103 un prieten care se afl\u0103 pe a treia fa\u0163\u0103 a prismei \u015fi studiaz\u0103 intens versetele biblice de pe fa\u0163a aceea \u015fi spune: \u201eAceast\u0103 sticl\u0103 este Duhul Sf\u00e2nt.\u201d<\/p>\n<p>Ei vorbesc despre acela\u015fi lucru, dar nu \u015ftiu aceasta, pentru c\u0103 fiecare o studiaz\u0103 dintr-un unghi diferit. Ace\u015fti prieteni se \u00eent\u00e2lnesc, discut\u0103 \u00eempreun\u0103 ceea ce au citit \u015fi spun: \u201eDumnezeu trebuie s\u0103 fie trei!\u201d, dar ei nu se ridic\u0103 \u00eendeajuns de sus pentru a avea o privire de ansamblu a \u00eentregii Scripturi \u015fi s\u0103 spun\u0103: \u201e\u00cemi pare r\u0103u, dar am \u00een\u0163eles gre\u015fit pentru c\u0103 este o singur\u0103 bucat\u0103 de sticl\u0103.\u201d<\/p>\n<p>Ei cred c\u0103 undeva, \u00een spatele peretelui la care se uit\u0103, exist\u0103 ceva care separ\u0103 aceast\u0103 singur\u0103 bucat\u0103 de sticl\u0103 \u00een trei entit\u0103\u0163i individuale care sunt \u00eempreunate cumva \u015fi alc\u0103tuiesc o singur\u0103 pies\u0103. Ei nu realizeaz\u0103 c\u0103 dac\u0103 s-ar da \u00eenapoi \u015fi ar privi \u00een ansamblu, ar privi un singur lucru.<\/p>\n<p>Ei se uit\u0103 la Dumnezeu. Noi \u015ftim c\u0103 Dumnezeu este Unul singur \u015fi c\u0103 El a ales s\u0103 Se manifeste diferit, \u00een diferite chipuri, \u00een diferite timpuri, iar \u00een cadrul acelor manifest\u0103ri, El S-a descoperit sub Nume sau Titluri diferite.<\/p>\n<p>A\u015fadar, dac\u0103 mergem \u00eenapoi la cele \u015fapte Epoci, la cele \u015fapte Duhuri, noi \u015ftim c\u0103 Dumnezeu este Unul, iar c\u00e2nd El Se manifest\u0103 ca Unul, lucreaz\u0103 prin Duhul Sf\u00e2nt. Deci, <u>avem \u015fapte Duhuri, dar profetul ne-a spus c\u0103 ele sunt de fapt o m\u0103sur\u0103 a Duhului Sf\u00e2nt dat\u0103 fiec\u0103rei epoci<\/u>. Este acela\u015fi Duh ca \u00een cazul luminii care trece prin prism\u0103 \u015fi se \u00eemparte \u00een \u015fapte p\u0103r\u0163i, dar fiecare fant\u0103 colorat\u0103 a acesteia face parte din aceea\u015fi lumin\u0103. Nu sunt lumini noi, separate de lumin\u0103, ci este aceea\u015fi lumin\u0103. C\u00e2nd nu este divizat\u0103, vedem o lumin\u0103 alb\u0103, \u00cel vedem pe Dumnezeu, dar c\u00e2nd se divizeaz\u0103, vedem \u015fapte manifest\u0103ri ale acelea\u015fi lumini, ale Aceluia\u015fi Dumnezeu, este acela\u015fi lucru.<\/p>\n<p>Ce avem dac\u0103 punem cele \u015fapte culori \u00eempreun\u0103? \u00cel avem din nou pe Dumnezeu. Este Acela\u015fi Dumnezeu care S-a ar\u0103tat diferit \u00een timpuri diferite \u015fi pentru scopuri diferite. Dar \u00eentotdeauna este El. Cele \u015fapte culori: ro\u015fu, verde, albastru, etc., fac parte din aceea\u015fi Lumin\u0103 alb\u0103. Toate fac parte din acela\u015fi lucru.<\/p>\n<p>Astfel, \u00een fiecare epoc\u0103 a Bisericii, Duhul Sf\u00e2nt a venit jos \u00eentr-o anumit\u0103 m\u0103sur\u0103, iar noi am v\u0103zut c\u0103 sunt <u>\u015fapte coarne<\/u>, <u>\u015fapte lideri<\/u>, <u>\u015fapte ochi<\/u>, acei oameni cu viziune, <u>\u015fapte Duhuri ale lui Dumnezeu<\/u>, care sunt de fapt <u>Acela\u015fi Dumnezeu care d\u0103 \u00eengerului fiec\u0103rei epoci a Bisericii o parte din Duhul S\u0103u cel Sf\u00e2nt, din Cuv\u00e2ntul S\u0103u<\/u>.<\/p>\n<p>C\u00e2nd citim capitolele doi \u015fi trei din Apocalipsa, este important de notat faptul c\u0103 <u>mesajul dat de Hristos pentru fiecare epoc\u0103, nu vorbe\u015fte niciodat\u0103 bisericii, ci trimisului ei<\/u>. Deci, <u>este vorba de \u015fapte mesaje date pentru cei \u015fapte \u00eengeri ai celor \u015fapte epoci ale Bisericii<\/u>.<\/p>\n<p>S\u0103 mergem \u00een fiecare epoc\u0103 \u015fi s\u0103 vedem aceasta:<\/p>\n<p>\u201e<em>\u00cengerului Bisericii din Efes scrie-i\u2026\u201d <\/em><\/p>\n<p>Vede\u0163i, Hristos \u00eei vorbe\u015fte \u00eengerului, nu Bisericii. El nu i-a spus lui Ioan s\u0103 dea acest mesaj Bisericii, ci i-a spus s\u0103-l dea \u00eengerului Bisericii. A\u015fadar, nu scrie: \u201eBisericii din Efes scrie-i\u2026\u201d, pentru c\u0103 Hristos nu-i vorbe\u015fte Bisericii, ci le vorbe\u015fte \u00eengerilor, aggelos, mesagerilor, iar mesagerii sunt cei care duc mesajul la Biseric\u0103, sunt conduc\u0103torii, ap\u0103r\u0103torii, cei cu ochii deschi\u015fi, care pot vedea, v\u0103z\u0103torii, cei care aduc Lumin\u0103 pentru c\u0103 au fost lumina\u0163i.<\/p>\n<p>Ce s-a \u00eent\u00e2mplat c\u00e2nd a citit Martin Luther, Biblia? A g\u0103sit c\u0103 <u>neprih\u0103nirea se prime\u015fte prin credin\u0163\u0103<\/u> \u015fi a spus c\u0103 a fost ca \u015fi cum s-ar fi n\u0103scut din nou. Totul a devenit nou, \u00eentreaga Scriptur\u0103 a devenit nou\u0103; el a primit descoperirea lui Hristos, a avut ochi s\u0103 vad\u0103 Cuv\u00e2ntul pentru ziua sa, pentru c\u0103 Duhul Sf\u00e2nt l-a uns s\u0103 vad\u0103 \u00een timp ce citea Scripturile. Vede\u0163i? Nu \u00een\u0163elepciunea sa l-a ajutat s\u0103 vad\u0103 aceasta. Martin Luther a fost un b\u0103rbat \u00een\u0163elept, dar \u00een vremea aceea au fost mul\u0163i b\u0103rba\u0163i \u00een\u0163elep\u0163i care au citit Scriptura, dar niciunul nu a v\u0103zut aceasta.<\/p>\n<p>Dar Martin Luther a primit descoperirea c\u0103 <u>cei neprih\u0103ni\u0163i sunt m\u00e2ntui\u0163i prin credin\u0163\u0103<\/u>. Aceasta a venit prin ungerea Duhului Sf\u00e2nt, ca m\u0103sur\u0103 a Duhului Sf\u00e2nt, a fost unul din cele \u015fapte Duhuri care l-a uns pe Martin Luther.<\/p>\n<p>Ce s-ar fi \u00eent\u00e2mplat dac\u0103 Martin Luther ar fi stat deoparte \u015fi nu ar fi trimis mesajul S\u0103u? Biserica nu ar fi primit nimic pentru c\u0103 Hristos nu i-a vorbit Bisericii, ci lui Martin Luther. Mesajul, m\u0103sura de Adev\u0103r pentru acel timp a fost pentru Biseric\u0103, dar a trebuit s\u0103 vin\u0103 pe calea r\u00e2nduit\u0103 de Dumnezeu, iar calea Sa a fost prin \u00eenger, prin mesager, prin b\u0103rbatul trimis pentru acea epoc\u0103 a Bisericii.<\/p>\n<p>Trimisul prime\u015fte acea ungere, acea parte a Duhului Sf\u00e2nt, una din cele \u015fapte ungeri duhovnice\u015fti care este dat\u0103 pentru epoca respectiv\u0103, pentru c\u0103 are ochi s\u0103 vad\u0103, apoi iese afar\u0103 \u015fi o spune cu \u00eendr\u0103zneal\u0103 conduc\u00e2nd biserica \u00eentr-o direc\u0163ie nou\u0103. El face aceasta pentru c\u0103 este un \u00eemp\u0103rat, un conduc\u0103tor, un corn, \u015fi vede pentru c\u0103 are ochi \u015fi pentru c\u0103 este o lamp\u0103 de foc care lumineaz\u0103 calea, pentru c\u0103 este o stea, iar rolul stelelor este s\u0103 ofere c\u0103l\u0103uzire Bisericii, pentru c\u0103 el este parte din Hristos, este uns cu unul din cele \u015fapte Duhuri ale lui Dumnezeu, cu partea din Adev\u0103r pentru ziua sa, a\u015fa c\u0103 poate p\u0103\u015fi afar\u0103 cu \u00eendr\u0103zneal\u0103 \u015fi s\u0103 c\u0103l\u0103uzeasc\u0103 Biserica \u00eentr-o direc\u0163ie complet nou\u0103.<\/p>\n<p>Acesta este felul \u00een care \u015ei-a condus Dumnezeu Biserica \u00een ultimii dou\u0103 mii de ani, aceasta este \u00cemp\u0103r\u0103\u0163ia lui Hristos.<\/p>\n<p>A\u015fadar, noi putem vedea c\u0103 fiecare din aceste ungeri trece prin mesagerul Bisericii \u015fi ajunge la Biseric\u0103.<\/p>\n<p>Dar dac\u0103 dorim s\u0103 primim \u015fi noi por\u0163iunea de Adev\u0103r pentru ziua noastr\u0103, unde o putem g\u0103si?<\/p>\n<p>Hristos nu i-a vorbit niciodat\u0103 Bisericii, ceea ce \u00eenseamn\u0103 c\u0103 noi nu putem spune: \u201eDoamne, arat\u0103-mi Adev\u0103rul, pentru c\u0103 vreau s\u0103 mi-L ar\u0103\u0163i Tu \u015fi numai Tu.\u201d<\/p>\n<p>Nu acesta este Planul S\u0103u, nu este metoda Sa de a lucra cu epocile Bisericii. Aceasta este o Carte a profe\u0163iei care vorbe\u015fte despre viitor, despre cele \u015fapte epoci ale Bisericii, \u015fi \u00een ea ni se spune clar c\u0103 metoda Sa de a aduce Cuv\u00e2ntul la oameni este prin \u00eengerii S\u0103i.<\/p>\n<p>Aceasta \u00eenseamn\u0103 c\u0103 dac\u0103 vreau s\u0103 \u015ftiu ce Duh, ce ungere sau ce Cuv\u00e2nt este dat pentru ziua mea, trebuie s\u0103 g\u0103sesc <u>\u00eengerul care are ochi pentru a vedea<\/u>, <u>cornul care conduce Biserica<\/u>, <u>steaua ca ofer\u0103 c\u0103l\u0103uzire<\/u>, <u>lampa care arde \u015fi ofer\u0103 Lumin\u0103<\/u>.<\/p>\n<p>El nu este Duhul lui Dumnezeu, ci Duhul lui Dumnezeu lucreaz\u0103 prin acel om, dar eu trebuie s\u0103 g\u0103sesc acel \u00eenger, iar c\u00e2nd \u00eel voi g\u0103si, voi primi Mesajul pentru ziua mea.<\/p>\n<p>Noi \u015ftim c\u0103 Dumnezeu a f\u0103cut un lucru minunat, deoarece \u00een slujba fratelui Branham, chiar la sf\u00e2r\u015fit, a existat o suprapunere, iar cele \u015fapte Lumini au fost aduse din nou \u00eempreun\u0103, ceea ce \u00eenseamn\u0103 c\u0103 pentru epoca Laodicea nu mai avem doar o bucat\u0103 de Adev\u0103r, ci avem toate por\u0163iunile de Adev\u0103r care au fost date de-a lungul timpului \u015fi care s-au \u00eentors str\u0103lucind din nou ca o Lumin\u0103 alb\u0103 \u00een acest timp din urm\u0103.<\/p>\n<p>A\u015fadar, noi nu vedem \u015fapte, trei sau doi, ci <u>vedem UNUL SINGUR<\/u>. Amin!<\/p>\n<p>&nbsp;<\/p>\n<p>&nbsp;<\/p>\n","protected":false},"excerpt":{"rendered":"<p>Pentru \u00eenceput, a\u015f vrea s\u0103 citim din Matei 13.15-16: &nbsp; \u201eC\u0103ci inima acestui popor s-a \u00eempietrit; au ajuns tari de urechi, \u015fi-au \u00eenchis ochii, ca&hellip;<\/p>\n","protected":false},"author":4,"featured_media":0,"comment_status":"open","ping_status":"open","sticky":false,"template":"","format":"standard","meta":{"footnotes":""},"categories":[7],"tags":[35,15],"class_list":["post-403","post","type-post","status-publish","format-standard","hentry","category-chad-lamb","tag-35","tag-predici-crestine"],"yoast_head":"<!-- This site is optimized with the Yoast SEO Premium plugin v19.4 (Yoast SEO v26.8) - https:\/\/yoast.com\/product\/yoast-seo-premium-wordpress\/ -->\n<title>Cele sapte Duhuri ale lui Dumnezeu - THE FIVEFOLD MINISTRY - SLUJBA INCINCITA<\/title>\n<meta name=\"robots\" content=\"index, follow, max-snippet:-1, max-image-preview:large, max-video-preview:-1\" \/>\n<link rel=\"canonical\" href=\"https:\/\/infomesaj.ro\/index.php\/chad-lamb\/cele-sapte-duhuri-ale-lui-dumnezeu\/\" \/>\n<meta property=\"og:locale\" content=\"ro_RO\" \/>\n<meta property=\"og:type\" content=\"article\" \/>\n<meta property=\"og:title\" content=\"Cele sapte Duhuri ale lui Dumnezeu - THE FIVEFOLD MINISTRY - SLUJBA INCINCITA\" \/>\n<meta property=\"og:description\" content=\"Pentru \u00eenceput, a\u015f vrea s\u0103 citim din Matei 13.15-16: &nbsp; \u201eC\u0103ci inima acestui popor s-a \u00eempietrit; au ajuns tari de urechi, \u015fi-au \u00eenchis ochii, ca&hellip;\" \/>\n<meta property=\"og:url\" content=\"https:\/\/infomesaj.ro\/index.php\/chad-lamb\/cele-sapte-duhuri-ale-lui-dumnezeu\/\" \/>\n<meta property=\"og:site_name\" content=\"THE FIVEFOLD MINISTRY - SLUJBA INCINCITA\" \/>\n<meta property=\"article:published_time\" content=\"2018-03-31T13:51:48+00:00\" \/>\n<meta property=\"article:modified_time\" content=\"2019-09-14T22:00:07+00:00\" \/>\n<meta name=\"author\" content=\"CHAD LAMB\" \/>\n<meta name=\"twitter:card\" content=\"summary_large_image\" \/>\n<meta name=\"twitter:label1\" content=\"Scris de\" \/>\n\t<meta name=\"twitter:data1\" content=\"CHAD LAMB\" \/>\n\t<meta name=\"twitter:label2\" content=\"Timp estimat pentru citire\" \/>\n\t<meta name=\"twitter:data2\" content=\"40 de minute\" \/>\n<script type=\"application\/ld+json\" class=\"yoast-schema-graph\">{\"@context\":\"https:\/\/schema.org\",\"@graph\":[{\"@type\":\"Article\",\"@id\":\"https:\/\/infomesaj.ro\/index.php\/chad-lamb\/cele-sapte-duhuri-ale-lui-dumnezeu\/#article\",\"isPartOf\":{\"@id\":\"https:\/\/infomesaj.ro\/index.php\/chad-lamb\/cele-sapte-duhuri-ale-lui-dumnezeu\/\"},\"author\":{\"name\":\"CHAD LAMB\",\"@id\":\"https:\/\/infomesaj.ro\/#\/schema\/person\/4e144df0ecd0fce6b8f394a14f205fec\"},\"headline\":\"Cele sapte Duhuri ale lui Dumnezeu\",\"datePublished\":\"2018-03-31T13:51:48+00:00\",\"dateModified\":\"2019-09-14T22:00:07+00:00\",\"mainEntityOfPage\":{\"@id\":\"https:\/\/infomesaj.ro\/index.php\/chad-lamb\/cele-sapte-duhuri-ale-lui-dumnezeu\/\"},\"wordCount\":7984,\"commentCount\":0,\"publisher\":{\"@id\":\"https:\/\/infomesaj.ro\/#organization\"},\"keywords\":[\"2018\",\"predici cre\u0219tine\"],\"articleSection\":[\"CHAD LAMB\"],\"inLanguage\":\"ro-RO\",\"potentialAction\":[{\"@type\":\"CommentAction\",\"name\":\"Comment\",\"target\":[\"https:\/\/infomesaj.ro\/index.php\/chad-lamb\/cele-sapte-duhuri-ale-lui-dumnezeu\/#respond\"]}]},{\"@type\":\"WebPage\",\"@id\":\"https:\/\/infomesaj.ro\/index.php\/chad-lamb\/cele-sapte-duhuri-ale-lui-dumnezeu\/\",\"url\":\"https:\/\/infomesaj.ro\/index.php\/chad-lamb\/cele-sapte-duhuri-ale-lui-dumnezeu\/\",\"name\":\"Cele sapte Duhuri ale lui Dumnezeu - THE FIVEFOLD MINISTRY - SLUJBA INCINCITA\",\"isPartOf\":{\"@id\":\"https:\/\/infomesaj.ro\/#website\"},\"datePublished\":\"2018-03-31T13:51:48+00:00\",\"dateModified\":\"2019-09-14T22:00:07+00:00\",\"breadcrumb\":{\"@id\":\"https:\/\/infomesaj.ro\/index.php\/chad-lamb\/cele-sapte-duhuri-ale-lui-dumnezeu\/#breadcrumb\"},\"inLanguage\":\"ro-RO\",\"potentialAction\":[{\"@type\":\"ReadAction\",\"target\":[\"https:\/\/infomesaj.ro\/index.php\/chad-lamb\/cele-sapte-duhuri-ale-lui-dumnezeu\/\"]}]},{\"@type\":\"BreadcrumbList\",\"@id\":\"https:\/\/infomesaj.ro\/index.php\/chad-lamb\/cele-sapte-duhuri-ale-lui-dumnezeu\/#breadcrumb\",\"itemListElement\":[{\"@type\":\"ListItem\",\"position\":1,\"name\":\"Prima pagin\u0103\",\"item\":\"https:\/\/infomesaj.ro\/\"},{\"@type\":\"ListItem\",\"position\":2,\"name\":\"Cele sapte Duhuri ale lui Dumnezeu\"}]},{\"@type\":\"WebSite\",\"@id\":\"https:\/\/infomesaj.ro\/#website\",\"url\":\"https:\/\/infomesaj.ro\/\",\"name\":\"THE FIVEFOLD MINISTRY - SLUJBA INCINCITA\",\"description\":\"Si El a dat pe unii Apostoli; pe altii, Proroci; pe altii, Evanghelisti; pe altii, Pastori si Invatatori, pentru Desavarsirea Sfintilor, in vederea lucrarii de Slujire, pentru zidirea Trupului Lui Hristos, pana vom ajunge toti la unirea Credintei si a Cunostintei Fiului Lui Dumnezeu; la starea de Om Mare, la inaltimea Staturii Plinatatii Lui Hristos\",\"publisher\":{\"@id\":\"https:\/\/infomesaj.ro\/#organization\"},\"potentialAction\":[{\"@type\":\"SearchAction\",\"target\":{\"@type\":\"EntryPoint\",\"urlTemplate\":\"https:\/\/infomesaj.ro\/?s={search_term_string}\"},\"query-input\":{\"@type\":\"PropertyValueSpecification\",\"valueRequired\":true,\"valueName\":\"search_term_string\"}}],\"inLanguage\":\"ro-RO\"},{\"@type\":\"Organization\",\"@id\":\"https:\/\/infomesaj.ro\/#organization\",\"name\":\"SLUJBA INCINCITA - THE FIVEFOLD MINISTRY\",\"url\":\"https:\/\/infomesaj.ro\/\",\"logo\":{\"@type\":\"ImageObject\",\"inLanguage\":\"ro-RO\",\"@id\":\"https:\/\/infomesaj.ro\/#\/schema\/logo\/image\/\",\"url\":\"https:\/\/infomesaj.ro\/wp-content\/uploads\/2022\/11\/grau-camp.jpg\",\"contentUrl\":\"https:\/\/infomesaj.ro\/wp-content\/uploads\/2022\/11\/grau-camp.jpg\",\"width\":740,\"height\":444,\"caption\":\"SLUJBA INCINCITA - THE FIVEFOLD MINISTRY\"},\"image\":{\"@id\":\"https:\/\/infomesaj.ro\/#\/schema\/logo\/image\/\"}},{\"@type\":\"Person\",\"@id\":\"https:\/\/infomesaj.ro\/#\/schema\/person\/4e144df0ecd0fce6b8f394a14f205fec\",\"name\":\"CHAD LAMB\",\"image\":{\"@type\":\"ImageObject\",\"inLanguage\":\"ro-RO\",\"@id\":\"https:\/\/infomesaj.ro\/#\/schema\/person\/image\/\",\"url\":\"https:\/\/secure.gravatar.com\/avatar\/754511dcf2e00fe4f807189a38e2576c?s=96&d=mm&r=g\",\"contentUrl\":\"https:\/\/secure.gravatar.com\/avatar\/754511dcf2e00fe4f807189a38e2576c?s=96&d=mm&r=g\",\"caption\":\"CHAD LAMB\"},\"url\":\"https:\/\/infomesaj.ro\/index.php\/author\/chad-lamb\/\"}]}<\/script>\n<!-- \/ Yoast SEO Premium plugin. -->","yoast_head_json":{"title":"Cele sapte Duhuri ale lui Dumnezeu - THE FIVEFOLD MINISTRY - SLUJBA INCINCITA","robots":{"index":"index","follow":"follow","max-snippet":"max-snippet:-1","max-image-preview":"max-image-preview:large","max-video-preview":"max-video-preview:-1"},"canonical":"https:\/\/infomesaj.ro\/index.php\/chad-lamb\/cele-sapte-duhuri-ale-lui-dumnezeu\/","og_locale":"ro_RO","og_type":"article","og_title":"Cele sapte Duhuri ale lui Dumnezeu - THE FIVEFOLD MINISTRY - SLUJBA INCINCITA","og_description":"Pentru \u00eenceput, a\u015f vrea s\u0103 citim din Matei 13.15-16: &nbsp; \u201eC\u0103ci inima acestui popor s-a \u00eempietrit; au ajuns tari de urechi, \u015fi-au \u00eenchis ochii, ca&hellip;","og_url":"https:\/\/infomesaj.ro\/index.php\/chad-lamb\/cele-sapte-duhuri-ale-lui-dumnezeu\/","og_site_name":"THE FIVEFOLD MINISTRY - SLUJBA INCINCITA","article_published_time":"2018-03-31T13:51:48+00:00","article_modified_time":"2019-09-14T22:00:07+00:00","author":"CHAD LAMB","twitter_card":"summary_large_image","twitter_misc":{"Scris de":"CHAD LAMB","Timp estimat pentru citire":"40 de minute"},"schema":{"@context":"https:\/\/schema.org","@graph":[{"@type":"Article","@id":"https:\/\/infomesaj.ro\/index.php\/chad-lamb\/cele-sapte-duhuri-ale-lui-dumnezeu\/#article","isPartOf":{"@id":"https:\/\/infomesaj.ro\/index.php\/chad-lamb\/cele-sapte-duhuri-ale-lui-dumnezeu\/"},"author":{"name":"CHAD LAMB","@id":"https:\/\/infomesaj.ro\/#\/schema\/person\/4e144df0ecd0fce6b8f394a14f205fec"},"headline":"Cele sapte Duhuri ale lui Dumnezeu","datePublished":"2018-03-31T13:51:48+00:00","dateModified":"2019-09-14T22:00:07+00:00","mainEntityOfPage":{"@id":"https:\/\/infomesaj.ro\/index.php\/chad-lamb\/cele-sapte-duhuri-ale-lui-dumnezeu\/"},"wordCount":7984,"commentCount":0,"publisher":{"@id":"https:\/\/infomesaj.ro\/#organization"},"keywords":["2018","predici cre\u0219tine"],"articleSection":["CHAD LAMB"],"inLanguage":"ro-RO","potentialAction":[{"@type":"CommentAction","name":"Comment","target":["https:\/\/infomesaj.ro\/index.php\/chad-lamb\/cele-sapte-duhuri-ale-lui-dumnezeu\/#respond"]}]},{"@type":"WebPage","@id":"https:\/\/infomesaj.ro\/index.php\/chad-lamb\/cele-sapte-duhuri-ale-lui-dumnezeu\/","url":"https:\/\/infomesaj.ro\/index.php\/chad-lamb\/cele-sapte-duhuri-ale-lui-dumnezeu\/","name":"Cele sapte Duhuri ale lui Dumnezeu - THE FIVEFOLD MINISTRY - SLUJBA INCINCITA","isPartOf":{"@id":"https:\/\/infomesaj.ro\/#website"},"datePublished":"2018-03-31T13:51:48+00:00","dateModified":"2019-09-14T22:00:07+00:00","breadcrumb":{"@id":"https:\/\/infomesaj.ro\/index.php\/chad-lamb\/cele-sapte-duhuri-ale-lui-dumnezeu\/#breadcrumb"},"inLanguage":"ro-RO","potentialAction":[{"@type":"ReadAction","target":["https:\/\/infomesaj.ro\/index.php\/chad-lamb\/cele-sapte-duhuri-ale-lui-dumnezeu\/"]}]},{"@type":"BreadcrumbList","@id":"https:\/\/infomesaj.ro\/index.php\/chad-lamb\/cele-sapte-duhuri-ale-lui-dumnezeu\/#breadcrumb","itemListElement":[{"@type":"ListItem","position":1,"name":"Prima pagin\u0103","item":"https:\/\/infomesaj.ro\/"},{"@type":"ListItem","position":2,"name":"Cele sapte Duhuri ale lui Dumnezeu"}]},{"@type":"WebSite","@id":"https:\/\/infomesaj.ro\/#website","url":"https:\/\/infomesaj.ro\/","name":"THE FIVEFOLD MINISTRY - SLUJBA INCINCITA","description":"Si El a dat pe unii Apostoli; pe altii, Proroci; pe altii, Evanghelisti; pe altii, Pastori si Invatatori, pentru Desavarsirea Sfintilor, in vederea lucrarii de Slujire, pentru zidirea Trupului Lui Hristos, pana vom ajunge toti la unirea Credintei si a Cunostintei Fiului Lui Dumnezeu; la starea de Om Mare, la inaltimea Staturii Plinatatii Lui Hristos","publisher":{"@id":"https:\/\/infomesaj.ro\/#organization"},"potentialAction":[{"@type":"SearchAction","target":{"@type":"EntryPoint","urlTemplate":"https:\/\/infomesaj.ro\/?s={search_term_string}"},"query-input":{"@type":"PropertyValueSpecification","valueRequired":true,"valueName":"search_term_string"}}],"inLanguage":"ro-RO"},{"@type":"Organization","@id":"https:\/\/infomesaj.ro\/#organization","name":"SLUJBA INCINCITA - THE FIVEFOLD MINISTRY","url":"https:\/\/infomesaj.ro\/","logo":{"@type":"ImageObject","inLanguage":"ro-RO","@id":"https:\/\/infomesaj.ro\/#\/schema\/logo\/image\/","url":"https:\/\/infomesaj.ro\/wp-content\/uploads\/2022\/11\/grau-camp.jpg","contentUrl":"https:\/\/infomesaj.ro\/wp-content\/uploads\/2022\/11\/grau-camp.jpg","width":740,"height":444,"caption":"SLUJBA INCINCITA - THE FIVEFOLD MINISTRY"},"image":{"@id":"https:\/\/infomesaj.ro\/#\/schema\/logo\/image\/"}},{"@type":"Person","@id":"https:\/\/infomesaj.ro\/#\/schema\/person\/4e144df0ecd0fce6b8f394a14f205fec","name":"CHAD LAMB","image":{"@type":"ImageObject","inLanguage":"ro-RO","@id":"https:\/\/infomesaj.ro\/#\/schema\/person\/image\/","url":"https:\/\/secure.gravatar.com\/avatar\/754511dcf2e00fe4f807189a38e2576c?s=96&d=mm&r=g","contentUrl":"https:\/\/secure.gravatar.com\/avatar\/754511dcf2e00fe4f807189a38e2576c?s=96&d=mm&r=g","caption":"CHAD LAMB"},"url":"https:\/\/infomesaj.ro\/index.php\/author\/chad-lamb\/"}]}},"_links":{"self":[{"href":"https:\/\/infomesaj.ro\/index.php\/wp-json\/wp\/v2\/posts\/403","targetHints":{"allow":["GET"]}}],"collection":[{"href":"https:\/\/infomesaj.ro\/index.php\/wp-json\/wp\/v2\/posts"}],"about":[{"href":"https:\/\/infomesaj.ro\/index.php\/wp-json\/wp\/v2\/types\/post"}],"author":[{"embeddable":true,"href":"https:\/\/infomesaj.ro\/index.php\/wp-json\/wp\/v2\/users\/4"}],"replies":[{"embeddable":true,"href":"https:\/\/infomesaj.ro\/index.php\/wp-json\/wp\/v2\/comments?post=403"}],"version-history":[{"count":1,"href":"https:\/\/infomesaj.ro\/index.php\/wp-json\/wp\/v2\/posts\/403\/revisions"}],"predecessor-version":[{"id":1542,"href":"https:\/\/infomesaj.ro\/index.php\/wp-json\/wp\/v2\/posts\/403\/revisions\/1542"}],"wp:attachment":[{"href":"https:\/\/infomesaj.ro\/index.php\/wp-json\/wp\/v2\/media?parent=403"}],"wp:term":[{"taxonomy":"category","embeddable":true,"href":"https:\/\/infomesaj.ro\/index.php\/wp-json\/wp\/v2\/categories?post=403"},{"taxonomy":"post_tag","embeddable":true,"href":"https:\/\/infomesaj.ro\/index.php\/wp-json\/wp\/v2\/tags?post=403"}],"curies":[{"name":"wp","href":"https:\/\/api.w.org\/{rel}","templated":true}]}}